{"id":7133,"date":"2025-11-30T13:51:00","date_gmt":"2025-11-30T10:51:00","guid":{"rendered":"https:\/\/www.trabzonmanset.com\/?p=7133"},"modified":"2025-11-30T20:54:49","modified_gmt":"2025-11-30T17:54:49","slug":"sampiyon-teknik-direktor-abdullah-avci-super-lige-geri-donuyor","status":"publish","type":"post","link":"https:\/\/www.trabzonmanset.com\/index.php\/2025\/11\/30\/sampiyon-teknik-direktor-abdullah-avci-super-lige-geri-donuyor\/","title":{"rendered":"\u015eampiyon teknik direkt\u00f6r Abdullah Avc\u0131, S\u00fcper Lig&#8217;e geri d\u00f6n\u00fcyor"},"content":{"rendered":"\n<p>S\u00fcper Lig&#8217;de Trabzonspor ile \u015fampiyonluk sevinci ya\u015fayan deneyimli teknik direkt\u00f6r Abdullah Avc\u0131, \u0130lhan Palut&#8217;un g\u00f6revden ayr\u0131lmas\u0131n\u0131n ard\u0131ndan \u00c7aykur Rizespor ile an\u0131lmaya ba\u015fland\u0131.<\/p>\n\n\n\n<p>Son olarak Trabzonspor&#8217;u \u00e7al\u0131\u015ft\u0131ran 62 ya\u015f\u0131ndaki Abdullah Avc\u0131, 15 ay aradan sonra S\u00fcper Lig&#8217;e geri d\u00f6n\u00fcyor.<br><br>\u0130lhan Palut, \u00c7aykur Rizespor&#8217;un d\u00fcn Kayserispor&#8217;a 1-0 yenildi\u011fi ma\u00e7\u0131n ard\u0131ndan g\u00f6revinden istifa etti.<br><br>Bunun \u00fczerine teknik direkt\u00f6r i\u00e7in aray\u0131\u015flara ba\u015flayan Rizespor&#8217;da g\u00fcndeme Abdullah Avc\u0131 ismi geldi.<\/p>\n\n\n\n<figure class=\"wp-block-image size-full\"><img loading=\"lazy\" decoding=\"async\" width=\"680\" height=\"680\" src=\"https:\/\/www.trabzonmanset.com\/wp-content\/uploads\/2025\/11\/jXB1Q_1764494432_1181.webp?wsr\" alt=\"\" class=\"wp-image-7134\" srcset=\"https:\/\/www.trabzonmanset.com\/wp-content\/uploads\/2025\/11\/jXB1Q_1764494432_1181.webp 680w, https:\/\/www.trabzonmanset.com\/wp-content\/uploads\/2025\/11\/jXB1Q_1764494432_1181-300x300.webp 300w, https:\/\/www.trabzonmanset.com\/wp-content\/uploads\/2025\/11\/jXB1Q_1764494432_1181-150x150.webp 150w\" sizes=\"auto, (max-width: 680px) 100vw, 680px\" \/><\/figure>\n\n\n\n<p><strong>TARAFLAR ANLA\u015eMA SA\u011eLADI<\/strong><br><br><em><strong>Sabah&#8217;\u0131n haberine g\u00f6re,<\/strong><\/em> Rizespor, g\u00f6revinden ayr\u0131lan \u0130lhan Palut yerine Abdullah Avc\u0131 ile anla\u015fma sa\u011flad\u0131.<br><br>Trabzonspor&#8217;da ikinci d\u00f6nemindeki g\u00f6revinden A\u011fustos 2024&#8217;te ayr\u0131lan Abdullah Avc\u0131, daha sonra bir\u00e7ok teklif almas\u0131na ra\u011fmen tak\u0131m \u00e7al\u0131\u015ft\u0131rmam\u0131\u015ft\u0131.<\/p>\n\n\n\n<p><\/p>\n","protected":false},"excerpt":{"rendered":"<p>S\u00fcper Lig&#8217;de Trabzonspor ile \u015fampiyonluk sevinci ya\u015fayan deneyimli teknik direkt\u00f6r Abdullah Avc\u0131, \u0130lhan Palut&#8217;un g\u00f6revden ayr\u0131lmas\u0131n\u0131n ard\u0131ndan \u00c7aykur Rizespor ile an\u0131lmaya ba\u015fland\u0131. Son olarak Trabzonspor&#8217;u \u00e7al\u0131\u015ft\u0131ran 62 ya\u015f\u0131ndaki Abdullah Avc\u0131, 15 ay aradan sonra S\u00fcper Lig&#8217;e geri d\u00f6n\u00fcyor. \u0130lhan Palut, \u00c7aykur Rizespor&#8217;un d\u00fcn Kayserispor&#8217;a 1-0 yenildi\u011fi ma\u00e7\u0131n ard\u0131ndan g\u00f6revinden istifa etti. Bunun \u00fczerine teknik direkt\u00f6r [&hellip;]<\/p>\n","protected":false},"author":1,"featured_media":7135,"comment_status":"open","ping_status":"open","sticky":false,"template":"","format":"standard","meta":{"footnotes":""},"categories":[14],"tags":[2585,1280,1922,448],"class_list":["post-7133","post","type-post","status-publish","format-standard","has-post-thumbnail","hentry","category-spor","tag-abdullah-avci","tag-caykur-rizespor","tag-rizespor","tag-trabzonspor"],"_links":{"self":[{"href":"https:\/\/www.trabzonmanset.com\/index.php\/wp-json\/wp\/v2\/posts\/7133","targetHints":{"allow":["GET"]}}],"collection":[{"href":"https:\/\/www.trabzonmanset.com\/index.php\/wp-json\/wp\/v2\/posts"}],"about":[{"href":"https:\/\/www.trabzonmanset.com\/index.php\/wp-json\/wp\/v2\/types\/post"}],"author":[{"embeddable":true,"href":"https:\/\/www.trabzonmanset.com\/index.php\/wp-json\/wp\/v2\/users\/1"}],"replies":[{"embeddable":true,"href":"https:\/\/www.trabzonmanset.com\/index.php\/wp-json\/wp\/v2\/comments?post=7133"}],"version-history":[{"count":1,"href":"https:\/\/www.trabzonmanset.com\/index.php\/wp-json\/wp\/v2\/posts\/7133\/revisions"}],"predecessor-version":[{"id":7136,"href":"https:\/\/www.trabzonmanset.com\/index.php\/wp-json\/wp\/v2\/posts\/7133\/revisions\/7136"}],"wp:featuredmedia":[{"embeddable":true,"href":"https:\/\/www.trabzonmanset.com\/index.php\/wp-json\/wp\/v2\/media\/7135"}],"wp:attachment":[{"href":"https:\/\/www.trabzonmanset.com\/index.php\/wp-json\/wp\/v2\/media?parent=7133"}],"wp:term":[{"taxonomy":"category","embeddable":true,"href":"https:\/\/www.trabzonmanset.com\/index.php\/wp-json\/wp\/v2\/categories?post=7133"},{"taxonomy":"post_tag","embeddable":true,"href":"https:\/\/www.trabzonmanset.com\/index.php\/wp-json\/wp\/v2\/tags?post=7133"}],"curies":[{"name":"wp","href":"https:\/\/api.w.org\/{rel}","templated":true}]}}