{"id":7107,"date":"2025-11-29T22:48:37","date_gmt":"2025-11-29T19:48:37","guid":{"rendered":"https:\/\/www.trabzonmanset.com\/?p=7107"},"modified":"2025-11-29T22:48:37","modified_gmt":"2025-11-29T19:48:37","slug":"cumhurbaskani-erdogan-ilim-yayma-odulleri-toreninde-konustu","status":"publish","type":"post","link":"https:\/\/www.trabzonmanset.com\/index.php\/2025\/11\/29\/cumhurbaskani-erdogan-ilim-yayma-odulleri-toreninde-konustu\/","title":{"rendered":"Cumhurba\u015fkan\u0131 Erdo\u011fan \u0130lim Yayma \u00d6d\u00fclleri T\u00f6reni\u2019nde konu\u015ftu"},"content":{"rendered":"\n<p>Bu y\u0131l 4\u2019\u00fcnc\u00fcs\u00fc d\u00fczenlenen \u0130lim Yayma \u00d6d\u00fclleri T\u00fcrkiye\u2019nin Akademi \u00d6d\u00fclleri T\u00f6reni\u2019nde konu\u015fan Cumhurba\u015fkan\u0131 Erdo\u011fan, \u201cTemelleri 2017\u2019de at\u0131lan, 2019\u2019da d\u00fczenlenen ve bu sene 4\u2019\u00fcnc\u00fcs\u00fc tertiplenen T\u00fcrkiye\u2019nin akademi \u00f6d\u00fclleri \u0130lim Yayma M\u00fckafatlar\u0131 vesilesiyle bug\u00fcn sizlerle bir araday\u0131z. \u00d6ncelikle \u0130stanbul\u2019un yan\u0131 s\u0131ra farkl\u0131 \u015fehirlerimizden ve yurt d\u0131\u015f\u0131ndan program\u0131m\u0131z\u0131 te\u015frif eden t\u00fcm misafirlerimize ho\u015f geldiniz diyorum. Bir ilim meclisi olarak g\u00f6rd\u00fc\u011f\u00fcm bu \u00f6nemli merasimde eme\u011fi ge\u00e7en her bir karde\u015fime can\u0131g\u00f6n\u00fclden te\u015fekk\u00fcr ediyorum. Sizlerin \u015fahs\u0131nda gerek \u00fclkemizde gerekse d\u00fcnyan\u0131n farkl\u0131 yerlerinde akademik faaliyetler icra eden, eme\u011fini, gayret, cehdini, al\u0131n ve fikir terini ilmi \u00e7al\u0131\u015fmalara teksif eden t\u00fcm hocalar\u0131m\u0131za selamlar\u0131m\u0131, sayg\u0131lar\u0131m\u0131, muhabbetlerimi g\u00f6nderiyorum&#8221; dedi.<a href=\"javascript:;\"><\/a><a href=\"javascript:;\"><\/a><\/p>\n\n\n\n<p>Cumhurba\u015fkan\u0131 Erdo\u011fan, \u201cBiraz \u00f6nce \u00fc\u00e7 farkl\u0131 kategoride \u00f6d\u00fcllerini takdim etti\u011fimiz bilim insanlar\u0131m\u0131z\u0131 g\u00f6n\u00fclden tebrik ediyor, her birine Rabb\u2019imden daha nice muvaffakiyetler niyaz ediyorum. Tabii, b\u00fcy\u00fck \u00f6d\u00fcl sahibi hocam\u0131za &#8216;Daha \u00f6nce de sizi tan\u0131yordum&#8217; dedim. Dedi ki: &#8216;Bu d\u00f6rd\u00fcnc\u00fc \u00f6d\u00fcl al\u0131\u015f\u0131m.&#8217; Ve bu b\u00fcy\u00fck \u00f6d\u00fcl sahibi olan hocam\u0131z ayn\u0131 zamanda vak\u0131f taraf\u0131ndan tabii 5 milyon \u00f6d\u00fclle taltif edildi. Di\u011fer hocalar\u0131m\u0131z da 2\u2019\u015fer milyon \u00f6d\u00fclle onlar da onurland\u0131r\u0131ld\u0131. Bunlar da bizim i\u00e7in ayr\u0131 bir gurur vesilesi. Ve hem yeni hem nitelikli eserleriyle bir yandan bilim m\u00fcktesebat\u0131m\u0131za katk\u0131lar yapan, di\u011fer yandan gelecekteki \u00e7al\u0131\u015fmalar\u0131n \u00f6n\u00fcn\u00fc a\u00e7an ilim erbab\u0131m\u0131za \u015fahs\u0131m ve milletim ad\u0131na \u015f\u00fckranlar\u0131m\u0131 sunuyorum. Cenab-\u0131 Mevla siz bu emeklerinizi hayra vesile k\u0131ls\u0131n; el-Alim ismi \u015ferifiyle \u00e7al\u0131\u015fmalar\u0131n\u0131za in\u015fallah bereket ihsan eylesin&#8221; diye konu\u015ftu.<\/p>\n\n\n\n<p><strong>\u2018N\u0130\u00c7\u0130N B\u0130Z\u0130M DE B\u0130R NOBEL\u0130M\u0130Z OLMASIN?\u2019<\/strong><\/p>\n\n\n\n<p>Cumhurba\u015fkan\u0131 Erdo\u011fan, \u201cBa\u015fvurular\u0131 \u00e7ok titiz bir \u015fekilde de\u011ferlendiren sekreteryam\u0131za, ilim ve onur kurulu \u00fcyelerimize, teknik uzmanlar\u0131m\u0131za, bilimsel hakemlerimize ve vakf\u0131m\u0131z\u0131n temelli heyetine ayn\u0131 \u015fekilde te\u015fekk\u00fcrlerimi iletiyorum. \u015eunun alt\u0131n\u0131 \u00f6zellikle \u00e7izmek durumunday\u0131m. \u0130lim Yayma \u00d6d\u00fclleri\u2019ne y\u00f6nelik tevecc\u00fch her programda ma\u015fallah katlanarak art\u0131yor. Bu sene \u00fc\u00e7 ayr\u0131 dalda, 174\u2019\u00fc \u00fcniversiteler olmak \u00fczere 188 kurumdan toplam bin 324 ba\u015fvuruyla yeni bir rekor daha k\u0131r\u0131ld\u0131. \u0130lim Yayma \u00d6d\u00fclleri\u2019nin \u00f6n\u00fcm\u00fczdeki y\u0131ldan itibaren uluslararas\u0131 bir h\u00fcviyet kazanaca\u011f\u0131n\u0131, bu ilim halkas\u0131n\u0131n s\u0131n\u0131rlar\u0131m\u0131z\u0131 a\u015f\u0131p d\u00fcnyan\u0131n d\u00f6rt bir yan\u0131na ula\u015faca\u011f\u0131n\u0131 da b\u00fcy\u00fck bir memnuniyetle \u00f6\u011frendim. Ni\u00e7in bizim de bir Nobel\u2019imiz olmas\u0131n?&#8221; ifadelerini kulland\u0131.<\/p>\n\n\n\n<figure class=\"wp-block-image size-full\"><img loading=\"lazy\" decoding=\"async\" width=\"770\" height=\"483\" src=\"https:\/\/www.trabzonmanset.com\/wp-content\/uploads\/2025\/11\/692b3fffe011bf64184f99ad.webp?wsr\" alt=\"\" class=\"wp-image-7109\" srcset=\"https:\/\/www.trabzonmanset.com\/wp-content\/uploads\/2025\/11\/692b3fffe011bf64184f99ad.webp 770w, https:\/\/www.trabzonmanset.com\/wp-content\/uploads\/2025\/11\/692b3fffe011bf64184f99ad-300x188.webp 300w, https:\/\/www.trabzonmanset.com\/wp-content\/uploads\/2025\/11\/692b3fffe011bf64184f99ad-768x482.webp 768w\" sizes=\"auto, (max-width: 770px) 100vw, 770px\" \/><\/figure>\n\n\n\n<figure class=\"wp-block-image size-full\"><img loading=\"lazy\" decoding=\"async\" width=\"770\" height=\"532\" src=\"https:\/\/www.trabzonmanset.com\/wp-content\/uploads\/2025\/11\/692b3fffe011bf64184f99ab.webp?wsr\" alt=\"\" class=\"wp-image-7110\" srcset=\"https:\/\/www.trabzonmanset.com\/wp-content\/uploads\/2025\/11\/692b3fffe011bf64184f99ab.webp 770w, https:\/\/www.trabzonmanset.com\/wp-content\/uploads\/2025\/11\/692b3fffe011bf64184f99ab-300x207.webp 300w, https:\/\/www.trabzonmanset.com\/wp-content\/uploads\/2025\/11\/692b3fffe011bf64184f99ab-768x531.webp 768w\" sizes=\"auto, (max-width: 770px) 100vw, 770px\" \/><\/figure>\n\n\n\n<figure class=\"wp-block-image size-full\"><img loading=\"lazy\" decoding=\"async\" width=\"770\" height=\"509\" src=\"https:\/\/www.trabzonmanset.com\/wp-content\/uploads\/2025\/11\/692b3ffee011bf64184f99a6.webp?wsr\" alt=\"\" class=\"wp-image-7111\" srcset=\"https:\/\/www.trabzonmanset.com\/wp-content\/uploads\/2025\/11\/692b3ffee011bf64184f99a6.webp 770w, https:\/\/www.trabzonmanset.com\/wp-content\/uploads\/2025\/11\/692b3ffee011bf64184f99a6-300x198.webp 300w, https:\/\/www.trabzonmanset.com\/wp-content\/uploads\/2025\/11\/692b3ffee011bf64184f99a6-768x508.webp 768w\" sizes=\"auto, (max-width: 770px) 100vw, 770px\" \/><\/figure>\n\n\n\n<figure class=\"wp-block-image size-full\"><img loading=\"lazy\" decoding=\"async\" width=\"770\" height=\"535\" src=\"https:\/\/www.trabzonmanset.com\/wp-content\/uploads\/2025\/11\/692b3ffee011bf64184f99a2.webp?wsr\" alt=\"\" class=\"wp-image-7112\" srcset=\"https:\/\/www.trabzonmanset.com\/wp-content\/uploads\/2025\/11\/692b3ffee011bf64184f99a2.webp 770w, https:\/\/www.trabzonmanset.com\/wp-content\/uploads\/2025\/11\/692b3ffee011bf64184f99a2-300x208.webp 300w, https:\/\/www.trabzonmanset.com\/wp-content\/uploads\/2025\/11\/692b3ffee011bf64184f99a2-768x534.webp 768w\" sizes=\"auto, (max-width: 770px) 100vw, 770px\" \/><\/figure>\n\n\n\n<figure class=\"wp-block-image size-full\"><img loading=\"lazy\" decoding=\"async\" width=\"770\" height=\"521\" src=\"https:\/\/www.trabzonmanset.com\/wp-content\/uploads\/2025\/11\/692b3ffee011bf64184f99a5.webp?wsr\" alt=\"\" class=\"wp-image-7113\" srcset=\"https:\/\/www.trabzonmanset.com\/wp-content\/uploads\/2025\/11\/692b3ffee011bf64184f99a5.webp 770w, https:\/\/www.trabzonmanset.com\/wp-content\/uploads\/2025\/11\/692b3ffee011bf64184f99a5-300x203.webp 300w, https:\/\/www.trabzonmanset.com\/wp-content\/uploads\/2025\/11\/692b3ffee011bf64184f99a5-768x520.webp 768w\" sizes=\"auto, (max-width: 770px) 100vw, 770px\" \/><\/figure>\n\n\n\n<figure class=\"wp-block-image size-full\"><img loading=\"lazy\" decoding=\"async\" width=\"770\" height=\"591\" src=\"https:\/\/www.trabzonmanset.com\/wp-content\/uploads\/2025\/11\/692b3ffee011bf64184f99a1.webp?wsr\" alt=\"\" class=\"wp-image-7114\" srcset=\"https:\/\/www.trabzonmanset.com\/wp-content\/uploads\/2025\/11\/692b3ffee011bf64184f99a1.webp 770w, https:\/\/www.trabzonmanset.com\/wp-content\/uploads\/2025\/11\/692b3ffee011bf64184f99a1-300x230.webp 300w, https:\/\/www.trabzonmanset.com\/wp-content\/uploads\/2025\/11\/692b3ffee011bf64184f99a1-768x589.webp 768w\" sizes=\"auto, (max-width: 770px) 100vw, 770px\" \/><\/figure>\n\n\n\n<figure class=\"wp-block-image size-full\"><img loading=\"lazy\" decoding=\"async\" width=\"770\" height=\"596\" src=\"https:\/\/www.trabzonmanset.com\/wp-content\/uploads\/2025\/11\/692b3ffee011bf64184f999f.webp?wsr\" alt=\"\" class=\"wp-image-7115\" srcset=\"https:\/\/www.trabzonmanset.com\/wp-content\/uploads\/2025\/11\/692b3ffee011bf64184f999f.webp 770w, https:\/\/www.trabzonmanset.com\/wp-content\/uploads\/2025\/11\/692b3ffee011bf64184f999f-300x232.webp 300w, https:\/\/www.trabzonmanset.com\/wp-content\/uploads\/2025\/11\/692b3ffee011bf64184f999f-768x594.webp 768w\" sizes=\"auto, (max-width: 770px) 100vw, 770px\" \/><\/figure>\n\n\n\n<p><\/p>\n","protected":false},"excerpt":{"rendered":"<p>Bu y\u0131l 4\u2019\u00fcnc\u00fcs\u00fc d\u00fczenlenen \u0130lim Yayma \u00d6d\u00fclleri T\u00fcrkiye\u2019nin Akademi \u00d6d\u00fclleri T\u00f6reni\u2019nde konu\u015fan Cumhurba\u015fkan\u0131 Erdo\u011fan, \u201cTemelleri 2017\u2019de at\u0131lan, 2019\u2019da d\u00fczenlenen ve bu sene 4\u2019\u00fcnc\u00fcs\u00fc tertiplenen T\u00fcrkiye\u2019nin akademi \u00f6d\u00fclleri \u0130lim Yayma M\u00fckafatlar\u0131 vesilesiyle bug\u00fcn sizlerle bir araday\u0131z. \u00d6ncelikle \u0130stanbul\u2019un yan\u0131 s\u0131ra farkl\u0131 \u015fehirlerimizden ve yurt d\u0131\u015f\u0131ndan program\u0131m\u0131z\u0131 te\u015frif eden t\u00fcm misafirlerimize ho\u015f geldiniz diyorum. Bir ilim meclisi [&hellip;]<\/p>\n","protected":false},"author":1,"featured_media":7116,"comment_status":"open","ping_status":"open","sticky":false,"template":"","format":"standard","meta":{"footnotes":""},"categories":[1,11],"tags":[846,2575],"class_list":["post-7107","post","type-post","status-publish","format-standard","has-post-thumbnail","hentry","category-gundem","category-manset","tag-cumhurbaskani-erdogan","tag-ilim-yayma-odulleri-toreni"],"_links":{"self":[{"href":"https:\/\/www.trabzonmanset.com\/index.php\/wp-json\/wp\/v2\/posts\/7107","targetHints":{"allow":["GET"]}}],"collection":[{"href":"https:\/\/www.trabzonmanset.com\/index.php\/wp-json\/wp\/v2\/posts"}],"about":[{"href":"https:\/\/www.trabzonmanset.com\/index.php\/wp-json\/wp\/v2\/types\/post"}],"author":[{"embeddable":true,"href":"https:\/\/www.trabzonmanset.com\/index.php\/wp-json\/wp\/v2\/users\/1"}],"replies":[{"embeddable":true,"href":"https:\/\/www.trabzonmanset.com\/index.php\/wp-json\/wp\/v2\/comments?post=7107"}],"version-history":[{"count":1,"href":"https:\/\/www.trabzonmanset.com\/index.php\/wp-json\/wp\/v2\/posts\/7107\/revisions"}],"predecessor-version":[{"id":7117,"href":"https:\/\/www.trabzonmanset.com\/index.php\/wp-json\/wp\/v2\/posts\/7107\/revisions\/7117"}],"wp:featuredmedia":[{"embeddable":true,"href":"https:\/\/www.trabzonmanset.com\/index.php\/wp-json\/wp\/v2\/media\/7116"}],"wp:attachment":[{"href":"https:\/\/www.trabzonmanset.com\/index.php\/wp-json\/wp\/v2\/media?parent=7107"}],"wp:term":[{"taxonomy":"category","embeddable":true,"href":"https:\/\/www.trabzonmanset.com\/index.php\/wp-json\/wp\/v2\/categories?post=7107"},{"taxonomy":"post_tag","embeddable":true,"href":"https:\/\/www.trabzonmanset.com\/index.php\/wp-json\/wp\/v2\/tags?post=7107"}],"curies":[{"name":"wp","href":"https:\/\/api.w.org\/{rel}","templated":true}]}}