{"id":7103,"date":"2025-11-29T18:57:00","date_gmt":"2025-11-29T15:57:00","guid":{"rendered":"https:\/\/www.trabzonmanset.com\/?p=7103"},"modified":"2025-11-29T22:42:45","modified_gmt":"2025-11-29T19:42:45","slug":"super-ligde-yenilgi-sonrasi-ilhan-palut-gorevinden-istifa-etti","status":"publish","type":"post","link":"https:\/\/www.trabzonmanset.com\/index.php\/2025\/11\/29\/super-ligde-yenilgi-sonrasi-ilhan-palut-gorevinden-istifa-etti\/","title":{"rendered":"S\u00fcper Lig&#8217;de yenilgi sonras\u0131 \u0130lhan Palut g\u00f6revinden istifa etti!"},"content":{"rendered":"\n<p>S\u00fcper Lig ekiplerinden \u00c7aykur Rizespor&#8217;da Kayserispor yenilgisi sonras\u0131 teknik direkt\u00f6r \u0130lhan Palut, istifa etti.<\/p>\n\n\n\n<p>Son dakika: S\u00fcper Lig ekiplerinden \u00c7aykur Rizespor&#8217;da Kayserispor yenilgisi sonras\u0131 teknik direkt\u00f6r \u0130lhan Palut, istifa etti.<br><br>S\u00fcper Lig&#8217;in 14. hafta kar\u015f\u0131la\u015fmas\u0131nda sahas\u0131nda Kayserispor&#8217;a 1-0 yenilen \u00c7aykur Rizespor&#8217;da \u0130lhan Palut d\u00f6nemi sona erdi.<\/p>\n\n\n\n<figure class=\"wp-block-image size-full\"><img loading=\"lazy\" decoding=\"async\" width=\"864\" height=\"486\" src=\"https:\/\/www.trabzonmanset.com\/wp-content\/uploads\/2025\/11\/wJA3P_1764426734_8462.webp?wsr\" alt=\"\" class=\"wp-image-7104\" srcset=\"https:\/\/www.trabzonmanset.com\/wp-content\/uploads\/2025\/11\/wJA3P_1764426734_8462.webp 864w, https:\/\/www.trabzonmanset.com\/wp-content\/uploads\/2025\/11\/wJA3P_1764426734_8462-300x169.webp 300w, https:\/\/www.trabzonmanset.com\/wp-content\/uploads\/2025\/11\/wJA3P_1764426734_8462-768x432.webp 768w\" sizes=\"auto, (max-width: 864px) 100vw, 864px\" \/><\/figure>\n\n\n\n<p><strong>&#8220;R\u0130ZESPOR&#8217;A YEN\u0130 DOKUN\u015eLAR YEN\u0130 B\u0130R NEFES LAZIM&#8221;<\/strong><\/p>\n\n\n\n<p>M\u00fccadelenin ard\u0131ndan yay\u0131nc\u0131 kuruu\u015f beIN SPORTS&#8217;ta istifas\u0131n\u0131 a\u00e7\u0131klayan 49 ya\u015f\u0131ndaki teknik direkt\u00f6r <strong>&#8220;Ma\u00e7\u0131 konu\u015fmak istemiyorum. En az\u0131nda kendim ve ekibim ad\u0131na ma\u00e7 de\u011ferlendirmesi yapmak istemiyorum. 2.5 y\u0131ld\u0131r burada \u00e7al\u0131\u015f\u0131yoruz. Buras\u0131 ger\u00e7ekten \u00e7ok g\u00fczel bir kul\u00fcp. \u00c7ok iyi insanlar var. Art\u0131k geldi\u011fimiz an itibar\u0131yla hayat\u0131m boyunca bir g\u00f6revde geri ad\u0131m atmak hi\u00e7 tarz\u0131m de\u011fil ama bu tak\u0131ma yeni bir ses laz\u0131m. Bu tak\u0131ma yeni dokunu\u015flar laz\u0131m. Belki ba\u015fka ba\u015fka oyuncular\u0131n s\u0131rt\u0131n\u0131 daha sevgiyle ok\u015famak laz\u0131m. Burada ge\u00e7irdi\u011fim her g\u00fcn i\u00e7in vicdan\u0131m rahat ama bu tak\u0131m\u0131n yeni bir nefese ihtiyac\u0131 var. Oyuncular\u0131ma te\u015fekk\u00fcr ediyorum. Ellerinden geleni yapt\u0131lar. B\u00fct\u00fcn sorumluluk benim \u00fczerimde. Kul\u00fcb\u00fcm\u00fcz\u00fcn y\u00f6neticilerine ve ba\u015fkan\u0131m\u0131za te\u015fekk\u00fcr ediyorum.&#8221;<\/strong> dedi.<br><br>\u0130lhan Palut, konu\u015fmas\u0131n\u0131n sonunda ise <strong>&#8220;Kalbini k\u0131rd\u0131\u011f\u0131m insanlar haklar\u0131n\u0131 helal etsinler. Kul\u00fcpten m\u00fcsade almadan bu a\u00e7\u0131klamay\u0131 yap\u0131yorum. Herkese te\u015fekk\u00fcr ediyorum.&#8221;<\/strong> ifadelerini kulland\u0131.<\/p>\n\n\n\n<p>S\u00fcper Lige evinde 3-0&#8217;l\u0131k G\u00f6ztepe ma\u011flubiyetiyle ba\u015flayan \u00c7aykur Rizespor, ligde \u015fu ana kadar 3 galibiyet alabildi.<\/p>\n\n\n\n<p>Son olarak evinde Kayserispor&#8217;a 1-0 yenilen ekip, ge\u00e7ti\u011fimiz hafta da 2-0 \u00f6ne ge\u00e7ti\u011fi kar\u015f\u0131la\u015fmada Fenerbah\u00e7e&#8217;ye 5-2 ma\u011flup olarak taraftar\u0131n\u0131 hayal k\u0131r\u0131kl\u0131\u011f\u0131na u\u011fratm\u0131\u015ft\u0131.<br><br>\u00c7aykur Rizespor S\u00fcper Lig&#8217;de 14 puanla 11. s\u0131rada bulunuyor.<\/p>\n\n\n\n<p>Karadeniz ekibi \u0130lhan Palut&#8217;un tak\u0131m\u0131n ba\u015f\u0131nda oldu\u011fu \u00f6nceki iki sezonda da S\u00fcper Lig&#8217;i 9. s\u0131rada bitirmi\u015fti.<\/p>\n\n\n\n<p><\/p>\n","protected":false},"excerpt":{"rendered":"<p>S\u00fcper Lig ekiplerinden \u00c7aykur Rizespor&#8217;da Kayserispor yenilgisi sonras\u0131 teknik direkt\u00f6r \u0130lhan Palut, istifa etti. Son dakika: S\u00fcper Lig ekiplerinden \u00c7aykur Rizespor&#8217;da Kayserispor yenilgisi sonras\u0131 teknik direkt\u00f6r \u0130lhan Palut, istifa etti. S\u00fcper Lig&#8217;in 14. hafta kar\u015f\u0131la\u015fmas\u0131nda sahas\u0131nda Kayserispor&#8217;a 1-0 yenilen \u00c7aykur Rizespor&#8217;da \u0130lhan Palut d\u00f6nemi sona erdi. &#8220;R\u0130ZESPOR&#8217;A YEN\u0130 DOKUN\u015eLAR YEN\u0130 B\u0130R NEFES LAZIM&#8221; M\u00fccadelenin ard\u0131ndan [&hellip;]<\/p>\n","protected":false},"author":1,"featured_media":7105,"comment_status":"open","ping_status":"open","sticky":false,"template":"","format":"standard","meta":{"footnotes":""},"categories":[14],"tags":[1280,1785,2574,2573,680],"class_list":["post-7103","post","type-post","status-publish","format-standard","has-post-thumbnail","hentry","category-spor","tag-caykur-rizespor","tag-ilhan-palut","tag-ilhan-palut-gorevinden-istifa-etti","tag-istifa","tag-super-lig"],"_links":{"self":[{"href":"https:\/\/www.trabzonmanset.com\/index.php\/wp-json\/wp\/v2\/posts\/7103","targetHints":{"allow":["GET"]}}],"collection":[{"href":"https:\/\/www.trabzonmanset.com\/index.php\/wp-json\/wp\/v2\/posts"}],"about":[{"href":"https:\/\/www.trabzonmanset.com\/index.php\/wp-json\/wp\/v2\/types\/post"}],"author":[{"embeddable":true,"href":"https:\/\/www.trabzonmanset.com\/index.php\/wp-json\/wp\/v2\/users\/1"}],"replies":[{"embeddable":true,"href":"https:\/\/www.trabzonmanset.com\/index.php\/wp-json\/wp\/v2\/comments?post=7103"}],"version-history":[{"count":1,"href":"https:\/\/www.trabzonmanset.com\/index.php\/wp-json\/wp\/v2\/posts\/7103\/revisions"}],"predecessor-version":[{"id":7106,"href":"https:\/\/www.trabzonmanset.com\/index.php\/wp-json\/wp\/v2\/posts\/7103\/revisions\/7106"}],"wp:featuredmedia":[{"embeddable":true,"href":"https:\/\/www.trabzonmanset.com\/index.php\/wp-json\/wp\/v2\/media\/7105"}],"wp:attachment":[{"href":"https:\/\/www.trabzonmanset.com\/index.php\/wp-json\/wp\/v2\/media?parent=7103"}],"wp:term":[{"taxonomy":"category","embeddable":true,"href":"https:\/\/www.trabzonmanset.com\/index.php\/wp-json\/wp\/v2\/categories?post=7103"},{"taxonomy":"post_tag","embeddable":true,"href":"https:\/\/www.trabzonmanset.com\/index.php\/wp-json\/wp\/v2\/tags?post=7103"}],"curies":[{"name":"wp","href":"https:\/\/api.w.org\/{rel}","templated":true}]}}