{"id":7072,"date":"2025-11-28T19:15:00","date_gmt":"2025-11-28T16:15:00","guid":{"rendered":"https:\/\/www.trabzonmanset.com\/?p=7072"},"modified":"2025-11-28T22:06:18","modified_gmt":"2025-11-28T19:06:18","slug":"papanin-gittigi-sehir-karisti-kalabaliktan-tek-bir-slogan-yukseldi","status":"publish","type":"post","link":"https:\/\/www.trabzonmanset.com\/index.php\/2025\/11\/28\/papanin-gittigi-sehir-karisti-kalabaliktan-tek-bir-slogan-yukseldi\/","title":{"rendered":"Papan\u0131n gitti\u011fi \u015fehir kar\u0131\u015ft\u0131! Kalabal\u0131ktan tek bir slogan y\u00fckseldi"},"content":{"rendered":"\n<p>Katoliklerin ruhani lideri Papa 14. Leo, ilk yurt d\u0131\u015f\u0131 program\u0131 kapsam\u0131nda Bursa&#8217;n\u0131n \u0130znik il\u00e7esine ula\u015ft\u0131\u011f\u0131 s\u0131rada b\u00f6lgede toplanan vatanda\u015flar, tekbir getirdi. O anlar kameralara da yans\u0131rken; tarihi bazilikada ayin y\u00f6neten Papa, ayinin ard\u0131ndan \u0130stanbul&#8217;a d\u00f6nd\u00fc.<\/p>\n\n\n\n<p>Cumhurba\u015fkan\u0131 Recep Tayyip Erdo\u011fan&#8217;\u0131n resmi davetlisi olarak T\u00fcrkiye&#8217;ye gelen ve ilk yurt d\u0131\u015f\u0131 ziyaretini ger\u00e7ekle\u015ftiren Papa 14. Leo, \u0130stanbul ve \u0130znik&#8217;te temaslarda bulundu.<\/p>\n\n\n\n<h3 class=\"wp-block-heading\">\u0130ZN\u0130K&#8217;E G\u0130TT\u0130<\/h3>\n\n\n\n<p>Papa, Harbiye&#8217;deki Saint Esprit Katedralinde piskopos, rahip, diyakoz ve ruhani g\u00f6revlilerle bir araya gelerek hitapta bulundu. Papa daha sonra Frans\u0131z Fakirhanesi Huzurevi&#8217;ni ziyaret etti.<\/p>\n\n\n\n<p>Daha sonra helikopterle \u0130znik&#8217;e ge\u00e7en Papa, I. \u0130znik Konsili&#8217;nin 1700. y\u0131ld\u00f6n\u00fcm\u00fc nedeniyle ger\u00e7ekle\u015ftirilen ayine Fener Rum Patri\u011fi Bartholomeos&#8217;la beraber kat\u0131ld\u0131.<\/p>\n\n\n\n<h3 class=\"wp-block-heading\">KALABALIKTAN TEK B\u0130R SLOGAN Y\u00dcKSELD\u0130<\/h3>\n\n\n\n<p>Katoliklerin ruhani lideri Papa 14. Leo, ilk yurt d\u0131\u015f\u0131 program\u0131 kapsam\u0131nda <a href=\"https:\/\/www.sondakika.com\/bursa\/\">Bursa<\/a>&#8216;n\u0131n \u0130znik il\u00e7esine ula\u015ft\u0131\u011f\u0131 s\u0131rada b\u00f6lgede toplanan vatanda\u015flar, tekbir getirdi.<\/p>\n\n\n\n<h3 class=\"wp-block-heading\">\u0130STANBUL&#8217;A D\u00d6ND\u00dc<\/h3>\n\n\n\n<p>Papa, \u0130znik&#8217;te tarihi bazilikada ayin y\u00f6netmesinin ard\u0131ndan \u0130stanbul&#8217;a d\u00f6nd\u00fc.<\/p>\n\n\n\n<h3 class=\"wp-block-heading\">\u0130ZN\u0130K BAZ\u0130L\u0130KA NED\u0130R?<\/h3>\n\n\n\n<p>\u0130znik Bazilikas\u0131, Hristiyanl\u0131k tarihi a\u00e7\u0131s\u0131ndan kritik bir \u00f6neme sahip olan ve Bursa&#8217;n\u0131n \u0130znik il\u00e7esinde, \u0130znik G\u00f6l\u00fc&#8217;n\u00fcn k\u0131y\u0131s\u0131nda, sular alt\u0131nda bulunan bir tarihi yap\u0131d\u0131r. Bazilika kal\u0131nt\u0131lar\u0131, 2014 y\u0131l\u0131nda g\u00f6l sular\u0131n\u0131n \u00e7ekilmesiyle havadan yap\u0131lan bir foto\u011fraf \u00e7ekimi s\u0131ras\u0131nda tesad\u00fcfen ke\u015ffedilmi\u015ftir. ap\u0131lan arkeolojik \u00e7al\u0131\u015fmalar sonucunda bu bazilikan\u0131n, Aziz Neophytos Bazilikas\u0131 veya baz\u0131 uzmanlara g\u00f6re y\u00fczy\u0131llard\u0131r aranan Kutsal Pederler Kilisesi oldu\u011fu \u00f6ne s\u00fcr\u00fclmektedir. Yap\u0131n\u0131n, MS 358&#8217;deki bir depremde y\u0131k\u0131ld\u0131\u011f\u0131 ve daha sonra yeniden in\u015fa edildi\u011fi tahmin edilmektedir. Bu alan\u0131n, Hristiyanl\u0131k tarihindeki en \u00f6nemli toplant\u0131lardan biri olan Birinci \u0130znik Konsili&#8217;nin (MS 325) yap\u0131ld\u0131\u011f\u0131 yerlerden biri olabilece\u011fi d\u00fc\u015f\u00fcn\u00fclmektedir.<\/p>\n\n\n\n<h3 class=\"wp-block-heading\">NE OLMU\u015eTU?<\/h3>\n\n\n\n<p>T\u00fcrkiye&#8217;ye gelen Papa, Cumhurba\u015fkan\u0131 Erdo\u011fan ile Cumhurba\u015fkanl\u0131\u011f\u0131 K\u00fclliyesi&#8217;nde ba\u015f ba\u015fa bir g\u00f6r\u00fc\u015fme ger\u00e7ekle\u015ftirmi\u015fti. Cumhurba\u015fkanl\u0131\u011f\u0131 Millet K\u00fct\u00fcphanesi&#8217;ndeki Cihann\u00fcma Salonu&#8217;nda Cumhurba\u015fkan\u0131 Erdo\u011fan ile davetlilere hitap etmi\u015fti.<\/p>\n\n\n\n<p>Erdo\u011fan konu\u015fmas\u0131nda, Papa&#8217;n\u0131n g\u00f6reve gelmesinin ard\u0131ndan ilk yurtd\u0131\u015f\u0131 ziyaretinin T\u00fcrkiye&#8217;ye ger\u00e7ekle\u015fmesinin &#8216;anlaml\u0131&#8217; oldu\u011funu vurgularken; konu\u015fmas\u0131nda; &#8220;Biz de farkl\u0131 k\u00fclt\u00fcr ve medeniyetlerin bir arada, yan yana ve huzur i\u00e7inde ya\u015fad\u0131\u011f\u0131 bir tarihin miras\u00e7\u0131lar\u0131 olarak k\u00fcresel bar\u0131\u015f ve istikrar ortam\u0131n\u0131n serpilmesi i\u00e7in \u00fczerimize ne d\u00fc\u015f\u00fcyorsa yap\u0131yoruz ve yapaca\u011f\u0131z.&#8221; ifadelerini kullanm\u0131\u015ft\u0131.<\/p>\n\n\n\n<p>Cumhurba\u015fkanl\u0131\u011f\u0131 K\u00fclliyesi&#8217;ndeki programlar\u0131n ard\u0131ndan Diyanet \u0130\u015fleri Ba\u015fkanl\u0131\u011f\u0131na ge\u00e7en Papa 14. Leo, burada Diyanet \u0130\u015fleri Ba\u015fkan\u0131 Arpagu\u015f ile bir araya gelmi\u015fti.<\/p>\n\n\n\n<p><\/p>\n","protected":false},"excerpt":{"rendered":"<p>Katoliklerin ruhani lideri Papa 14. Leo, ilk yurt d\u0131\u015f\u0131 program\u0131 kapsam\u0131nda Bursa&#8217;n\u0131n \u0130znik il\u00e7esine ula\u015ft\u0131\u011f\u0131 s\u0131rada b\u00f6lgede toplanan vatanda\u015flar, tekbir getirdi. O anlar kameralara da yans\u0131rken; tarihi bazilikada ayin y\u00f6neten Papa, ayinin ard\u0131ndan \u0130stanbul&#8217;a d\u00f6nd\u00fc. Cumhurba\u015fkan\u0131 Recep Tayyip Erdo\u011fan&#8217;\u0131n resmi davetlisi olarak T\u00fcrkiye&#8217;ye gelen ve ilk yurt d\u0131\u015f\u0131 ziyaretini ger\u00e7ekle\u015ftiren Papa 14. Leo, \u0130stanbul ve [&hellip;]<\/p>\n","protected":false},"author":1,"featured_media":7073,"comment_status":"open","ping_status":"open","sticky":false,"template":"","format":"standard","meta":{"footnotes":""},"categories":[127],"tags":[17,2566,176,1335,2564,1734,2565,2517,491],"class_list":["post-7072","post","type-post","status-publish","format-standard","has-post-thumbnail","hentry","category-dunya","tag-bursa","tag-dini","tag-dunya","tag-istanbul","tag-iznik","tag-kultur-sanat","tag-papa","tag-papa-14-leo","tag-yasam"],"_links":{"self":[{"href":"https:\/\/www.trabzonmanset.com\/index.php\/wp-json\/wp\/v2\/posts\/7072","targetHints":{"allow":["GET"]}}],"collection":[{"href":"https:\/\/www.trabzonmanset.com\/index.php\/wp-json\/wp\/v2\/posts"}],"about":[{"href":"https:\/\/www.trabzonmanset.com\/index.php\/wp-json\/wp\/v2\/types\/post"}],"author":[{"embeddable":true,"href":"https:\/\/www.trabzonmanset.com\/index.php\/wp-json\/wp\/v2\/users\/1"}],"replies":[{"embeddable":true,"href":"https:\/\/www.trabzonmanset.com\/index.php\/wp-json\/wp\/v2\/comments?post=7072"}],"version-history":[{"count":1,"href":"https:\/\/www.trabzonmanset.com\/index.php\/wp-json\/wp\/v2\/posts\/7072\/revisions"}],"predecessor-version":[{"id":7074,"href":"https:\/\/www.trabzonmanset.com\/index.php\/wp-json\/wp\/v2\/posts\/7072\/revisions\/7074"}],"wp:featuredmedia":[{"embeddable":true,"href":"https:\/\/www.trabzonmanset.com\/index.php\/wp-json\/wp\/v2\/media\/7073"}],"wp:attachment":[{"href":"https:\/\/www.trabzonmanset.com\/index.php\/wp-json\/wp\/v2\/media?parent=7072"}],"wp:term":[{"taxonomy":"category","embeddable":true,"href":"https:\/\/www.trabzonmanset.com\/index.php\/wp-json\/wp\/v2\/categories?post=7072"},{"taxonomy":"post_tag","embeddable":true,"href":"https:\/\/www.trabzonmanset.com\/index.php\/wp-json\/wp\/v2\/tags?post=7072"}],"curies":[{"name":"wp","href":"https:\/\/api.w.org\/{rel}","templated":true}]}}