{"id":7069,"date":"2025-11-28T19:00:00","date_gmt":"2025-11-28T16:00:00","guid":{"rendered":"https:\/\/www.trabzonmanset.com\/?p=7069"},"modified":"2025-11-28T22:02:57","modified_gmt":"2025-11-28T19:02:57","slug":"darbenin-ardindan-ulkenin-yeni-lideri-belli-oldu","status":"publish","type":"post","link":"https:\/\/www.trabzonmanset.com\/index.php\/2025\/11\/28\/darbenin-ardindan-ulkenin-yeni-lideri-belli-oldu\/","title":{"rendered":"Darbenin ard\u0131ndan \u00fclkenin yeni lideri belli oldu"},"content":{"rendered":"\n<p>Gine Bissau&#8217;da 26 Kas\u0131m&#8217;da askerin y\u00f6netime el koymas\u0131n\u0131n ard\u0131ndan Ilidio Vieira Te, ge\u00e7i\u015f d\u00f6nemi ba\u015fbakan\u0131 olarak atand\u0131.<\/p>\n\n\n\n<p>Bat\u0131 Afrika \u00fclkesi Gine Bissau&#8217;da askeri darbenin ard\u0131ndan ba\u015fbakanl\u0131\u011fa getirilen isimIlidio Vieira Te oldu. Te ayn\u0131 zamanda Maliye Bakan\u0131 olarak da atand\u0131.<\/p>\n\n\n\n<p>Gine Bissau&#8217;da 26 Kas\u0131m&#8217;da askerin y\u00f6netime el koymas\u0131 sonras\u0131 ba\u015fbakanl\u0131k g\u00f6revine getirilen isim belli oldu.<\/p>\n\n\n\n<h3 class=\"wp-block-heading\">DARBEN\u0130N ARDINDAN YEN\u0130 L\u0130DER BELL\u0130 OLDU<\/h3>\n\n\n\n<p>\u00dclkede ba\u015fbakanl\u0131\u011fa getirilen isim Ilidio Vieira Te oldu. Yay\u0131mlanan cumhurba\u015fkanl\u0131\u011f\u0131 kararnamesiyle, ge\u00e7i\u015f d\u00f6nemi cumhurba\u015fkan\u0131 olarak yemin eden General Horta N&#8217;Tam&#8217;\u0131n, Vieira Te&#8217;yi Ba\u015fbakan ve Maliye Bakan\u0131 olarak atad\u0131\u011f\u0131 duyuruldu.<\/p>\n\n\n\n<h3 class=\"wp-block-heading\">ORDU Y\u00d6NET\u0130ME EL KOYMU\u015eTU<\/h3>\n\n\n\n<p>Yakla\u015f\u0131k 2,1 milyon n\u00fcfuslu Gine Bissau&#8217;da 26 Kas\u0131m&#8217;da kendilerine &#8220;D\u00fczenin Yeniden Tesisi \u0130\u00e7in Y\u00fcksek Askeri Komuta&#8221; ismini veren bir grup asker, devlet televizyonundan y\u00f6netime el koyduklar\u0131n\u0131 duyurmu\u015ftu.<\/p>\n\n\n\n<p>Grup, karara gerek\u00e7e olarak, baz\u0131 siyaset\u00e7ilerin ve tan\u0131nm\u0131\u015f bir uyu\u015fturucu baronunun \u00fclkeyi istikrars\u0131zla\u015ft\u0131rmaya \u00e7al\u0131\u015fmas\u0131n\u0131 g\u00f6stermi\u015fti. Darbeden bir g\u00fcn sonra General N&#8217;Tam &#8220;ge\u00e7i\u015f d\u00f6nemi cumhurba\u015fkan\u0131&#8221; olarak yemin etmi\u015fti.<\/p>\n\n\n\n<p>Gine Bissau&#8217;da 23 Kas\u0131m&#8217;da d\u00fczenlenen milletvekili ve cumhurba\u015fkan\u0131 se\u00e7imlerinde, ikinci d\u00f6nemine aday olan Cumhurba\u015fkan\u0131 Umaro Sissoco Embalo, hen\u00fcz resmi sonu\u00e7lar a\u00e7\u0131klanmadan, kendi ekibi taraf\u0131ndan yap\u0131lan say\u0131ma g\u00f6re oylar\u0131n y\u00fczde 65&#8217;ini ald\u0131\u011f\u0131n\u0131 \u00f6ne s\u00fcrm\u00fc\u015ft\u00fc.<\/p>\n\n\n\n<p>Embalo&#8217;nun en g\u00fc\u00e7l\u00fc rakibi ba\u011f\u0131ms\u0131z aday Fernando Dias da Costa da se\u00e7imin galibi oldu\u011fu iddias\u0131nda bulunmu\u015ftu.Her 2 aday\u0131n a\u00e7\u0131klamalar\u0131ndan hemen sonra asker y\u00f6netime el koydu\u011funu duyurmu\u015ftu.<\/p>\n\n\n\n<p>Bir s\u00fcre Genelkurmay Ba\u015fkanl\u0131\u011f\u0131nda tutulan Embalo, d\u00fcn gece Senegal h\u00fck\u00fcmetinin yollad\u0131\u011f\u0131 bir u\u00e7akla Senegal&#8217;e g\u00f6t\u00fcr\u00fclm\u00fc\u015ft\u00fc.<\/p>\n\n\n\n<p>Kaynak: AA<\/p>\n","protected":false},"excerpt":{"rendered":"<p>Gine Bissau&#8217;da 26 Kas\u0131m&#8217;da askerin y\u00f6netime el koymas\u0131n\u0131n ard\u0131ndan Ilidio Vieira Te, ge\u00e7i\u015f d\u00f6nemi ba\u015fbakan\u0131 olarak atand\u0131. Bat\u0131 Afrika \u00fclkesi Gine Bissau&#8217;da askeri darbenin ard\u0131ndan ba\u015fbakanl\u0131\u011fa getirilen isimIlidio Vieira Te oldu. Te ayn\u0131 zamanda Maliye Bakan\u0131 olarak da atand\u0131. Gine Bissau&#8217;da 26 Kas\u0131m&#8217;da askerin y\u00f6netime el koymas\u0131 sonras\u0131 ba\u015fbakanl\u0131k g\u00f6revine getirilen isim belli oldu. DARBEN\u0130N [&hellip;]<\/p>\n","protected":false},"author":1,"featured_media":7070,"comment_status":"open","ping_status":"open","sticky":false,"template":"","format":"standard","meta":{"footnotes":""},"categories":[127],"tags":[2561,2562,2563],"class_list":["post-7069","post","type-post","status-publish","format-standard","has-post-thumbnail","hentry","category-dunya","tag-gine-bissau","tag-ilidio-vieira-te","tag-vieira-te"],"_links":{"self":[{"href":"https:\/\/www.trabzonmanset.com\/index.php\/wp-json\/wp\/v2\/posts\/7069","targetHints":{"allow":["GET"]}}],"collection":[{"href":"https:\/\/www.trabzonmanset.com\/index.php\/wp-json\/wp\/v2\/posts"}],"about":[{"href":"https:\/\/www.trabzonmanset.com\/index.php\/wp-json\/wp\/v2\/types\/post"}],"author":[{"embeddable":true,"href":"https:\/\/www.trabzonmanset.com\/index.php\/wp-json\/wp\/v2\/users\/1"}],"replies":[{"embeddable":true,"href":"https:\/\/www.trabzonmanset.com\/index.php\/wp-json\/wp\/v2\/comments?post=7069"}],"version-history":[{"count":1,"href":"https:\/\/www.trabzonmanset.com\/index.php\/wp-json\/wp\/v2\/posts\/7069\/revisions"}],"predecessor-version":[{"id":7071,"href":"https:\/\/www.trabzonmanset.com\/index.php\/wp-json\/wp\/v2\/posts\/7069\/revisions\/7071"}],"wp:featuredmedia":[{"embeddable":true,"href":"https:\/\/www.trabzonmanset.com\/index.php\/wp-json\/wp\/v2\/media\/7070"}],"wp:attachment":[{"href":"https:\/\/www.trabzonmanset.com\/index.php\/wp-json\/wp\/v2\/media?parent=7069"}],"wp:term":[{"taxonomy":"category","embeddable":true,"href":"https:\/\/www.trabzonmanset.com\/index.php\/wp-json\/wp\/v2\/categories?post=7069"},{"taxonomy":"post_tag","embeddable":true,"href":"https:\/\/www.trabzonmanset.com\/index.php\/wp-json\/wp\/v2\/tags?post=7069"}],"curies":[{"name":"wp","href":"https:\/\/api.w.org\/{rel}","templated":true}]}}