{"id":7066,"date":"2025-11-28T18:55:00","date_gmt":"2025-11-28T15:55:00","guid":{"rendered":"https:\/\/www.trabzonmanset.com\/?p=7066"},"modified":"2025-11-28T21:57:54","modified_gmt":"2025-11-28T18:57:54","slug":"unlulere-yonelik-uyusturucu-sorusturmasinda-irem-derici-ifade-verdi","status":"publish","type":"post","link":"https:\/\/www.trabzonmanset.com\/index.php\/2025\/11\/28\/unlulere-yonelik-uyusturucu-sorusturmasinda-irem-derici-ifade-verdi\/","title":{"rendered":"\u00dcnl\u00fclere y\u00f6nelik uyu\u015fturucu soru\u015fturmas\u0131nda \u0130rem Derici ifade verdi"},"content":{"rendered":"\n<p>Derici, &#8220;\u00c7ok g\u00fczelim diye dava a\u00e7m\u0131\u015flar. Dosyay\u0131 kapataca\u011f\u0131z i\u015fte biliyorsunuz sonu\u00e7lar\u0131m\u0131z tertemiz \u00e7\u0131kt\u0131&#8221; dedi.<\/p>\n\n\n\n<p>\u0130stanbul Cumhuriyet Ba\u015fsavc\u0131l\u0131\u011f\u0131nca, \u2019uyu\u015fturucu veya uyar\u0131c\u0131 madde kullanmak\u2019 su\u00e7undan \u00fcnl\u00fc isimlere y\u00f6nelik y\u00fcr\u00fct\u00fclen soru\u015fturma s\u00fcr\u00fcyor. Soru\u015fturma kapsam\u0131nda kan\u0131nda t\u0131bbi ila\u00e7 etken maddesi pozitif \u00e7\u0131kan \u0130rem Derici \u0130stanbul Adliyesi\u2019ne ifade vermeye geldi.<\/p>\n\n\n\n<p>Derici adliyede yapt\u0131\u011f\u0131 a\u00e7\u0131klamada, &#8220;\u00c7ok g\u00fczelim diye dava a\u00e7m\u0131\u015flar. Dosyay\u0131 kapataca\u011f\u0131z i\u015fte biliyorsunuz sonu\u00e7lar\u0131m\u0131z tertemiz \u00e7\u0131kt\u0131&#8221; dedi.<\/p>\n\n\n\n<p>Kan\u0131nda ila\u00e7 etken madde bulundu\u011fu sorulmas\u0131 \u00fczerine Derici, &#8220;Grip olana niye antibiyotik al\u0131yorsun diye soruyor musunuz? Benim de kafam hasta. G\u00fczel oldu\u011fum i\u00e7in dava a\u00e7t\u0131lar&#8221; diye cevap verdi.<\/p>\n\n\n\n<p>Kaynak: \u0130HA<\/p>\n","protected":false},"excerpt":{"rendered":"<p>Derici, &#8220;\u00c7ok g\u00fczelim diye dava a\u00e7m\u0131\u015flar. Dosyay\u0131 kapataca\u011f\u0131z i\u015fte biliyorsunuz sonu\u00e7lar\u0131m\u0131z tertemiz \u00e7\u0131kt\u0131&#8221; dedi. \u0130stanbul Cumhuriyet Ba\u015fsavc\u0131l\u0131\u011f\u0131nca, \u2019uyu\u015fturucu veya uyar\u0131c\u0131 madde kullanmak\u2019 su\u00e7undan \u00fcnl\u00fc isimlere y\u00f6nelik y\u00fcr\u00fct\u00fclen soru\u015fturma s\u00fcr\u00fcyor. Soru\u015fturma kapsam\u0131nda kan\u0131nda t\u0131bbi ila\u00e7 etken maddesi pozitif \u00e7\u0131kan \u0130rem Derici \u0130stanbul Adliyesi\u2019ne ifade vermeye geldi. Derici adliyede yapt\u0131\u011f\u0131 a\u00e7\u0131klamada, &#8220;\u00c7ok g\u00fczelim diye dava a\u00e7m\u0131\u015flar. Dosyay\u0131 [&hellip;]<\/p>\n","protected":false},"author":1,"featured_media":7067,"comment_status":"open","ping_status":"open","sticky":false,"template":"","format":"standard","meta":{"footnotes":""},"categories":[1371,1],"tags":[1401,712],"class_list":["post-7066","post","type-post","status-publish","format-standard","has-post-thumbnail","hentry","category-asayis","category-gundem","tag-irem-derici","tag-trabzon-manset"],"_links":{"self":[{"href":"https:\/\/www.trabzonmanset.com\/index.php\/wp-json\/wp\/v2\/posts\/7066","targetHints":{"allow":["GET"]}}],"collection":[{"href":"https:\/\/www.trabzonmanset.com\/index.php\/wp-json\/wp\/v2\/posts"}],"about":[{"href":"https:\/\/www.trabzonmanset.com\/index.php\/wp-json\/wp\/v2\/types\/post"}],"author":[{"embeddable":true,"href":"https:\/\/www.trabzonmanset.com\/index.php\/wp-json\/wp\/v2\/users\/1"}],"replies":[{"embeddable":true,"href":"https:\/\/www.trabzonmanset.com\/index.php\/wp-json\/wp\/v2\/comments?post=7066"}],"version-history":[{"count":1,"href":"https:\/\/www.trabzonmanset.com\/index.php\/wp-json\/wp\/v2\/posts\/7066\/revisions"}],"predecessor-version":[{"id":7068,"href":"https:\/\/www.trabzonmanset.com\/index.php\/wp-json\/wp\/v2\/posts\/7066\/revisions\/7068"}],"wp:featuredmedia":[{"embeddable":true,"href":"https:\/\/www.trabzonmanset.com\/index.php\/wp-json\/wp\/v2\/media\/7067"}],"wp:attachment":[{"href":"https:\/\/www.trabzonmanset.com\/index.php\/wp-json\/wp\/v2\/media?parent=7066"}],"wp:term":[{"taxonomy":"category","embeddable":true,"href":"https:\/\/www.trabzonmanset.com\/index.php\/wp-json\/wp\/v2\/categories?post=7066"},{"taxonomy":"post_tag","embeddable":true,"href":"https:\/\/www.trabzonmanset.com\/index.php\/wp-json\/wp\/v2\/tags?post=7066"}],"curies":[{"name":"wp","href":"https:\/\/api.w.org\/{rel}","templated":true}]}}