{"id":7063,"date":"2025-11-28T18:30:00","date_gmt":"2025-11-28T15:30:00","guid":{"rendered":"https:\/\/www.trabzonmanset.com\/?p=7063"},"modified":"2025-11-28T20:32:54","modified_gmt":"2025-11-28T17:32:54","slug":"putin-trump-ile-gorusme-budapestede-olursa-memnun-olurum","status":"publish","type":"post","link":"https:\/\/www.trabzonmanset.com\/index.php\/2025\/11\/28\/putin-trump-ile-gorusme-budapestede-olursa-memnun-olurum\/","title":{"rendered":"Putin: &#8220;Trump ile g\u00f6r\u00fc\u015fme Budape\u015fte\u2019de olursa memnun olurum&#8221;"},"content":{"rendered":"\n<p>Rusya Devlet Ba\u015fkan\u0131 Putin, Macaristan Ba\u015fbakan\u0131 Viktor Orban ile Kremlin Saray\u0131nda ger\u00e7ekle\u015ftirdi\u011fi g\u00f6r\u00fc\u015fmede, &#8220;(ABD Ba\u015fkan\u0131 Donald Trump ile) E\u011fer g\u00f6r\u00fc\u015fmede mekan olarak Budape\u015fte s\u00f6z konusu olursa ben de \u00e7ok memnun olurum&#8221; dedi.<\/p>\n\n\n\n<p>Rusya Devlet Ba\u015fkan\u0131 Vladimir Putin, ba\u015fkent Moskova\u2019daki Kremlin Saray\u0131nda Macaristan Ba\u015fbakan\u0131 Viktor Orban ve beraberindeki heyeti kabul etti. G\u00f6r\u00fc\u015fmede Ukrayna\u2019daki durum, ikili ili\u015fkiler ve b\u00f6lgesel konular ele al\u0131nd\u0131. Putin g\u00f6r\u00fc\u015fmenin ba\u015f\u0131nda yapt\u0131\u011f\u0131 konu\u015fmada, &#8220;Bug\u00fcn\u00fcn t\u00fcm zorluklar\u0131na ra\u011fmen ili\u015fkimizin bozulmadan kald\u0131\u011f\u0131n\u0131 ve geli\u015fmeye devam etti\u011fini g\u00f6rmekten b\u00fcy\u00fck mutluluk duyuyorum. Tarihimizde farkl\u0131 d\u00f6nemlerin oldu\u011funu biliyoruz, ancak bug\u00fcn ili\u015fkilerimizde en iyisine ve pragmatizme, yani ikili ili\u015fkilerin geli\u015ftirilmesine y\u00f6nelik pragmatik bir yakla\u015f\u0131ma dayanmaktad\u0131r. Uzun zamand\u0131r birbirimizi \u015fahsen tan\u0131yoruz ve biliyorum ki \u00e7al\u0131\u015fmalar\u0131n\u0131zda her \u015feyden \u00f6nce \u00fclkenizin, Macaristan&#8217;\u0131n ve Macar halk\u0131n\u0131n \u00e7\u0131karlar\u0131n\u0131 savunuyorsunuz&#8221; ifadelerini kulland\u0131.<br><br><strong>&#8220;Ukrayna sorununa ili\u015fkin dengeli duru\u015funuzu biliyoruz&#8221;<\/strong><\/p>\n\n\n\n<p>Putin, &#8220;Uluslararas\u0131 ili\u015fkiler de dahil olmak \u00fczere baz\u0131 konulardaki g\u00f6r\u00fc\u015flerimiz zaman zaman farkl\u0131la\u015fabilir. Ancak her hal\u00fckarda, her t\u00fcrl\u00fc konuyu a\u00e7\u0131k\u00e7a konu\u015fup tart\u0131\u015fabilece\u011fimiz bir ortam olu\u015fturduk. Bu, bize sadece tart\u0131\u015fma de\u011fil, ayn\u0131 zamanda her t\u00fcrl\u00fc soruna \u00e7\u00f6z\u00fcm arama f\u0131rsat\u0131 da veriyor. Ukrayna meselesine, Ukrayna sorununa ili\u015fkin dengeli duru\u015funuzu biliyoruz&#8221; \u015feklinde konu\u015ftu.<br><br><strong>&#8220;Enerji sekt\u00f6r\u00fcnde \u00e7ok iyi bir i\u015f birli\u011fimiz ve tart\u0131\u015fmam\u0131z gereken sorunlar var&#8221;<\/strong><\/p>\n\n\n\n<p>Putin, &#8220;\u0130kili ili\u015fkilerde, son 1 y\u0131lda, elbette \u00f6ncelikle d\u0131\u015f k\u0131s\u0131tlamalardan kaynaklanan, ancak yine de \u00f6nemli bir d\u00fc\u015f\u00fc\u015f olan, eksi y\u00fczde 23 oran\u0131nda, ticaret ciromuzda hafif bir d\u00fc\u015f\u00fc\u015f g\u00f6rd\u00fc\u011f\u00fcm\u00fcz\u00fc \u00fcz\u00fclerek belirtmek isterim. Ama ayn\u0131 zamanda iyi beklentilerimiz de var. Bu y\u0131l, k\u00fc\u00e7\u00fck, m\u00fctevaz\u0131 ama yine de y\u00fczde 7&#8217;nin \u00fczerinde bir b\u00fcy\u00fcme g\u00f6rd\u00fck. Elbette enerji sekt\u00f6r\u00fcnde \u00e7ok iyi bir i\u015f birli\u011fimiz var. Ve burada tart\u0131\u015fmam\u0131z gereken konular ve sorunlar var&#8221; dedi.<br><br><strong>&#8220;Trump ile Budape\u015fte&#8217;de memnuniyetle g\u00f6r\u00fc\u015f\u00fcr\u00fcm&#8221;<\/strong><\/p>\n\n\n\n<p>Ukrayna&#8217;n\u0131n sava\u015f\u0131n sona erdirilmesine y\u00f6nelik ABD Ba\u015fkan\u0131 Donald Trump ile yeni bir g\u00f6r\u00fc\u015fme ihtimaline de de\u011finen Putin, &#8220;Bu Donald&#8217;\u0131n \u00f6nerisiydi, \u015f\u00f6yle dedi, &#8216;Macaristan ile iyi ili\u015fkilerimiz var, sizin ve Viktor&#8217;un da iyi ili\u015fkileri var, ben de \u00f6yleyim, bu y\u00fczden bu se\u00e7ene\u011fi \u00f6neriyorum.&#8217; Elbette memnuniyetle kabul ettik. E\u011fer m\u00fczakereler s\u0131ras\u0131nda mekan olarak Budape\u015fte s\u00f6z konusu olursa ben de \u00e7ok memnun olurum. Yard\u0131m sa\u011flamaya g\u00f6sterdi\u011finiz isteklili\u011finiz i\u00e7in size te\u015fekk\u00fcr etmek isterim&#8221; \u015feklinde konu\u015ftu.<br><br><strong>&#8220;D\u0131\u015f bask\u0131lara boyun e\u011fmedik veya i\u015f birli\u011fimizi kesmedik&#8221;<\/strong><\/p>\n\n\n\n<p>Macaristan Ba\u015fbakan\u0131 Viktor Orban ise g\u00f6r\u00fc\u015fmede, &#8220;Sizinle 14\u2019\u00fcnc\u00fc kez bir araya geliyoruz. Mevcut tarihi an\u0131 dikkate ald\u0131\u011f\u0131m\u0131zda, halklar\u0131m\u0131z aras\u0131ndaki i\u015fbirli\u011finin geli\u015ftirilmesi konusunda ger\u00e7ekten \u00e7ok \u015fey ba\u015fard\u0131\u011f\u0131m\u0131z\u0131 d\u00fc\u015f\u00fcn\u00fcyorum. Egemen bir d\u0131\u015f politika izliyoruz. Rusya&#8217;ya yakla\u015f\u0131m\u0131m\u0131zda tutarl\u0131y\u0131z ve \u00f6nemli alanlarda i\u015f birli\u011fi yap\u0131yoruz. Bu \u00f6nemli alanlar\u0131n hi\u00e7birinde d\u0131\u015f bask\u0131lara boyun e\u011fmedik veya i\u015f birli\u011fimizi kesmedik. Macaristan&#8217;\u0131n enerji g\u00fcvenli\u011finin temelinin, ge\u00e7mi\u015fte, g\u00fcn\u00fcm\u00fczde ve gelecekte istikrarl\u0131 Rus enerji kaynaklar\u0131 oldu\u011funu vurgulamak isterim. Rus enerji kaynaklar\u0131n\u0131n istikrar\u0131na ve \u00f6ng\u00f6r\u00fclebilirli\u011fine b\u00fcy\u00fck \u00f6nem veriyoruz. Macaristan, \u00fclkenizle bir enerji diyalo\u011fu s\u00fcrd\u00fcrmekle ilgileniyor ve bug\u00fcn bu konular\u0131 ayr\u0131nt\u0131l\u0131 olarak g\u00f6r\u00fc\u015fmek istiyorum&#8221; ifadelerini kulland\u0131.<\/p>\n\n\n\n<p>Ukrayna bar\u0131\u015f g\u00f6r\u00fc\u015fmelerine de\u011finen Orban, &#8220;Macaristan bar\u0131\u015fa \u00f6nem veriyor ve son d\u00f6nemde a\u00e7\u0131klanan bar\u0131\u015f giri\u015fimlerinin bar\u0131\u015fa ula\u015ft\u0131rmas\u0131n\u0131 temenni ediyoruz. Bug\u00fcnk\u00fc g\u00f6r\u00fc\u015fmemiz bana, Macaristan&#8217;\u0131n bu t\u00fcr m\u00fczakereler i\u00e7in bir platform sa\u011flamaya ve bu s\u00fcrecin ba\u015far\u0131yla tamamlanmas\u0131na yard\u0131mc\u0131 olmaya haz\u0131r oldu\u011funu teyit etme f\u0131rsat\u0131 veriyor&#8221; dedi.<br><br><strong>&#8220;Rus kontrol\u00fcndeki S\u0131rp NIS \u015firketinin Macar \u015firkete devri de g\u00f6r\u00fc\u015f\u00fcld\u00fc&#8221;<\/strong><\/p>\n\n\n\n<p>Macaristan medyas\u0131na g\u00f6re Putin ile Orban, S\u0131rbistan\u2019\u0131n \u00e7o\u011funluk hisseleri Ruslara ait olmas\u0131 nedeniyle ABD yapt\u0131r\u0131mlar\u0131n\u0131n hedefi olan petrol ve gaz \u015firketi S\u0131rbistan Petrol End\u00fcstrisi (NIS) \u015firketinin k\u0131smen Macar petrol ve do\u011falgaz \u015firketi MOL\u2019e devri konusunu da g\u00f6r\u00fc\u015ft\u00fc.<br>Orban, Moskova\u2019ya hareketinden \u00f6nce yapt\u0131\u011f\u0131 a\u00e7\u0131klamada, Macaristan\u2019\u0131n Rusya\u2019dan petrol ve gaz ithalat\u0131n\u0131 s\u00fcrd\u00fcrmek istedi\u011fini belirtmi\u015fti. Kas\u0131m ay\u0131 ba\u015f\u0131nda ABD\u2019yi ziyaret ederek Rus enerjisi kullan\u0131m\u0131na ili\u015fkin ABD yapt\u0131r\u0131mlar\u0131ndan muafiyet talebine onay alan Macar lider, Rusya\u2019n\u0131n Macaristan\u2019a Avrupa\u2019n\u0131n en d\u00fc\u015f\u00fck fiyatl\u0131 enerjisini tedarik etti\u011fini belirtmi\u015fti.<br><br><strong>Merz ve Golob\u2019dan Moskova ziyaretine ele\u015ftiri<\/strong><\/p>\n\n\n\n<p>Avrupa Birli\u011fi (AB) \u00fcyesi Macaristan&#8217;\u0131n Ba\u015fbakan\u0131 Orban&#8217;\u0131n Moskova temaslar\u0131, Almanya Ba\u015fbakan\u0131 Friedrich Merz ve Slovenya Ba\u015fbakan\u0131 Robert Golob taraf\u0131ndan ele\u015ftirildi. Berlin\u2019de d\u00fczenledikleri ortak bas\u0131n toplant\u0131s\u0131nda konu\u015fan iki lider, Orban\u2019\u0131n Rusya ziyaretinde AB\u2019yi temsil etmedi\u011fini vurgulad\u0131. Orban\u2019\u0131n Rusya konusundaki tutumunun bilindi\u011fine dikkat \u00e7eken Merz, &#8220;Kendisinin ziyareti, Avrupa\u2019dan verilen bir yetki ya da bize dan\u0131\u015farak yap\u0131lm\u0131\u015f de\u011fildir&#8221; dedi. Golob ise, &#8220;Macar lider, bir s\u00fcredir sahada Avrupa tak\u0131m\u0131n\u0131n oyuncusu olarak oynam\u0131yor ve bu ziyaret de bu ba\u011flamda ger\u00e7ekle\u015ftiriliyor&#8221; dedi.<\/p>\n\n\n\n<p>Kaynak: \u0130HA<\/p>\n\n\n\n<p><\/p>\n","protected":false},"excerpt":{"rendered":"<p>Rusya Devlet Ba\u015fkan\u0131 Putin, Macaristan Ba\u015fbakan\u0131 Viktor Orban ile Kremlin Saray\u0131nda ger\u00e7ekle\u015ftirdi\u011fi g\u00f6r\u00fc\u015fmede, &#8220;(ABD Ba\u015fkan\u0131 Donald Trump ile) E\u011fer g\u00f6r\u00fc\u015fmede mekan olarak Budape\u015fte s\u00f6z konusu olursa ben de \u00e7ok memnun olurum&#8221; dedi. Rusya Devlet Ba\u015fkan\u0131 Vladimir Putin, ba\u015fkent Moskova\u2019daki Kremlin Saray\u0131nda Macaristan Ba\u015fbakan\u0131 Viktor Orban ve beraberindeki heyeti kabul etti. G\u00f6r\u00fc\u015fmede Ukrayna\u2019daki durum, ikili ili\u015fkiler [&hellip;]<\/p>\n","protected":false},"author":1,"featured_media":7064,"comment_status":"open","ping_status":"open","sticky":false,"template":"","format":"standard","meta":{"footnotes":""},"categories":[127],"tags":[924,1925,2559,2560],"class_list":["post-7063","post","type-post","status-publish","format-standard","has-post-thumbnail","hentry","category-dunya","tag-donald-trump","tag-macaristan","tag-rusya-devlet-baskani-putin","tag-viktor-orban"],"_links":{"self":[{"href":"https:\/\/www.trabzonmanset.com\/index.php\/wp-json\/wp\/v2\/posts\/7063","targetHints":{"allow":["GET"]}}],"collection":[{"href":"https:\/\/www.trabzonmanset.com\/index.php\/wp-json\/wp\/v2\/posts"}],"about":[{"href":"https:\/\/www.trabzonmanset.com\/index.php\/wp-json\/wp\/v2\/types\/post"}],"author":[{"embeddable":true,"href":"https:\/\/www.trabzonmanset.com\/index.php\/wp-json\/wp\/v2\/users\/1"}],"replies":[{"embeddable":true,"href":"https:\/\/www.trabzonmanset.com\/index.php\/wp-json\/wp\/v2\/comments?post=7063"}],"version-history":[{"count":1,"href":"https:\/\/www.trabzonmanset.com\/index.php\/wp-json\/wp\/v2\/posts\/7063\/revisions"}],"predecessor-version":[{"id":7065,"href":"https:\/\/www.trabzonmanset.com\/index.php\/wp-json\/wp\/v2\/posts\/7063\/revisions\/7065"}],"wp:featuredmedia":[{"embeddable":true,"href":"https:\/\/www.trabzonmanset.com\/index.php\/wp-json\/wp\/v2\/media\/7064"}],"wp:attachment":[{"href":"https:\/\/www.trabzonmanset.com\/index.php\/wp-json\/wp\/v2\/media?parent=7063"}],"wp:term":[{"taxonomy":"category","embeddable":true,"href":"https:\/\/www.trabzonmanset.com\/index.php\/wp-json\/wp\/v2\/categories?post=7063"},{"taxonomy":"post_tag","embeddable":true,"href":"https:\/\/www.trabzonmanset.com\/index.php\/wp-json\/wp\/v2\/tags?post=7063"}],"curies":[{"name":"wp","href":"https:\/\/api.w.org\/{rel}","templated":true}]}}