{"id":7032,"date":"2025-11-27T18:39:00","date_gmt":"2025-11-27T15:39:00","guid":{"rendered":"https:\/\/www.trabzonmanset.com\/?p=7032"},"modified":"2025-11-27T20:42:57","modified_gmt":"2025-11-27T17:42:57","slug":"hong-kongda-sitede-cikan-yanginda-hayatini-kaybedenlerin-sayisi-75e-yukseldi","status":"publish","type":"post","link":"https:\/\/www.trabzonmanset.com\/index.php\/2025\/11\/27\/hong-kongda-sitede-cikan-yanginda-hayatini-kaybedenlerin-sayisi-75e-yukseldi\/","title":{"rendered":"Hong Kong&#8217;da sitede \u00e7\u0131kan yang\u0131nda hayat\u0131n\u0131 kaybedenlerin say\u0131s\u0131 75&#8217;e y\u00fckseldi"},"content":{"rendered":"\n<p>\u00c7in&#8217;in Hong Kong \u00d6zel \u0130dari B\u00f6lgesi&#8217;nin Tai Po b\u00f6lgesinde d\u00fcn 8 apartman\u0131n bulundu\u011fu sitede \u00e7\u0131kan yang\u0131nda hayat\u0131n\u0131 kaybedenlerin say\u0131s\u0131n\u0131n 75&#8217;e y\u00fckseldi\u011fi bildirildi.<\/p>\n\n\n\n<p>Hong Kong \u0130tfaiyesi yetkilileri, yapt\u0131klar\u0131 a\u00e7\u0131klamada, yang\u0131nda \u015fu ana dek aralar\u0131nda bir itfaiyecinin de oldu\u011fu 75 ki\u015finin ya\u015fam\u0131n\u0131 yitirdi\u011fini, 11&#8217;i itfaiyeci 76 ki\u015finin yaraland\u0131\u011f\u0131n\u0131 belirtti.<\/p>\n\n\n\n<p>D\u00fcn \u00f6\u011fle saatlerinde 1900&#8217;den fazla dairenin bulundu\u011fu Wang Fuk Sitesi&#8217;nde ba\u015flayan yang\u0131n, binalar\u0131n tadilat\u0131 i\u00e7in d\u0131\u015f cephelerine kurulu bambu iskeleler ve yan\u0131c\u0131 izolasyon malzemelerin tutu\u015fmas\u0131yla h\u0131zla yay\u0131lm\u0131\u015ft\u0131.<\/p>\n\n\n\n<p>Yakla\u015f\u0131k 4 bin ki\u015finin ya\u015fad\u0131\u011f\u0131 tahmin edilen sitede alevlerin sard\u0131\u011f\u0131 31 katl\u0131 7 apartman\u0131n 3&#8217;\u00fcndeki yang\u0131n kontrol alt\u0131na al\u0131n\u0131rken s\u00f6nd\u00fcrme \u00e7al\u0131\u015fmalar\u0131 32 saati a\u015fk\u0131nd\u0131r s\u00fcrd\u00fcr\u00fcyor.<\/p>\n\n\n\n<p>\u0130tfaiye ekiplerinin, \u015fimdiye kadar siteden ald\u0131klar\u0131 341 yard\u0131m \u00e7a\u011fr\u0131s\u0131ndan 50&#8217;sine yan\u0131t veremedi\u011fi kaydedildi.<\/p>\n\n\n\n<h3 class=\"wp-block-heading\">3 \u015f\u00fcpheli g\u00f6zalt\u0131na al\u0131nd\u0131<\/h3>\n\n\n\n<p>Emniyet yetkilileri, yang\u0131na ili\u015fkin sitedeki tadilat\u0131 y\u00fcr\u00fcten in\u015faat \u015firketinin 2 m\u00fcd\u00fcr\u00fc ile dan\u0131\u015fman m\u00fchendis olmak \u00fczere 3 ki\u015fiyi &#8220;taksirle \u00f6l\u00fcme sebebiyet vermek&#8221; su\u00e7lamas\u0131yla g\u00f6zalt\u0131na ald\u0131.<\/p>\n\n\n\n<p>Polis Ba\u015fm\u00fcfetti\u015fi Eileen Chung Lai-yee, &#8220;\u015eirketin sorumlular\u0131n\u0131n, olayda a\u011f\u0131r ihmalinin bulundu\u011fu ve bunun yang\u0131n\u0131n h\u0131zla yay\u0131lmas\u0131na ve \u00e7ok say\u0131da can kayb\u0131na yol a\u00e7t\u0131\u011f\u0131na dair sebeplerimiz var.&#8221; ifadesini kulland\u0131.<\/p>\n\n\n\n<p>G\u00fcvenlik Bakan\u0131 Chris Tang da ilk incelemelere g\u00f6re yang\u0131n\u0131n h\u0131zla yay\u0131lmas\u0131n\u0131n ola\u011fan d\u0131\u015f\u0131 oldu\u011funa, buna b\u00fcy\u00fck \u00f6l\u00e7\u00fcde plastik k\u00f6p\u00fck yal\u0131t\u0131m malzemesinin yol a\u00e7t\u0131\u011f\u0131na i\u015faret ederek, &#8220;Bina duvarlar\u0131n\u0131n kapland\u0131\u011f\u0131 materyalin, iskeleti \u00e7evreleyip kurulan a\u011flar\u0131n ve su ge\u00e7irmez mu\u015famban\u0131n yand\u0131\u011f\u0131nda alevlerin, standartlara uygun malzemelerde olmas\u0131 gerekenden daha h\u0131zl\u0131 yay\u0131ld\u0131\u011f\u0131n\u0131 g\u00f6rd\u00fck.&#8221; a\u00e7\u0131klamas\u0131nda bulundu.<\/p>\n\n\n\n<h3 class=\"wp-block-heading\">\u00d6\u011fle saatinde olmas\u0131 b\u00fcy\u00fck can kayb\u0131n\u0131 \u00f6nledi<\/h3>\n\n\n\n<p>G\u00f6rg\u00fc tan\u0131klar\u0131, yang\u0131n\u0131n \u00f6\u011fle saatlerinde \u00e7\u0131kmas\u0131n\u0131n, \u00e7al\u0131\u015fanlar\u0131n evlerinde olmamas\u0131n\u0131n ve ka\u00e7abilecek durumdakilerin evlerinden ayr\u0131lmas\u0131n\u0131n can kayb\u0131n\u0131n artmas\u0131n\u0131 engelledi\u011fini dile getirdi.<\/p>\n\n\n\n<p>AA muhabirine a\u00e7\u0131klama yapan Samuel Chan, &#8220;Bunun gece oldu\u011funu d\u00fc\u015f\u00fcnmek dahi istemiyorum, bak\u0131n yang\u0131n hala devam ediyor. Yang\u0131n s\u0131ras\u0131nda b\u00f6yle \u00e7ok katl\u0131 bir apartman\u0131n \u00fcst katlar\u0131nda oldu\u011funuzu d\u00fc\u015f\u00fcn\u00fcn, kurtulma \u015fans\u0131n\u0131z \u00e7ok az olurdu.&#8221; ifadelerini kulland\u0131.<\/p>\n\n\n\n<p>Chan, itfaiye ekipleri hen\u00fcz binalara girmediklerinden can kayb\u0131n\u0131n artmas\u0131n\u0131n beklendi\u011fini, ya\u015fam\u0131n\u0131 yitirenlerin b\u00fcy\u00fck b\u00f6l\u00fcm\u00fcn\u00fcn yang\u0131n\u0131n \u00e7\u0131kt\u0131\u011f\u0131 saatte evlerindeki ya\u015fl\u0131lar olmas\u0131 ihtimalinin y\u00fcksek bulundu\u011fu yorumunu yapt\u0131.<\/p>\n\n\n\n<h3 class=\"wp-block-heading\">5. seviye alarm verildi<\/h3>\n\n\n\n<p>Yang\u0131nlar\u0131n \u015fiddeti i\u00e7in 5 kademeli derecelendirme sistemi kullan\u0131lan Hong Kong&#8217;da 17 y\u0131l sonra ilk defa 5. seviye alarm\u0131 verildi.<\/p>\n\n\n\n<p>\u00c7evrede bulunan iki sitenin daha tahliye edildi\u011fini bildiren yetkililer, kurulan 8 ge\u00e7ici bar\u0131na\u011fa yang\u0131ndan etkilenen 900 ki\u015finin s\u0131\u011f\u0131nd\u0131\u011f\u0131n\u0131 belirtti.<\/p>\n\n\n\n<p>Yetkililer, 140&#8217;tan fazla yang\u0131n s\u00f6nd\u00fcrme arac\u0131n\u0131n ve 800&#8217;\u00fcn \u00fczerinde sa\u011fl\u0131k ve itfaiye personelinin olay yerine sevk edildi\u011fini s\u00f6yledi.<\/p>\n\n\n\n<p>Ula\u015ft\u0131rma Bakanl\u0131\u011f\u0131ndan yap\u0131lan a\u00e7\u0131klamada, yang\u0131n nedeniyle \u00e7evre yollar\u0131n ula\u015f\u0131ma kapat\u0131ld\u0131\u011f\u0131 bildirildi.<\/p>\n\n\n\n<h3 class=\"wp-block-heading\">Devlet Ba\u015fkan\u0131 \u015ei&#8217;den ba\u015fsa\u011fl\u0131\u011f\u0131<\/h3>\n\n\n\n<p>\u00c7in Devlet Ba\u015fkan\u0131 \u015ei Cinping, olayda hayat\u0131n\u0131 kaybedenler i\u00e7in Hong Kong h\u00fck\u00fcmetine ba\u015fsa\u011fl\u0131\u011f\u0131 dileyerek, Pekin&#8217;in Hong Kong ve Makau \u0130\u015fleri Ofisine yerel h\u00fck\u00fcmete yang\u0131nla m\u00fccadele i\u00e7in destek sa\u011flamas\u0131 talimat\u0131n\u0131 verdi.<\/p>\n\n\n\n<p>Hong Kong Ba\u015f Y\u00f6neticisi John Lee Ka-chiu, \u00e7ok say\u0131da can kayb\u0131 ve yaralanmaya yol a\u00e7an yang\u0131n nedeniyle derin \u00fcz\u00fcnt\u00fc duydu\u011funu belirterek, hayat\u0131n\u0131 kaybedenlerin ailelerine ba\u015fsa\u011fl\u0131\u011f\u0131, yaral\u0131lara acil \u015fifa diledi.<\/p>\n\n\n\n<p>Lee, yang\u0131nla ilgili \u00e7al\u0131\u015fmalar\u0131 koordine etmek \u00fczere kabinesiyle acil toplant\u0131 yapt\u0131.<\/p>\n\n\n\n<p>Olay, Hong Kong&#8217;da son 70 y\u0131lda en fazla can kayb\u0131na yol a\u00e7an yang\u0131n olarak kay\u0131tlara ge\u00e7ti.<\/p>\n\n\n\n<p>Kaynak: AA<\/p>\n","protected":false},"excerpt":{"rendered":"<p>\u00c7in&#8217;in Hong Kong \u00d6zel \u0130dari B\u00f6lgesi&#8217;nin Tai Po b\u00f6lgesinde d\u00fcn 8 apartman\u0131n bulundu\u011fu sitede \u00e7\u0131kan yang\u0131nda hayat\u0131n\u0131 kaybedenlerin say\u0131s\u0131n\u0131n 75&#8217;e y\u00fckseldi\u011fi bildirildi. Hong Kong \u0130tfaiyesi yetkilileri, yapt\u0131klar\u0131 a\u00e7\u0131klamada, yang\u0131nda \u015fu ana dek aralar\u0131nda bir itfaiyecinin de oldu\u011fu 75 ki\u015finin ya\u015fam\u0131n\u0131 yitirdi\u011fini, 11&#8217;i itfaiyeci 76 ki\u015finin yaraland\u0131\u011f\u0131n\u0131 belirtti. D\u00fcn \u00f6\u011fle saatlerinde 1900&#8217;den fazla dairenin bulundu\u011fu Wang [&hellip;]<\/p>\n","protected":false},"author":1,"featured_media":7033,"comment_status":"open","ping_status":"open","sticky":false,"template":"","format":"standard","meta":{"footnotes":""},"categories":[127],"tags":[2533,2513,2531,2532],"class_list":["post-7032","post","type-post","status-publish","format-standard","has-post-thumbnail","hentry","category-dunya","tag-eileen-chung-lai-yee","tag-hong-kong","tag-hong-kong-yangin","tag-wang-fuk"],"_links":{"self":[{"href":"https:\/\/www.trabzonmanset.com\/index.php\/wp-json\/wp\/v2\/posts\/7032","targetHints":{"allow":["GET"]}}],"collection":[{"href":"https:\/\/www.trabzonmanset.com\/index.php\/wp-json\/wp\/v2\/posts"}],"about":[{"href":"https:\/\/www.trabzonmanset.com\/index.php\/wp-json\/wp\/v2\/types\/post"}],"author":[{"embeddable":true,"href":"https:\/\/www.trabzonmanset.com\/index.php\/wp-json\/wp\/v2\/users\/1"}],"replies":[{"embeddable":true,"href":"https:\/\/www.trabzonmanset.com\/index.php\/wp-json\/wp\/v2\/comments?post=7032"}],"version-history":[{"count":1,"href":"https:\/\/www.trabzonmanset.com\/index.php\/wp-json\/wp\/v2\/posts\/7032\/revisions"}],"predecessor-version":[{"id":7034,"href":"https:\/\/www.trabzonmanset.com\/index.php\/wp-json\/wp\/v2\/posts\/7032\/revisions\/7034"}],"wp:featuredmedia":[{"embeddable":true,"href":"https:\/\/www.trabzonmanset.com\/index.php\/wp-json\/wp\/v2\/media\/7033"}],"wp:attachment":[{"href":"https:\/\/www.trabzonmanset.com\/index.php\/wp-json\/wp\/v2\/media?parent=7032"}],"wp:term":[{"taxonomy":"category","embeddable":true,"href":"https:\/\/www.trabzonmanset.com\/index.php\/wp-json\/wp\/v2\/categories?post=7032"},{"taxonomy":"post_tag","embeddable":true,"href":"https:\/\/www.trabzonmanset.com\/index.php\/wp-json\/wp\/v2\/tags?post=7032"}],"curies":[{"name":"wp","href":"https:\/\/api.w.org\/{rel}","templated":true}]}}