{"id":7015,"date":"2025-11-27T12:49:00","date_gmt":"2025-11-27T09:49:00","guid":{"rendered":"https:\/\/www.trabzonmanset.com\/?p=7015"},"modified":"2025-11-27T20:21:14","modified_gmt":"2025-11-27T17:21:14","slug":"dursun-ozbek-derbinin-bizlere-yakisan-sekilde-ve-dostluk-icinde-olmasini-istiyorum","status":"publish","type":"post","link":"https:\/\/www.trabzonmanset.com\/index.php\/2025\/11\/27\/dursun-ozbek-derbinin-bizlere-yakisan-sekilde-ve-dostluk-icinde-olmasini-istiyorum\/","title":{"rendered":"Dursun \u00d6zbek: &#8220;Derbinin bizlere yak\u0131\u015fan \u015fekilde ve dostluk i\u00e7inde olmas\u0131n\u0131 istiyorum&#8221;"},"content":{"rendered":"\n<p>Galatasaray Ba\u015fkan\u0131 Dursun \u00d6zbek, Trendyol S\u00fcper Lig\u2019in 14. haftas\u0131nda Kad\u0131k\u00f6y\u2019de oynayacaklar\u0131 Fenerbah\u00e7e derbisinin kendilerine yak\u0131\u015fan \u015fekilde, sakatl\u0131\u011f\u0131n olmad\u0131\u011f\u0131 ve dostluk i\u00e7inde ge\u00e7mesini istedi\u011fini s\u00f6yledi.<\/p>\n\n\n\n<p>Galatasaray Ba\u015fkan\u0131 Dursun \u00d6zbek, RAMS Park\u2019ta d\u00fczenlenen sponsorluk anla\u015fmas\u0131n\u0131n imza t\u00f6reninde g\u00fcndemle ilgili a\u00e7\u0131klamalarda bulundu. Trendyol S\u00fcper Lig\u2019in 14. haftas\u0131nda 1 Aral\u0131k Pazartesi g\u00fcn\u00fc deplasmanda oynayacaklar\u0131 Fenerbah\u00e7e derbisine haz\u0131rland\u0131klar\u0131n\u0131 s\u00f6yleyen \u00d6zbek, &#8220;T\u00fcrkiye ve d\u00fcnyada b\u00fcy\u00fck bir ilgiyle izlenen derbi olacak. Her \u015feyden evvel bu derbinin bizlere yak\u0131\u015fan, \u00fclkemize yak\u0131\u015fan, sakatl\u0131\u011f\u0131n olmad\u0131\u011f\u0131, dostluk i\u00e7inde olmas\u0131n\u0131 istiyorum. Atanacak hakem konusu, federasyonun i\u015fi. Konunun ciddiyeti b\u00fct\u00fcn d\u00fcnyada izlenen derbi olmas\u0131ndan dolay\u0131 gerekli atamay\u0131 yapaca\u011f\u0131na inan\u0131yorum. Ge\u00e7ti\u011fimiz kaotik g\u00fcnlerdeki tart\u0131\u015fmalara sebebiyet vermeyecek bir y\u00f6netim tarz\u0131 sergilemesini arzu ediyorum. Hakem hatalar\u0131 d\u00fcnyada her yerde oluyor. Sal\u0131 g\u00fcn\u00fc oynad\u0131\u011f\u0131m\u0131z \u015eampiyonlar Ligi ma\u00e7\u0131nda da \u00e7ok b\u00fcy\u00fck bir hakem hatas\u0131yla kar\u015f\u0131la\u015ft\u0131k. M\u00fcmk\u00fcn oldu\u011fu kadar az, m\u00fcmk\u00fcn oldu\u011fu kadar toplumlar\u0131n kabul edebilece\u011fi hatalar\u0131 g\u00f6relim. Hem VAR\u2019\u0131n hem de hakemin gerekli itinay\u0131 g\u00f6stermesini istiyorum. T\u00fcrk futbol taraftar\u0131na ve d\u00fcnyaya g\u00fczel bir ma\u00e7 izletece\u011fimizin kanaatindeyim. G\u00fczel bir ma\u00e7 olacak&#8221; c\u00fcmlelerine yer verdi.<\/p>\n\n\n\n<p><strong>&#8220;\u00d6rnekleri var, federasyonun onun d\u0131\u015f\u0131nda bir uygulamaya gidece\u011fini d\u00fc\u015f\u00fcnm\u00fcyorum&#8221;<\/strong><\/p>\n\n\n\n<p>Fenerbah\u00e7e\u2019nin Brezilyal\u0131 kalecisi Ederson\u2019un, \u00c7aykur Rizespor ma\u00e7\u0131nda yapt\u0131\u011f\u0131 hareketten dolay\u0131 Profesyonel Futbol Disiplin Kurulu\u2019na (PFDK) sevk edilmesinin hat\u0131rlat\u0131lmas\u0131 \u00fczerine Ba\u015fkan \u00d6zbek, &#8220;O federasyonun i\u015fi. Daha \u00f6nce benzer uygulamalar zaten vard\u0131. Federasyon t\u00fcm bunlar\u0131n \u0131\u015f\u0131\u011f\u0131nda b\u00fct\u00fcn bunlar\u0131 dikkate alarak de\u011ferlendirecektir. \u00d6rnekleri var, onun d\u0131\u015f\u0131nda bir uygulamaya gidece\u011fini d\u00fc\u015f\u00fcnm\u00fcyorum&#8221; \u015feklinde konu\u015ftu.<\/p>\n\n\n\n<p><strong>&#8220;\u015eampiyonlar Ligi\u2019nde hi\u00e7 bekledi\u011fimiz bir yenilgi ald\u0131k&#8221;<\/strong><\/p>\n\n\n\n<p>UEFA \u015eampiyonlar Ligi\u2019nin 5. haftas\u0131nda Bel\u00e7ika ekibi Union Saint-Gilloise kar\u015f\u0131s\u0131nda beklemedikleri bir yenilgi ald\u0131klar\u0131n\u0131 ifade eden sar\u0131-k\u0131rm\u0131z\u0131l\u0131lar\u0131n ba\u015fkan\u0131, s\u00f6zlerine \u015f\u00f6yle devam etti:<\/p>\n\n\n\n<p>&#8220;Hesab\u0131m\u0131z \u00f6yle de\u011fildi. Ma\u00e7\u0131 izleyeneler g\u00f6rm\u00fc\u015ft\u00fcr, buradaki al\u0131nan neticeyi etkileyen baz\u0131 parametreler var. Bunlar\u0131n ba\u015f\u0131nda \u00f6zellikle milli ma\u00e7lara verilen aradan sonraki tak\u0131mlar\u0131n ba\u015f\u0131na gelen sakatl\u0131k s\u00fcre\u00e7leri etkili olmu\u015ftur. Galatasaray\u2019\u0131n mevcut kadrosundaki \u00e7ok say\u0131da milli oyuncu olmas\u0131, bunlar\u0131n milli ma\u00e7lar\u0131 var. Lig ve kupay\u0131 dahil etti\u011fimiz zaman sezon boyunca 70 ma\u00e7 civar\u0131nda oynuyorlar. Bunun getirdi\u011fi yorulmalar ve sakatl\u0131klar etkili oluyor. Galatasaray da bundan b\u00fcy\u00fck \u00f6l\u00e7\u00fcde nasibini alm\u0131\u015f vaziyette. Ge\u00e7en sal\u0131 ak\u015fam\u0131 ma\u00e7\u0131 etkileyen fakt\u00f6rlerden biri, sakatl\u0131klar. \u00d6nemli fakt\u00f6rlerden biri de hakemin verdi\u011fi kararlard\u0131. Ma\u00e7tan sonra daha net izleyerek verilen kararlar\u0131n neticeye etki etti\u011fi \u00e7ok net, \u00e7ok a\u00e7\u0131k bir \u015fekilde g\u00f6r\u00fcl\u00fcyor. Uygulanmayan ikinci bir sar\u0131 kart var. \u00dc\u00e7\u00fcnc\u00fc bir husus da \u00fclkemizin futbolun ba\u015f\u0131na gelmi\u015f belalardan biri olan bahis uygulamas\u0131. Federasyonun, bahisle futbolculara uygulad\u0131\u011f\u0131 cezalar\u0131n da etkisi olmu\u015ftur. Kadromuzdaki \u00f6nemli oyunculardan baz\u0131lar\u0131 bu cezaya muhatap olmu\u015ftur. Bu fakt\u00f6rlerin ma\u011flubiyetimize bir sebebiyet te\u015fkil etsin diye s\u00f6ylemiyorum. Bunlar\u0131n da etkisi olmu\u015ftur. \u015eampiyonlar Ligi\u2019nde ilk 8 hedefimiz vard\u0131. Bu hedefimizden sapm\u0131\u015f de\u011filiz. \u015eampiyonlar Ligi\u2019nde Galatasaray\u2019\u0131 en y\u00fcksek seviyeye kadar ta\u015f\u0131yaca\u011f\u0131z. Hi\u00e7 kimse bundan endi\u015fe etmesin. \u00d6n\u00fcm\u00fczde 3 ma\u00e7 var. Bu 3 ma\u00e7ta da gereken puanlar\u0131 toplamay\u0131 hedefliyoruz. Tak\u0131m\u0131ma g\u00fcveniyorum. \u015eampiyonlar Ligi\u2019nde arzulad\u0131\u011f\u0131m\u0131z yere ta\u015f\u0131yacaklard\u0131r.&#8221;<\/p>\n\n\n\n<p><strong>&#8220;Toplumu germeye gerek yok&#8221;<\/strong><\/p>\n\n\n\n<p>Derbi atmosferinin ge\u00e7ti\u011fimiz y\u0131llara g\u00f6re sakin ge\u00e7ti\u011fini ve b\u00f6yle de olmas\u0131 gerekti\u011fini vurgulayan Dursun \u00d6zbek, &#8220;Toplumu germeye gerek yok. Neticede uzun lig maratonunun bir ma\u00e7\u0131. Daha \u00e7ok uzun yol var. Gerginlik olmamas\u0131 toplumsal a\u00e7\u0131dan \u00e7ok iyi bir \u015fey. \u0130ki b\u00fcy\u00fck kul\u00fcp, taraftar kitlelerini etkiliyor. Toplumsal gerginlik haline geliyor. Buna hi\u00e7 gerek yok. Bu seviyede kalmas\u0131 sevindirici. \u0130n\u015fallah b\u00f6yle devam eder. Bizim davran\u0131\u015f \u015feklimize bu \u015fekilde ve bunu da s\u00fcrd\u00fcrmeye devam edece\u011fiz&#8221; dedi.<\/p>\n\n\n\n<p><strong>&#8220;Sessiz ama \u00e7ok nitelikli bir \u00e7al\u0131\u015fmayla transfer d\u00f6nemine haz\u0131rlan\u0131yoruz&#8221;<\/strong><\/p>\n\n\n\n<p>Transfer d\u00f6nemi i\u00e7in \u00e7al\u0131\u015fmalar\u0131n\u0131n s\u00fcrd\u00fc\u011f\u00fcn\u00fc aktaran \u00d6zbek, &#8220;Ara transfer d\u00f6nemine az zaman kald\u0131. Konuyu hocam\u0131zla, teknik ekibimizle y\u00f6netim kuruluyla beraber zaten her g\u00fcn tart\u0131\u015f\u0131yoruz. Scout ekibimizle de \u00e7al\u0131\u015fmalar\u0131m\u0131z devam ediyor. Devre aras\u0131na kadar herhangi bir a\u00e7\u0131klama yapmay\u0131 d\u00fc\u015f\u00fcnm\u00fcyoruz. \u00c7al\u0131\u015fmalar\u0131m\u0131z devam ediyor. Bu bir transfer d\u00f6nemidir. Bu d\u00f6nemde yap\u0131lan a\u00e7\u0131klamalar zaman zaman kul\u00fcb\u00fcn aleyhine i\u015fleyen a\u00e7\u0131klamalar oldu\u011fu i\u00e7in sessiz ama \u00e7ok nitelikli bir \u00e7al\u0131\u015fmayla transfer d\u00f6nemine haz\u0131rlan\u0131yoruz. Hocam\u0131n talebi \u00e7er\u00e7evesinde, teknik ekibimizin g\u00f6rd\u00fc\u011f\u00fc eksiklikleri yerine getirece\u011fiz&#8221; ifadelerini kulland\u0131.<\/p>\n\n\n\n<p><strong>&#8220;Toplumu germeden, kutupla\u015ft\u0131rmadan bir performans\u0131 sergilemek asil g\u00f6revimiz&#8221;<\/strong><\/p>\n\n\n\n<p>Fenerbah\u00e7e Ba\u015fkan\u0131 Sadettin Saran\u2019\u0131 daha \u00f6nceden tan\u0131\u011f\u0131n\u0131 da belirten Ba\u015fkan \u00d6zbek, &#8220;T\u00fcrkiye\u2019de 86 milyon vatanda\u015f\u0131n hepsi futbolla ilgili. Herkesin bir g\u00f6r\u00fc\u015f\u00fc var, tuttu\u011fu bir tak\u0131m var. Herkesin ma\u00e7lardan sonra yapt\u0131\u011f\u0131 yorumlar var. Ayn\u0131 ailenin payda\u015flar\u0131y\u0131z. Bizim sergiledi\u011fimiz tav\u0131rlar, duru\u015flar 86 milyonu da etkiliyor. Onun i\u00e7in ge\u00e7mi\u015fteki baz\u0131 uygulamalardan, baz\u0131 durumlardan ders \u00e7\u0131karmak bizlerin g\u00f6revi oldu\u011funu d\u00fc\u015f\u00fcn\u00fcyorum. Toplumu germeden, kutupla\u015ft\u0131rmadan, futbol ailesini \u00fczmeden herkesin memnun olaca\u011f\u0131 bir performans\u0131 sergilemek bizim asil g\u00f6revimiz. B\u00f6yle devam etmesini diliyorum. B\u00fct\u00fcn kul\u00fcp y\u00f6neticilerinin de benzer \u015fekilde d\u00fc\u015f\u00fcnd\u00fc\u011f\u00fcn\u00fc d\u00fc\u015f\u00fcn\u00fcyorum. Bizim amac\u0131m\u0131z T\u00fcrk futbolseverlere iyi performans izletmek ve as\u0131l hedefimiz Avrupa\u2019da ba\u015far\u0131l\u0131 olmak oldu\u011funu d\u00fc\u015f\u00fcn\u00fcyorum. \u00c7\u00fcnk\u00fc Galatasaray\u2019\u0131n misyonumuz bu. Kurucumuz Ali Sami Yen Bey\u2019in koydu\u011fu hedef bu, \u2019Yabanc\u0131 tak\u0131mlar\u0131 yenmek\u2019. B\u00fct\u00fcn tak\u0131mlar\u0131m\u0131z\u0131n ona odaklanmas\u0131n\u0131 diliyorum. Avrupa kupalar\u0131nda 3 tak\u0131m\u0131n ba\u015far\u0131l\u0131 bir \u015fekilde gidiyor. \u0130n\u015fallah tak\u0131m olarak Avrupa ba\u015far\u0131s\u0131n\u0131 en iyi seviyede tamamlar\u0131z. Herkesin benzer hedefi koyup, \u00f6zellikle gerginli\u011fe sebebiyet vermeyecek a\u00e7\u0131klamalar ve topluma verilen mesajlar\u0131n bu y\u00f6nde olmas\u0131 da en b\u00fcy\u00fck arzum&#8221; diyerek s\u00f6zlerini tamamlad\u0131.<\/p>\n","protected":false},"excerpt":{"rendered":"<p>Galatasaray Ba\u015fkan\u0131 Dursun \u00d6zbek, Trendyol S\u00fcper Lig\u2019in 14. haftas\u0131nda Kad\u0131k\u00f6y\u2019de oynayacaklar\u0131 Fenerbah\u00e7e derbisinin kendilerine yak\u0131\u015fan \u015fekilde, sakatl\u0131\u011f\u0131n olmad\u0131\u011f\u0131 ve dostluk i\u00e7inde ge\u00e7mesini istedi\u011fini s\u00f6yledi. Galatasaray Ba\u015fkan\u0131 Dursun \u00d6zbek, RAMS Park\u2019ta d\u00fczenlenen sponsorluk anla\u015fmas\u0131n\u0131n imza t\u00f6reninde g\u00fcndemle ilgili a\u00e7\u0131klamalarda bulundu. Trendyol S\u00fcper Lig\u2019in 14. haftas\u0131nda 1 Aral\u0131k Pazartesi g\u00fcn\u00fc deplasmanda oynayacaklar\u0131 Fenerbah\u00e7e derbisine haz\u0131rland\u0131klar\u0131n\u0131 s\u00f6yleyen \u00d6zbek, [&hellip;]<\/p>\n","protected":false},"author":1,"featured_media":7016,"comment_status":"open","ping_status":"open","sticky":false,"template":"","format":"standard","meta":{"footnotes":""},"categories":[14],"tags":[2415,533,451,1797,881,746],"class_list":["post-7015","post","type-post","status-publish","format-standard","has-post-thumbnail","hentry","category-spor","tag-dursun-ozbek","tag-fenerbahce","tag-galatasaray","tag-kadikoy","tag-rams-park","tag-trendyol-super-lig"],"_links":{"self":[{"href":"https:\/\/www.trabzonmanset.com\/index.php\/wp-json\/wp\/v2\/posts\/7015","targetHints":{"allow":["GET"]}}],"collection":[{"href":"https:\/\/www.trabzonmanset.com\/index.php\/wp-json\/wp\/v2\/posts"}],"about":[{"href":"https:\/\/www.trabzonmanset.com\/index.php\/wp-json\/wp\/v2\/types\/post"}],"author":[{"embeddable":true,"href":"https:\/\/www.trabzonmanset.com\/index.php\/wp-json\/wp\/v2\/users\/1"}],"replies":[{"embeddable":true,"href":"https:\/\/www.trabzonmanset.com\/index.php\/wp-json\/wp\/v2\/comments?post=7015"}],"version-history":[{"count":1,"href":"https:\/\/www.trabzonmanset.com\/index.php\/wp-json\/wp\/v2\/posts\/7015\/revisions"}],"predecessor-version":[{"id":7017,"href":"https:\/\/www.trabzonmanset.com\/index.php\/wp-json\/wp\/v2\/posts\/7015\/revisions\/7017"}],"wp:featuredmedia":[{"embeddable":true,"href":"https:\/\/www.trabzonmanset.com\/index.php\/wp-json\/wp\/v2\/media\/7016"}],"wp:attachment":[{"href":"https:\/\/www.trabzonmanset.com\/index.php\/wp-json\/wp\/v2\/media?parent=7015"}],"wp:term":[{"taxonomy":"category","embeddable":true,"href":"https:\/\/www.trabzonmanset.com\/index.php\/wp-json\/wp\/v2\/categories?post=7015"},{"taxonomy":"post_tag","embeddable":true,"href":"https:\/\/www.trabzonmanset.com\/index.php\/wp-json\/wp\/v2\/tags?post=7015"}],"curies":[{"name":"wp","href":"https:\/\/api.w.org\/{rel}","templated":true}]}}