{"id":6970,"date":"2025-11-26T18:08:00","date_gmt":"2025-11-26T15:08:00","guid":{"rendered":"https:\/\/www.trabzonmanset.com\/?p=6970"},"modified":"2025-11-26T19:11:21","modified_gmt":"2025-11-26T16:11:21","slug":"annesinin-kiligina-girip-3-yil-boyunca-emekli-maasini-aldi","status":"publish","type":"post","link":"https:\/\/www.trabzonmanset.com\/index.php\/2025\/11\/26\/annesinin-kiligina-girip-3-yil-boyunca-emekli-maasini-aldi\/","title":{"rendered":"Annesinin k\u0131l\u0131\u011f\u0131na girip 3 y\u0131l boyunca emekli maa\u015f\u0131n\u0131 ald\u0131"},"content":{"rendered":"\n<p>\u0130talya&#8217;n\u0131n Borgo Virgilio kasabas\u0131nda ya\u015fayan 56 ya\u015f\u0131ndaki bir adam\u0131n, \u00fc\u00e7 y\u0131l \u00f6nce \u00f6len annesinin k\u0131l\u0131\u011f\u0131na girerek emekli maa\u015f\u0131n\u0131 almaya devam etmesi \u00fclkede \u015fok etkisi yaratt\u0131. G\u00f6revlilerin \u015f\u00fcphelenmesiyle ba\u015flat\u0131lan soru\u015fturmada, ya\u015fl\u0131 kad\u0131n\u0131n cesedinin evde sakland\u0131\u011f\u0131 tespit edildi.<\/p>\n\n\n\n<p>\u0130talya&#8217;n\u0131n Mantua kenti yak\u0131nlar\u0131ndaki Borgo Virgilio&#8217;da ya\u015fayan 56 ya\u015f\u0131ndaki bir erkek, 2022&#8217;de \u00f6len annesinin \u00f6l\u00fcm\u00fcn\u00fc yetkililerden saklayarak emekli maa\u015f\u0131n\u0131 almaya devam etti\u011fi \u015f\u00fcphesiyle soru\u015fturma alt\u0131nda. \u0130ddiaya g\u00f6re \u015f\u00fcpheli, bu durumu s\u00fcrd\u00fcrebilmek i\u00e7in annesinin kimli\u011fini yenileme a\u015famas\u0131nda bile onun yerine ge\u00e7meye \u00e7al\u0131\u015ft\u0131.<\/p>\n\n\n\n<h3 class=\"wp-block-heading\">ANNES\u0130N\u0130N KILI\u011eINA G\u0130RD\u0130<\/h3>\n\n\n\n<p>Kimlik yenileme i\u015flemleri i\u00e7in belediye binas\u0131na giden adam\u0131n, annesinin sa\u00e7 modeline benzeyen bir peruk takt\u0131\u011f\u0131; makyaj, tak\u0131 ve ya\u015fl\u0131 bir kad\u0131n\u0131 hat\u0131rlatan k\u0131yafetlerle g\u00f6r\u00fcn\u00fcm\u00fcn\u00fc de\u011fi\u015ftirdi\u011fi belirtildi.<\/p>\n\n\n\n<figure class=\"wp-block-image size-full\"><img loading=\"lazy\" decoding=\"async\" width=\"615\" height=\"792\" src=\"https:\/\/www.trabzonmanset.com\/wp-content\/uploads\/2025\/11\/annesinin-kiligina-girip-3-yil-boyunca-emekli-19295639_6627_m.webp?wsr\" alt=\"\" class=\"wp-image-6971\" srcset=\"https:\/\/www.trabzonmanset.com\/wp-content\/uploads\/2025\/11\/annesinin-kiligina-girip-3-yil-boyunca-emekli-19295639_6627_m.webp 615w, https:\/\/www.trabzonmanset.com\/wp-content\/uploads\/2025\/11\/annesinin-kiligina-girip-3-yil-boyunca-emekli-19295639_6627_m-233x300.webp 233w\" sizes=\"auto, (max-width: 615px) 100vw, 615px\" \/><\/figure>\n\n\n\n<h3 class=\"wp-block-heading\">DAVRANI\u015eLARI D\u0130KKATLER\u0130 \u00c7EKT\u0130<\/h3>\n\n\n\n<p>Ya\u015fl\u0131 bir kad\u0131n y\u00fcr\u00fcy\u00fc\u015f\u00fc taklit eden adam, davran\u0131\u015flar\u0131yla g\u00f6revlilerin dikkatini \u00e7ekti. Belediye personeli, y\u00fcz hatlar\u0131n\u0131n ya\u015fl\u0131 bir kad\u0131na uymad\u0131\u011f\u0131n\u0131 ve boynunun &#8220;fazla kal\u0131n&#8221; oldu\u011funu fark ederek durumu y\u00f6neticilerine bildirdi. \u00c7al\u0131\u015fanlar\u0131n uyar\u0131s\u0131 \u00fczerine \u015fahs\u0131n getirdi\u011fi foto\u011fraf ile ar\u015fivdeki kimlik g\u00f6r\u00fcnt\u00fcleri kar\u015f\u0131la\u015ft\u0131r\u0131ld\u0131 ve polis devreye girdi.<\/p>\n\n\n\n<h3 class=\"wp-block-heading\">CESET \u00c7AMA\u015eIR ODASINDAN \u00c7IKTI<\/h3>\n\n\n\n<p>Adam\u0131n evinde arama yapan polis ekipleri, ya\u015fl\u0131 kad\u0131n\u0131n cans\u0131z bedenini \u00e7ama\u015f\u0131r odas\u0131nda gizlenmi\u015f vaziyette buldu. B\u00f6ylece doland\u0131r\u0131c\u0131l\u0131k iddias\u0131n\u0131n temelini olu\u015fturan korkun\u00e7 ger\u00e7ek ortaya \u00e7\u0131kt\u0131.<\/p>\n\n\n\n<h3 class=\"wp-block-heading\">&#8220;KADIN SES\u0130 \u00c7IKARMAYA \u00c7ALI\u015eIYORDU&#8221;<\/h3>\n\n\n\n<p>Borgo Virgilio Belediye Ba\u015fkan\u0131 Francesco Aporti, adam\u0131n belediye binas\u0131na &#8220;ruj, oje, eski tarz k\u00fcpeler ve koyu renk bir perukla s\u00fcz\u00fclerek girdi\u011fini&#8221; s\u00f6yledi. Aporti, adam\u0131n kad\u0131n sesi \u00e7\u0131karmaya \u00e7al\u0131\u015ft\u0131\u011f\u0131n\u0131 ancak zaman zaman sesinin erkek tonuna kayd\u0131\u011f\u0131n\u0131 da aktard\u0131.<\/p>\n\n\n\n<figure class=\"wp-block-image size-full\"><img loading=\"lazy\" decoding=\"async\" width=\"615\" height=\"749\" src=\"https:\/\/www.trabzonmanset.com\/wp-content\/uploads\/2025\/11\/annesinin-kiligina-girip-3-yil-boyunca-emekli-19295639_7227_m.webp?wsr\" alt=\"\" class=\"wp-image-6972\" srcset=\"https:\/\/www.trabzonmanset.com\/wp-content\/uploads\/2025\/11\/annesinin-kiligina-girip-3-yil-boyunca-emekli-19295639_7227_m.webp 615w, https:\/\/www.trabzonmanset.com\/wp-content\/uploads\/2025\/11\/annesinin-kiligina-girip-3-yil-boyunca-emekli-19295639_7227_m-246x300.webp 246w\" sizes=\"auto, (max-width: 615px) 100vw, 615px\" \/><\/figure>\n\n\n\n<h3 class=\"wp-block-heading\">YILDA 53 B\u0130N EURO GEL\u0130R ELDE ED\u0130YORDU<\/h3>\n\n\n\n<p>\u0130talyan bas\u0131n\u0131ndaki bilgilere g\u00f6re adam, i\u015fsiz bir hem\u015fireydi. Annesinin maa\u015f\u0131 ve aileye ait \u00fc\u00e7 m\u00fclkten gelen gelirle y\u0131lda yakla\u015f\u0131k 53 bin Euro kazan\u00e7 sa\u011flad\u0131\u011f\u0131 ifade ediliyor.<\/p>\n\n\n\n<h3 class=\"wp-block-heading\">\u0130LK VAKA DE\u011e\u0130L<\/h3>\n\n\n\n<p>\u0130talya daha \u00f6nce de benzer vakalarla g\u00fcndeme gelmi\u015fti. 2023&#8217;te Verona&#8217;da bir ki\u015fi annesinin cesedini 5 y\u0131l boyunca evde saklayarak maa\u015f\u0131n\u0131 \u00e7ekmeyi s\u00fcrd\u00fcrm\u00fc\u015f, ayn\u0131 y\u0131l Puglia&#8217;da ba\u015fka bir adam\u0131n babas\u0131n\u0131n cesedini 10 y\u0131l boyunca gizledi\u011fi ortaya \u00e7\u0131km\u0131\u015ft\u0131.<\/p>\n","protected":false},"excerpt":{"rendered":"<p>\u0130talya&#8217;n\u0131n Borgo Virgilio kasabas\u0131nda ya\u015fayan 56 ya\u015f\u0131ndaki bir adam\u0131n, \u00fc\u00e7 y\u0131l \u00f6nce \u00f6len annesinin k\u0131l\u0131\u011f\u0131na girerek emekli maa\u015f\u0131n\u0131 almaya devam etmesi \u00fclkede \u015fok etkisi yaratt\u0131. G\u00f6revlilerin \u015f\u00fcphelenmesiyle ba\u015flat\u0131lan soru\u015fturmada, ya\u015fl\u0131 kad\u0131n\u0131n cesedinin evde sakland\u0131\u011f\u0131 tespit edildi. \u0130talya&#8217;n\u0131n Mantua kenti yak\u0131nlar\u0131ndaki Borgo Virgilio&#8217;da ya\u015fayan 56 ya\u015f\u0131ndaki bir erkek, 2022&#8217;de \u00f6len annesinin \u00f6l\u00fcm\u00fcn\u00fc yetkililerden saklayarak emekli maa\u015f\u0131n\u0131 [&hellip;]<\/p>\n","protected":false},"author":1,"featured_media":6973,"comment_status":"open","ping_status":"open","sticky":false,"template":"","format":"standard","meta":{"footnotes":""},"categories":[127],"tags":[2488,2490,155,2489,2492,2491],"class_list":["post-6970","post","type-post","status-publish","format-standard","has-post-thumbnail","hentry","category-dunya","tag-borgo-virgilio","tag-francesco-aporti","tag-italya","tag-mantua","tag-oje","tag-ruj"],"_links":{"self":[{"href":"https:\/\/www.trabzonmanset.com\/index.php\/wp-json\/wp\/v2\/posts\/6970","targetHints":{"allow":["GET"]}}],"collection":[{"href":"https:\/\/www.trabzonmanset.com\/index.php\/wp-json\/wp\/v2\/posts"}],"about":[{"href":"https:\/\/www.trabzonmanset.com\/index.php\/wp-json\/wp\/v2\/types\/post"}],"author":[{"embeddable":true,"href":"https:\/\/www.trabzonmanset.com\/index.php\/wp-json\/wp\/v2\/users\/1"}],"replies":[{"embeddable":true,"href":"https:\/\/www.trabzonmanset.com\/index.php\/wp-json\/wp\/v2\/comments?post=6970"}],"version-history":[{"count":1,"href":"https:\/\/www.trabzonmanset.com\/index.php\/wp-json\/wp\/v2\/posts\/6970\/revisions"}],"predecessor-version":[{"id":6974,"href":"https:\/\/www.trabzonmanset.com\/index.php\/wp-json\/wp\/v2\/posts\/6970\/revisions\/6974"}],"wp:featuredmedia":[{"embeddable":true,"href":"https:\/\/www.trabzonmanset.com\/index.php\/wp-json\/wp\/v2\/media\/6973"}],"wp:attachment":[{"href":"https:\/\/www.trabzonmanset.com\/index.php\/wp-json\/wp\/v2\/media?parent=6970"}],"wp:term":[{"taxonomy":"category","embeddable":true,"href":"https:\/\/www.trabzonmanset.com\/index.php\/wp-json\/wp\/v2\/categories?post=6970"},{"taxonomy":"post_tag","embeddable":true,"href":"https:\/\/www.trabzonmanset.com\/index.php\/wp-json\/wp\/v2\/tags?post=6970"}],"curies":[{"name":"wp","href":"https:\/\/api.w.org\/{rel}","templated":true}]}}