{"id":6960,"date":"2025-11-26T17:02:00","date_gmt":"2025-11-26T14:02:00","guid":{"rendered":"https:\/\/www.trabzonmanset.com\/?p=6960"},"modified":"2025-11-26T18:57:13","modified_gmt":"2025-11-26T15:57:13","slug":"50-bin-mahkuma-tahliye-yolu-11-yargi-paketi-yarin-meclise-sunuluyor","status":"publish","type":"post","link":"https:\/\/www.trabzonmanset.com\/index.php\/2025\/11\/26\/50-bin-mahkuma-tahliye-yolu-11-yargi-paketi-yarin-meclise-sunuluyor\/","title":{"rendered":"50 bin mahkuma tahliye yolu! 11. Yarg\u0131 Paketi yar\u0131n Meclis&#8217;e sunuluyor"},"content":{"rendered":"\n<p>AK Parti&#8217;nin uzun s\u00fcredir \u00fczerinde \u00e7al\u0131\u015fma y\u00fcr\u00fctt\u00fc\u011f\u00fc 11. Yarg\u0131 Paketi yar\u0131n Meclis&#8217;e geliyor. AK Parti Grup Ba\u015fkan\u0131 Abdullah G\u00fcler taraf\u0131ndan Meclis Ba\u015fkanl\u0131\u011f\u0131&#8217;na sunulmas\u0131 beklenen d\u00fczenlemenin yasala\u015fmas\u0131 halinde, ilk etapta yakla\u015f\u0131k 50 bin ki\u015finin denetimli serbestli\u011fe ge\u00e7erek tahliye edilmesi \u00f6ng\u00f6r\u00fcl\u00fcyor. D\u00fczenlemenin kapsam\u0131na g\u00f6re bu say\u0131n\u0131n ilerleyen d\u00f6nemde artabilece\u011fi de\u011ferlendiriliyor.<\/p>\n\n\n\n<p>AK Parti&#8217;nin uzun s\u00fcredir \u00fczerinde \u00e7al\u0131\u015fma y\u00fcr\u00fctt\u00fc\u011f\u00fc 11. Yarg\u0131 Paketi&#8217;nin T\u00fcrkiye B\u00fcy\u00fck Millet Meclisi&#8217;ne gelece\u011fi tarih belli oldu.<\/p>\n\n\n\n<h3 class=\"wp-block-heading\">YARIN MECL\u0130S BA\u015eKANLI\u011eI&#8217;NA SUNULACAK<\/h3>\n\n\n\n<p>Adalet Bakanl\u0131\u011f\u0131&#8217;n\u0131n haz\u0131rl\u0131klar\u0131n\u0131 tamamlad\u0131\u011f\u0131 d\u00fczenlemenin yar\u0131n AK Parti Grup Ba\u015fkan\u0131 Abdullah G\u00fcler taraf\u0131ndan Meclis Ba\u015fkanl\u0131\u011f\u0131&#8217;na sunulmas\u0131 bekleniyor. Mevcut \u00e7er\u00e7evede yasala\u015fmas\u0131 halinde, ilk etapta yakla\u015f\u0131k 50 bin ki\u015finin denetimli serbestli\u011fe ge\u00e7erek tahliye edilmesi \u00f6ng\u00f6r\u00fcl\u00fcyor. D\u00fczenlemenin kapsam\u0131na g\u00f6re bu say\u0131n\u0131n ilerleyen d\u00f6nemde artabilece\u011fi de\u011ferlendiriliyor.<\/p>\n\n\n\n<figure class=\"wp-block-image size-full\"><img loading=\"lazy\" decoding=\"async\" width=\"640\" height=\"360\" src=\"https:\/\/www.trabzonmanset.com\/wp-content\/uploads\/2025\/11\/50-bin-mahkuma-tahliye-yolu-11-yargi-paketi-19295351_315_m.png?wsr\" alt=\"\" class=\"wp-image-6961\" srcset=\"https:\/\/www.trabzonmanset.com\/wp-content\/uploads\/2025\/11\/50-bin-mahkuma-tahliye-yolu-11-yargi-paketi-19295351_315_m.png 640w, https:\/\/www.trabzonmanset.com\/wp-content\/uploads\/2025\/11\/50-bin-mahkuma-tahliye-yolu-11-yargi-paketi-19295351_315_m-300x169.png 300w\" sizes=\"auto, (max-width: 640px) 100vw, 640px\" \/><\/figure>\n\n\n\n<h3 class=\"wp-block-heading\">PANDEM\u0130 S\u00dcREC\u0130NDEK\u0130 GE\u00c7\u0130C\u0130 UYGULAMA<\/h3>\n\n\n\n<p>Temmuz 2023&#8217;te Covid-19 ko\u015fullar\u0131n\u0131n devam etmesi gerek\u00e7esiyle y\u00fcr\u00fcrl\u00fc\u011fe giren ge\u00e7ici infaz d\u00fczenlemesi, a\u00e7\u0131k cezaevlerindeki h\u00fck\u00fcml\u00fcler i\u00e7in \u00f6nemli kolayl\u0131klar getirmi\u015fti. Cezas\u0131n\u0131n bitimine 5 y\u0131l veya daha az s\u00fcre kalanlara, ba\u015fvuru \u015fart\u0131 aranmadan denetimli serbestlik hakk\u0131 tan\u0131nd\u0131. A\u00e7\u0131k cezaevine ayr\u0131lmas\u0131na 3 y\u0131l ya da daha k\u0131sa s\u00fcre kalanlar ise 3 y\u0131l erken denetimli serbestlikten yararlanarak cezaevine d\u00f6nmeden tahliye edildi. D\u00fczenleme, ter\u00f6r ve \u00f6rg\u00fctl\u00fc su\u00e7lar\u0131 kapsam d\u0131\u015f\u0131nda tutuyordu.<\/p>\n\n\n\n<h3 class=\"wp-block-heading\">H\u00dcKM\u00dc DAHA GE\u00c7 KES\u0130NLE\u015eENLER YARARLANAMADI<\/h3>\n\n\n\n<p>Uygulaman\u0131n yaln\u0131zca 31 Temmuz 2023&#8217;ten \u00f6nce i\u015flenen su\u00e7lar i\u00e7in ge\u00e7erli olmas\u0131, &#8220;ayn\u0131 su\u00e7, farkl\u0131 infaz&#8221; ele\u015ftirisini beraberinde getirdi. Su\u00e7u ayn\u0131 d\u00f6nemde i\u015flemesine ra\u011fmen h\u00fckm\u00fc daha ge\u00e7 kesinle\u015fti\u011fi i\u00e7in cezaevine girmeyenler, d\u00fczenlemeden yararlanamad\u0131. Ard\u0131ndan denetimli serbestli\u011fin yeniden bir y\u0131la indirilmesi ise tepkilerin daha da b\u00fcy\u00fcmesine yol a\u00e7t\u0131.<\/p>\n\n\n\n<h3 class=\"wp-block-heading\">MHP\u2013AK PART\u0130 TEMASLARI S\u00dcREC\u0130 DE\u011e\u0130\u015eT\u0130RD\u0130<\/h3>\n\n\n\n<p>Bu ele\u015ftirilere son vermesi beklenen 11. Yarg\u0131 Paketi&#8217;nin ge\u00e7ti\u011fimiz hafta Meclis&#8217;\u00ea sunulmas\u0131 \u00f6ng\u00f6r\u00fcl\u00fcyordu. Ancak MHP&#8217;nin infaz e\u015fitsizli\u011fini giderecek bir d\u00fczenlemenin pakete eklenmesi talebi \u00fczerine s\u00fcre\u00e7 ertelendi. AK Parti Grup Ba\u015fkan\u0131 Abdullah G\u00fcler, pandemi d\u00f6nemindeki d\u00fczenleme sonras\u0131 ortaya \u00e7\u0131kan e\u015fitsizli\u011fi bildiklerini belirterek Adalet Bakanl\u0131\u011f\u0131 ile kapsaml\u0131 bir \u00e7al\u0131\u015fma y\u00fcr\u00fctt\u00fcklerini ifade etmi\u015f ve bu a\u00e7\u0131klama, d\u00fczenlemenin pakete d\u00e2hil edilece\u011finin i\u015fareti olmu\u015ftu.<\/p>\n\n\n\n<h3 class=\"wp-block-heading\">CEZAEVLER\u0130NDE TAR\u0130H\u0130 YO\u011eUNLUK<\/h3>\n\n\n\n<p>\u0130nfaz d\u00fczenlemesinin yeniden g\u00fcndeme gelmesinde cezaevlerindeki doluluk oran\u0131 da etkili oldu. Adalet Bakanl\u0131\u011f\u0131&#8217;n\u0131n 3 Kas\u0131m 2025 tarihli verilerine g\u00f6re cezaevlerinde 428 bin 267 tutuklu ve h\u00fck\u00fcml\u00fc bulunuyor. Kapasitenin 302 bin 886 ki\u015fi olmas\u0131, sistemin yakla\u015f\u0131k 125 bin ki\u015filik bir fazlal\u0131kla \u00e7al\u0131\u015ft\u0131\u011f\u0131n\u0131 ortaya koyuyor. Bu tablo, teknik a\u00e7\u0131dan bir d\u00fczenlemeye olan ihtiyac\u0131 g\u00fc\u00e7lendirdi.<\/p>\n","protected":false},"excerpt":{"rendered":"<p>AK Parti&#8217;nin uzun s\u00fcredir \u00fczerinde \u00e7al\u0131\u015fma y\u00fcr\u00fctt\u00fc\u011f\u00fc 11. Yarg\u0131 Paketi yar\u0131n Meclis&#8217;e geliyor. AK Parti Grup Ba\u015fkan\u0131 Abdullah G\u00fcler taraf\u0131ndan Meclis Ba\u015fkanl\u0131\u011f\u0131&#8217;na sunulmas\u0131 beklenen d\u00fczenlemenin yasala\u015fmas\u0131 halinde, ilk etapta yakla\u015f\u0131k 50 bin ki\u015finin denetimli serbestli\u011fe ge\u00e7erek tahliye edilmesi \u00f6ng\u00f6r\u00fcl\u00fcyor. D\u00fczenlemenin kapsam\u0131na g\u00f6re bu say\u0131n\u0131n ilerleyen d\u00f6nemde artabilece\u011fi de\u011ferlendiriliyor. AK Parti&#8217;nin uzun s\u00fcredir \u00fczerinde \u00e7al\u0131\u015fma y\u00fcr\u00fctt\u00fc\u011f\u00fc [&hellip;]<\/p>\n","protected":false},"author":1,"featured_media":6962,"comment_status":"open","ping_status":"open","sticky":false,"template":"","format":"standard","meta":{"footnotes":""},"categories":[1],"tags":[2419,2438,562,2482],"class_list":["post-6960","post","type-post","status-publish","format-standard","has-post-thumbnail","hentry","category-gundem","tag-11-yargi-paketi","tag-abdullah-guler","tag-ak-parti","tag-mahkum-tahliye-yolu"],"_links":{"self":[{"href":"https:\/\/www.trabzonmanset.com\/index.php\/wp-json\/wp\/v2\/posts\/6960","targetHints":{"allow":["GET"]}}],"collection":[{"href":"https:\/\/www.trabzonmanset.com\/index.php\/wp-json\/wp\/v2\/posts"}],"about":[{"href":"https:\/\/www.trabzonmanset.com\/index.php\/wp-json\/wp\/v2\/types\/post"}],"author":[{"embeddable":true,"href":"https:\/\/www.trabzonmanset.com\/index.php\/wp-json\/wp\/v2\/users\/1"}],"replies":[{"embeddable":true,"href":"https:\/\/www.trabzonmanset.com\/index.php\/wp-json\/wp\/v2\/comments?post=6960"}],"version-history":[{"count":1,"href":"https:\/\/www.trabzonmanset.com\/index.php\/wp-json\/wp\/v2\/posts\/6960\/revisions"}],"predecessor-version":[{"id":6963,"href":"https:\/\/www.trabzonmanset.com\/index.php\/wp-json\/wp\/v2\/posts\/6960\/revisions\/6963"}],"wp:featuredmedia":[{"embeddable":true,"href":"https:\/\/www.trabzonmanset.com\/index.php\/wp-json\/wp\/v2\/media\/6962"}],"wp:attachment":[{"href":"https:\/\/www.trabzonmanset.com\/index.php\/wp-json\/wp\/v2\/media?parent=6960"}],"wp:term":[{"taxonomy":"category","embeddable":true,"href":"https:\/\/www.trabzonmanset.com\/index.php\/wp-json\/wp\/v2\/categories?post=6960"},{"taxonomy":"post_tag","embeddable":true,"href":"https:\/\/www.trabzonmanset.com\/index.php\/wp-json\/wp\/v2\/tags?post=6960"}],"curies":[{"name":"wp","href":"https:\/\/api.w.org\/{rel}","templated":true}]}}