{"id":6957,"date":"2025-11-26T17:49:00","date_gmt":"2025-11-26T14:49:00","guid":{"rendered":"https:\/\/www.trabzonmanset.com\/?p=6957"},"modified":"2025-11-26T18:51:47","modified_gmt":"2025-11-26T15:51:47","slug":"bakan-guler-ihrac-edilen-tegmenlerle-ilgili-bir-gercegi-ilk-kez-acikladi","status":"publish","type":"post","link":"https:\/\/www.trabzonmanset.com\/index.php\/2025\/11\/26\/bakan-guler-ihrac-edilen-tegmenlerle-ilgili-bir-gercegi-ilk-kez-acikladi\/","title":{"rendered":"Bakan G\u00fcler, ihra\u00e7 edilen te\u011fmenlerle ilgili bir ger\u00e7e\u011fi ilk kez a\u00e7\u0131klad\u0131"},"content":{"rendered":"\n<p>Milli Savunma Bakan\u0131 Ya\u015far G\u00fcler TBMM Plan ve B\u00fct\u00e7e Komisyonu&#8217;nda, 30 A\u011fustos&#8217;ta Kara Harp Okulu&#8217;ndaki mezuniyet t\u00f6reninin ard\u0131ndan ihra\u00e7 edilen te\u011fmenlerle ilgili konu\u015ftu. G\u00fcler, &#8220;Birinci olan k\u0131z te\u011fmenimiz geliyor mikrofonun ba\u015f\u0131na, &#8216;Aileler l\u00fctfen t\u00f6ren alan\u0131n\u0131 terk edin&#8217; diyor. B\u00f6yle bir hakk\u0131 var m\u0131?&#8221; dedi.<\/p>\n\n\n\n<p>Milli Savunma Bakan\u0131 Ya\u015far G\u00fcler, b\u00fct\u00e7e g\u00f6r\u00fc\u015fmelerinde 30 A\u011fustos 2024&#8217;te Kara Harp Okulu mezuniyet t\u00f6reninde k\u0131l\u0131\u00e7 \u00e7atan te\u011fmenlerin ihrac\u0131na ili\u015fkin ele\u015ftiriler \u00fczerine te\u011fmenlerin &#8216;Mustafa Kemal&#8217;in askerleriyiz&#8217; slogan\u0131 nedeniyle ihra\u00e7 edilmedi\u011fini belirtti.<\/p>\n\n\n\n<h3 class=\"wp-block-heading\">BAKAN G\u00dcLER&#8217;DEN <em>\u0130HRA\u00c7 <\/em>ED\u0130LEN TE\u011eMENLERLE \u0130LG\u0130L\u0130 A\u00c7IKLAMA<\/h3>\n\n\n\n<p>TBMM Plan ve B\u00fct\u00e7e Komisyonu&#8217;nda Milli Savunma Bakanl\u0131\u011f\u0131&#8217;n\u0131n 2026 y\u0131l\u0131 b\u00fct\u00e7esi g\u00f6r\u00fc\u015f\u00fclmeye devam ediyor. B\u00fct\u00e7e g\u00f6r\u00fc\u015fmeleri s\u0131ras\u0131nda CHP&#8217;li baz\u0131 milletvekillerinin 30 A\u011fustos 2024&#8217;te Kara Harp Okulu mezuniyet t\u00f6reninde k\u0131l\u0131\u00e7 \u00e7atan te\u011fmenler hakk\u0131nda a\u00e7\u0131lan soru\u015fturma sonras\u0131 ordudan ihra\u00e7 edilen \u00f6\u011frencilere ili\u015fkin ele\u015ftirilerine Bakan G\u00fcler cevap verdi.<\/p>\n\n\n\n<h3 class=\"wp-block-heading\">&#8220;TE\u011eMEN\u0130M\u0130Z\u0130N, A\u0130LELER\u0130N T\u00d6REN ALANINI TERK ETMES\u0130N\u0130 \u0130STEMEYE HAKKI VAR MI?&#8221;<\/h3>\n\n\n\n<p>Te\u011fmenlerin &#8220;Mustafa Kemal&#8217;in askerleriyiz&#8221; slogan\u0131 ve k\u0131l\u0131\u00e7 \u00e7ekti\u011fi i\u00e7in orduyla ili\u015fkilerinin kesilmedi\u011fini s\u00f6yleyen G\u00fcler, &#8220;Bu t\u00f6ren bitti\u011fi anda t\u00fcm aileler kendi \u00e7ocuklar\u0131yla sar\u0131l\u0131p \u00f6p\u00fc\u015fmek i\u00e7in t\u00f6ren alan\u0131na girmi\u015f durumda. Bu vaziyette iken birinci olan k\u0131z te\u011fmenimiz geliyor mikrofonun ba\u015f\u0131na, &#8216;Aileler l\u00fctfen t\u00f6ren alan\u0131n\u0131 terk edin&#8217; diyor. B\u00f6yle bir hakk\u0131 var m\u0131?&#8221; dedi.<\/p>\n\n\n\n<p>Kaynak:&nbsp;\u0130HA<\/p>\n","protected":false},"excerpt":{"rendered":"<p>Milli Savunma Bakan\u0131 Ya\u015far G\u00fcler TBMM Plan ve B\u00fct\u00e7e Komisyonu&#8217;nda, 30 A\u011fustos&#8217;ta Kara Harp Okulu&#8217;ndaki mezuniyet t\u00f6reninin ard\u0131ndan ihra\u00e7 edilen te\u011fmenlerle ilgili konu\u015ftu. G\u00fcler, &#8220;Birinci olan k\u0131z te\u011fmenimiz geliyor mikrofonun ba\u015f\u0131na, &#8216;Aileler l\u00fctfen t\u00f6ren alan\u0131n\u0131 terk edin&#8217; diyor. B\u00f6yle bir hakk\u0131 var m\u0131?&#8221; dedi. Milli Savunma Bakan\u0131 Ya\u015far G\u00fcler, b\u00fct\u00e7e g\u00f6r\u00fc\u015fmelerinde 30 A\u011fustos 2024&#8217;te Kara [&hellip;]<\/p>\n","protected":false},"author":1,"featured_media":6958,"comment_status":"open","ping_status":"open","sticky":false,"template":"","format":"standard","meta":{"footnotes":""},"categories":[11],"tags":[2360,2481,975,712],"class_list":["post-6957","post","type-post","status-publish","format-standard","has-post-thumbnail","hentry","category-manset","tag-bakan-guler","tag-milli-savunma-bakani-yasar-guler","tag-tbmm","tag-trabzon-manset"],"_links":{"self":[{"href":"https:\/\/www.trabzonmanset.com\/index.php\/wp-json\/wp\/v2\/posts\/6957","targetHints":{"allow":["GET"]}}],"collection":[{"href":"https:\/\/www.trabzonmanset.com\/index.php\/wp-json\/wp\/v2\/posts"}],"about":[{"href":"https:\/\/www.trabzonmanset.com\/index.php\/wp-json\/wp\/v2\/types\/post"}],"author":[{"embeddable":true,"href":"https:\/\/www.trabzonmanset.com\/index.php\/wp-json\/wp\/v2\/users\/1"}],"replies":[{"embeddable":true,"href":"https:\/\/www.trabzonmanset.com\/index.php\/wp-json\/wp\/v2\/comments?post=6957"}],"version-history":[{"count":1,"href":"https:\/\/www.trabzonmanset.com\/index.php\/wp-json\/wp\/v2\/posts\/6957\/revisions"}],"predecessor-version":[{"id":6959,"href":"https:\/\/www.trabzonmanset.com\/index.php\/wp-json\/wp\/v2\/posts\/6957\/revisions\/6959"}],"wp:featuredmedia":[{"embeddable":true,"href":"https:\/\/www.trabzonmanset.com\/index.php\/wp-json\/wp\/v2\/media\/6958"}],"wp:attachment":[{"href":"https:\/\/www.trabzonmanset.com\/index.php\/wp-json\/wp\/v2\/media?parent=6957"}],"wp:term":[{"taxonomy":"category","embeddable":true,"href":"https:\/\/www.trabzonmanset.com\/index.php\/wp-json\/wp\/v2\/categories?post=6957"},{"taxonomy":"post_tag","embeddable":true,"href":"https:\/\/www.trabzonmanset.com\/index.php\/wp-json\/wp\/v2\/tags?post=6957"}],"curies":[{"name":"wp","href":"https:\/\/api.w.org\/{rel}","templated":true}]}}