{"id":6954,"date":"2025-11-25T19:05:00","date_gmt":"2025-11-25T16:05:00","guid":{"rendered":"https:\/\/www.trabzonmanset.com\/?p=6954"},"modified":"2025-11-25T20:57:23","modified_gmt":"2025-11-25T17:57:23","slug":"fenerbahcede-deprem-yildiz-oyuncu-derbi-oncesi-pfdkye-sevk-edildi","status":"publish","type":"post","link":"https:\/\/www.trabzonmanset.com\/index.php\/2025\/11\/25\/fenerbahcede-deprem-yildiz-oyuncu-derbi-oncesi-pfdkye-sevk-edildi\/","title":{"rendered":"Fenerbah\u00e7e&#8217;de deprem! Y\u0131ld\u0131z oyuncu derbi \u00f6ncesi PFDK&#8217;ye sevk edildi"},"content":{"rendered":"\n<p>Fenerbah\u00e7e kalecisi Ederson, \u00c7aykur Rizespor ma\u00e7\u0131nda yapt\u0131\u011f\u0131 hareket sebebiyle Galatasaray ma\u00e7\u0131 \u00f6ncesi PFDK&#8217;ye sevk edildi. Yap\u0131lan a\u00e7\u0131klamada, &#8221;Ederson&#8217;un ayn\u0131 m\u00fcsabakadaki \u201chakareti\u201d nedeniyle Futbol Disiplin Talimat\u0131\u2019n\u0131n 41. maddesi uyar\u0131nca tedbirsiz olarak PFDK&#8217;ya sevkine karar verilmi\u015ftir.&#8221; denildi.<\/p>\n\n\n\n<p>S\u00fcper Lig devi Fenerbah\u00e7e&#8217;ye pazartesi g\u00fcn\u00fc oynanacak Galatasaray derbisi \u00f6ncesi k\u00f6t\u00fc haber geldi.<\/p>\n\n\n\n<p><h3>EDERSON PFDK&#8217;YE SEVK ED\u0130LD\u0130Fenerbah\u00e7e formas\u0131 giyen Brezilyal\u0131 kaleci Ederson, ligde oynanan \u00c7aykur Rizespor ma\u00e7\u0131nda taraftarlara y\u00f6nelik hareketi nedeniyle tedbirsiz olarak PFDK&#8217;ya sevk edildi. TFF&#8217;den yap\u0131lan a\u00e7\u0131klamada, &#8221;FENERBAH\u00c7E A.\u015e. Kul\u00fcb\u00fc&#8217;n\u00fcn futbolcusu EDERSON SANTANA DE MORAES&#8217;in ayn\u0131 m\u00fcsabakadaki &#8220;hakareti&#8221; nedeniyle Futbol Disiplin Talimat\u0131&#8217;n\u0131n 41. maddesi uyar\u0131nca tedbirsiz olarak PFDK&#8217;ya sevkine karar verilmi\u015ftir.&#8221; ifadeleri kullan\u0131ld\u0131. <\/h3><\/p>\n\n\n\n<p>FENERBAH\u00c7E SAVUNMA YAPACAK<\/p>\n\n\n\n<p>Fenerbah\u00e7e y\u00f6netimi Ederson&#8217;un sevki sonras\u0131 savunma haz\u0131rl\u0131klar\u0131 i\u00e7in harekete ge\u00e7ti. Sar\u0131-lacivertliler, Ederson&#8217;un kariyerinde yapt\u0131\u011f\u0131 benzer hareketlerin yer ald\u0131\u011f\u0131 bir g\u00f6r\u00fcnt\u00fc derlemesi haz\u0131rlad\u0131. \u00d6zellikle \u00c7aykur Rizespor ma\u00e7\u0131ndaki pozisyona benzeyen \u00f6rnekler topland\u0131. Brezilyal\u0131 kalecinin olas\u0131 PFDK sevkine kar\u015f\u0131 savunmada bu g\u00f6r\u00fcnt\u00fcler kullan\u0131lacak.<\/p>\n\n\n\n<p><\/p>\n","protected":false},"excerpt":{"rendered":"<p>Fenerbah\u00e7e kalecisi Ederson, \u00c7aykur Rizespor ma\u00e7\u0131nda yapt\u0131\u011f\u0131 hareket sebebiyle Galatasaray ma\u00e7\u0131 \u00f6ncesi PFDK&#8217;ye sevk edildi. Yap\u0131lan a\u00e7\u0131klamada, &#8221;Ederson&#8217;un ayn\u0131 m\u00fcsabakadaki \u201chakareti\u201d nedeniyle Futbol Disiplin Talimat\u0131\u2019n\u0131n 41. maddesi uyar\u0131nca tedbirsiz olarak PFDK&#8217;ya sevkine karar verilmi\u015ftir.&#8221; denildi. S\u00fcper Lig devi Fenerbah\u00e7e&#8217;ye pazartesi g\u00fcn\u00fc oynanacak Galatasaray derbisi \u00f6ncesi k\u00f6t\u00fc haber geldi. EDERSON PFDK&#8217;YE SEVK ED\u0130LD\u0130Fenerbah\u00e7e formas\u0131 giyen Brezilyal\u0131 [&hellip;]<\/p>\n","protected":false},"author":1,"featured_media":6955,"comment_status":"open","ping_status":"open","sticky":false,"template":"","format":"standard","meta":{"footnotes":""},"categories":[14],"tags":[533,1077,485,1610],"class_list":["post-6954","post","type-post","status-publish","format-standard","has-post-thumbnail","hentry","category-spor","tag-fenerbahce","tag-futbol","tag-spor","tag-turkiye-futbol-federasyonu"],"_links":{"self":[{"href":"https:\/\/www.trabzonmanset.com\/index.php\/wp-json\/wp\/v2\/posts\/6954","targetHints":{"allow":["GET"]}}],"collection":[{"href":"https:\/\/www.trabzonmanset.com\/index.php\/wp-json\/wp\/v2\/posts"}],"about":[{"href":"https:\/\/www.trabzonmanset.com\/index.php\/wp-json\/wp\/v2\/types\/post"}],"author":[{"embeddable":true,"href":"https:\/\/www.trabzonmanset.com\/index.php\/wp-json\/wp\/v2\/users\/1"}],"replies":[{"embeddable":true,"href":"https:\/\/www.trabzonmanset.com\/index.php\/wp-json\/wp\/v2\/comments?post=6954"}],"version-history":[{"count":1,"href":"https:\/\/www.trabzonmanset.com\/index.php\/wp-json\/wp\/v2\/posts\/6954\/revisions"}],"predecessor-version":[{"id":6956,"href":"https:\/\/www.trabzonmanset.com\/index.php\/wp-json\/wp\/v2\/posts\/6954\/revisions\/6956"}],"wp:featuredmedia":[{"embeddable":true,"href":"https:\/\/www.trabzonmanset.com\/index.php\/wp-json\/wp\/v2\/media\/6955"}],"wp:attachment":[{"href":"https:\/\/www.trabzonmanset.com\/index.php\/wp-json\/wp\/v2\/media?parent=6954"}],"wp:term":[{"taxonomy":"category","embeddable":true,"href":"https:\/\/www.trabzonmanset.com\/index.php\/wp-json\/wp\/v2\/categories?post=6954"},{"taxonomy":"post_tag","embeddable":true,"href":"https:\/\/www.trabzonmanset.com\/index.php\/wp-json\/wp\/v2\/tags?post=6954"}],"curies":[{"name":"wp","href":"https:\/\/api.w.org\/{rel}","templated":true}]}}