{"id":6941,"date":"2025-11-25T19:37:00","date_gmt":"2025-11-25T16:37:00","guid":{"rendered":"https:\/\/www.trabzonmanset.com\/?p=6941"},"modified":"2025-11-25T20:39:43","modified_gmt":"2025-11-25T17:39:43","slug":"mit-baskani-kalin-kahirede-katar-ve-misirli-yetkililerle-gazzedeki-ateskesi-gorustu","status":"publish","type":"post","link":"https:\/\/www.trabzonmanset.com\/index.php\/2025\/11\/25\/mit-baskani-kalin-kahirede-katar-ve-misirli-yetkililerle-gazzedeki-ateskesi-gorustu\/","title":{"rendered":"M\u0130T Ba\u015fkan\u0131 Kal\u0131n, Kahire&#8217;de Katar ve M\u0131s\u0131rl\u0131 yetkililerle Gazze&#8217;deki ate\u015fkesi g\u00f6r\u00fc\u015ft\u00fc"},"content":{"rendered":"\n<p>M\u0130T Ba\u015fkan\u0131 \u0130brahim Kal\u0131n, Katar Ba\u015fbakan\u0131 ve D\u0131\u015fi\u015fleri Bakan\u0131 \u015eeyh Muhammed bin Abdurrahman Al Sani ve M\u0131s\u0131r Genel \u0130stihbarat Servisi Ba\u015fkan\u0131 Hasan Re\u015fat ile Gazze&#8217;deki son durumu ve ate\u015fkesi ele almak i\u00e7in M\u0131s\u0131r&#8217;\u0131n ba\u015fkenti Kahire&#8217;de bir araya geldi.<\/p>\n\n\n\n<p>Milli \u0130stihbarat Te\u015fkilat\u0131 (M\u0130T) Ba\u015fkan\u0131 \u0130brahim Kal\u0131n, Katar Ba\u015fbakan\u0131 ve D\u0131\u015fi\u015fleri Bakan\u0131 \u015eeyh Muhammed bin Abdurrahman Al Sani ve M\u0131s\u0131r Genel \u0130stihbarat Servisi Ba\u015fkan\u0131 Hasan Re\u015fat ile M\u0131s\u0131r&#8217;\u0131n ba\u015fkenti Kahire&#8217;de bir araya geldi.<\/p>\n\n\n\n<h3 class=\"wp-block-heading\">MASADA GAZZE&#8217;DEK\u0130 ATE\u015eKES VAR<\/h3>\n\n\n\n<p>G\u00fcvenlik kaynaklar\u0131ndan edinilen bilgiye g\u00f6re, g\u00f6r\u00fc\u015fmede, Gazze \u015eeridi&#8217;nde \u0130srail&#8217;in artan ihlallerine kar\u015f\u0131 ate\u015fkes anla\u015fmas\u0131nda ikinci a\u015famaya ge\u00e7i\u015f ve ABD ile i\u015fbirli\u011fi i\u00e7erisinde ortak \u00e7abalar\u0131n yo\u011funla\u015ft\u0131r\u0131lmas\u0131 isti\u015fare edildi. Kal\u0131n, temaslar\u0131nda, T\u00fcrkiye&#8217;nin her zaman oldu\u011fu gibi bundan sonra da t\u00fcm imkanlar\u0131yla Filistin halk\u0131n\u0131n yan\u0131nda olmaya devam edece\u011finin alt\u0131n\u0131 \u00e7izdi.<\/p>\n\n\n\n<h3 class=\"wp-block-heading\">KOORD\u0130NASYONU G\u00dc\u00c7LEND\u0130RMEDE MUTABIK KALINDI<\/h3>\n\n\n\n<p>G\u00f6r\u00fc\u015fmede ayr\u0131ca ate\u015fkesin devaml\u0131l\u0131\u011f\u0131n\u0131 sa\u011flamak i\u00e7in her t\u00fcr engelin bertaraf edilmesi ve ihlallerin \u00f6nlenmesi noktas\u0131nda, Sivil Askeri Koordinasyon Merkezi (CMCC) ile koordinasyon ve i\u015fbirli\u011fini g\u00fc\u00e7lendirmeye devam edilmesinde mutab\u0131k kal\u0131nd\u0131.<\/p>\n\n\n\n<p>Kaynak:&nbsp;AA<\/p>\n\n\n\n<p><\/p>\n","protected":false},"excerpt":{"rendered":"<p>M\u0130T Ba\u015fkan\u0131 \u0130brahim Kal\u0131n, Katar Ba\u015fbakan\u0131 ve D\u0131\u015fi\u015fleri Bakan\u0131 \u015eeyh Muhammed bin Abdurrahman Al Sani ve M\u0131s\u0131r Genel \u0130stihbarat Servisi Ba\u015fkan\u0131 Hasan Re\u015fat ile Gazze&#8217;deki son durumu ve ate\u015fkesi ele almak i\u00e7in M\u0131s\u0131r&#8217;\u0131n ba\u015fkenti Kahire&#8217;de bir araya geldi. Milli \u0130stihbarat Te\u015fkilat\u0131 (M\u0130T) Ba\u015fkan\u0131 \u0130brahim Kal\u0131n, Katar Ba\u015fbakan\u0131 ve D\u0131\u015fi\u015fleri Bakan\u0131 \u015eeyh Muhammed bin Abdurrahman Al [&hellip;]<\/p>\n","protected":false},"author":1,"featured_media":6942,"comment_status":"open","ping_status":"open","sticky":false,"template":"","format":"standard","meta":{"footnotes":""},"categories":[127,1],"tags":[543,2476,641,1662,2474,2475],"class_list":["post-6941","post","type-post","status-publish","format-standard","has-post-thumbnail","hentry","category-dunya","category-gundem","tag-gazze","tag-hasan-resat","tag-ibrahim-kalin","tag-katar","tag-mit-baskani","tag-seyh-muhammed-bin-abdurrahman-al-sani"],"_links":{"self":[{"href":"https:\/\/www.trabzonmanset.com\/index.php\/wp-json\/wp\/v2\/posts\/6941","targetHints":{"allow":["GET"]}}],"collection":[{"href":"https:\/\/www.trabzonmanset.com\/index.php\/wp-json\/wp\/v2\/posts"}],"about":[{"href":"https:\/\/www.trabzonmanset.com\/index.php\/wp-json\/wp\/v2\/types\/post"}],"author":[{"embeddable":true,"href":"https:\/\/www.trabzonmanset.com\/index.php\/wp-json\/wp\/v2\/users\/1"}],"replies":[{"embeddable":true,"href":"https:\/\/www.trabzonmanset.com\/index.php\/wp-json\/wp\/v2\/comments?post=6941"}],"version-history":[{"count":1,"href":"https:\/\/www.trabzonmanset.com\/index.php\/wp-json\/wp\/v2\/posts\/6941\/revisions"}],"predecessor-version":[{"id":6943,"href":"https:\/\/www.trabzonmanset.com\/index.php\/wp-json\/wp\/v2\/posts\/6941\/revisions\/6943"}],"wp:featuredmedia":[{"embeddable":true,"href":"https:\/\/www.trabzonmanset.com\/index.php\/wp-json\/wp\/v2\/media\/6942"}],"wp:attachment":[{"href":"https:\/\/www.trabzonmanset.com\/index.php\/wp-json\/wp\/v2\/media?parent=6941"}],"wp:term":[{"taxonomy":"category","embeddable":true,"href":"https:\/\/www.trabzonmanset.com\/index.php\/wp-json\/wp\/v2\/categories?post=6941"},{"taxonomy":"post_tag","embeddable":true,"href":"https:\/\/www.trabzonmanset.com\/index.php\/wp-json\/wp\/v2\/tags?post=6941"}],"curies":[{"name":"wp","href":"https:\/\/api.w.org\/{rel}","templated":true}]}}