{"id":6917,"date":"2025-11-23T17:10:00","date_gmt":"2025-11-23T14:10:00","guid":{"rendered":"https:\/\/www.trabzonmanset.com\/?p=6917"},"modified":"2025-11-23T23:28:01","modified_gmt":"2025-11-23T20:28:01","slug":"cumhurbaskani-erdogan-baris-icin-her-yere-kosturacagiz","status":"publish","type":"post","link":"https:\/\/www.trabzonmanset.com\/index.php\/2025\/11\/23\/cumhurbaskani-erdogan-baris-icin-her-yere-kosturacagiz\/","title":{"rendered":"Cumhurba\u015fkan\u0131 Erdo\u011fan: &#8220;Bar\u0131\u015f i\u00e7in her yere ko\u015fturaca\u011f\u0131z&#8221;"},"content":{"rendered":"\n<p>Cumhurba\u015fkan\u0131 Recep Tayyip Erdo\u011fan, &#8220;T\u00fcrkiye olarak kimseden \u00e7ekinmeden Filistin davas\u0131na \u00e7ok g\u00fc\u00e7l\u00fc bi\u00e7imde sahip \u00e7\u0131kt\u0131k, her platformda Gazzeli mazlumlar\u0131n hak ve hukukunu cesaretle savunduk. Gerek K\u00f6rfez&#8217;de gerek Sudan&#8217;da, Somali&#8217;de bu gayretlerin i\u00e7erisinde olduk bundan sonra da yine bar\u0131\u015f i\u00e7in her yere ko\u015fturaca\u011f\u0131z&#8221; dedi.<\/p>\n\n\n\n<p>Cumhurba\u015fkan\u0131 Recep Tayyip Erdo\u011fan, G20 liderler Zirvesi&#8217;nin ard\u0131ndan bas\u0131n toplant\u0131s\u0131 d\u00fczenledi. Zirvenin de\u011ferlendirmesini yapan Cumhurba\u015fkan\u0131 Erdo\u011fan, dayan\u0131\u015fma, e\u015fitlik, s\u00fcrd\u00fcr\u00fclebilirlik ana temas\u0131yla d\u00fczenlenen 20. Zirve&#8217;nin t\u00fcm insanl\u0131k i\u00e7in hay\u0131rlara vesile olmas\u0131n\u0131 diledi. Ev sahibi \u00fclkeye g\u00f6sterdiklerini \u00f6zen i\u00e7in te\u015fekk\u00fcr eden Cumhurba\u015fkan\u0131 Erdo\u011fan, &#8220;\u015eahs\u0131ma, e\u015fime ve heyetime g\u00f6sterdikleri h\u00fcsn\u00fc kabul i\u00e7in Devlet Ba\u015fkan\u0131 De\u011ferli Dostum Say\u0131n Ramaphosa&#8217;ya te\u015fekk\u00fcr ediyorum&#8221; dedi.<\/p>\n\n\n\n<p>Cumhurba\u015fkan\u0131 Erdo\u011fan, G20 Zirvesi&#8217;nin ilk defa Afrika&#8217;da tertiplenmesinden ayr\u0131ca memnuniyet duyduklar\u0131n\u0131 belirterek, &#8220;\u00d6ncelikle bir hususu ifade etmek istiyorum. Zengin, k\u00fclt\u00fcrel, dini, etnik, sosyal dokusuyla g\u00f6kku\u015fa\u011f\u0131 \u00fclkesi s\u0131fat\u0131n\u0131 ziyadesiyle hak eden G\u00fcney Afrika Cumhuriyeti&#8217;ne ilk kez bundan tam 20 sene \u00f6nce 2005 y\u0131l\u0131nda ba\u015fbakan olarak geldim. Akabinde 2011 senesinde yine ba\u015fbakan, 2018 y\u0131l\u0131nda ise BRICS Zirvesi m\u00fcnasebetiyle cumhurba\u015fkan\u0131 olarak bu g\u00fczel \u00fclkeyi ziyaret etme f\u0131rsat\u0131 buldum. Her ziyaretimde G\u00fcney Afrika&#8217;dan ger\u00e7ekten g\u00fczel an\u0131larla ayr\u0131ld\u0131m. Afrikal\u0131 dostlar\u0131m\u0131z\u0131n misafirperverli\u011fi, s\u0131cakl\u0131\u011f\u0131, samimiyeti beni her zaman etkiledi, g\u00f6n\u00fcl d\u00fcnyamda silinmez izler b\u0131rakt\u0131&#8221; de\u011ferlendirmesini yapt\u0131.<\/p>\n\n\n\n<p><strong>&#8220;G\u00fcney Afrika&#8217;n\u0131n Filistin davas\u0131na y\u0131llard\u0131r verdi\u011fi ilkeli ve sars\u0131lmaz deste\u011fi \u00e7ok k\u0131ymetli&#8221;<\/strong><\/p>\n\n\n\n<p>T\u00fcrkiye&#8217;de farkl\u0131 vesilelerle G\u00fcney Afrikal\u0131 y\u00f6neticileri misafir ettiklerini kaydeden Cumhurba\u015fkan\u0131 Erdo\u011fan, iki \u00fclkearas\u0131ndaki ortak \u00e7abalar sayesinde m\u00fcnasebetlerde 20 y\u0131l \u00f6nce hayal dahi edilemeyen yerlere gelindi\u011fini vurgulad\u0131. G\u00fcney Afrika Cumhuriyeti ile hem h\u00fck\u00fcmetler d\u00fczeyinde hem de African National Council (ANC) ile AK Parti aras\u0131nda artan diyalog ve temaslar\u0131 \u00f6nemsediklerini dile getiren Cumhurba\u015fkan\u0131 Erdo\u011fan, T\u00fcrkiye olarak \u00f6n\u00fcm\u00fczdeki d\u00f6nemde de bu ivmeyi g\u00fc\u00e7lendirerek devam ettirmek arzusunda olduklar\u0131n\u0131 kaydetti.<\/p>\n\n\n\n<p>G\u00fcney Afrika Cumhuriyeti&#8217;nin Nelson Mandela liderli\u011finde \u0131rk\u00e7\u0131 apartheid rejimine kar\u015f\u0131 zaferinin t\u00fcm d\u00fcnyada adalet ve e\u015fitlik aray\u0131\u015f\u0131n\u0131n en g\u00fc\u00e7l\u00fc sembollerinden biri oldu\u011funu ifade eden Cumhurba\u015fkan\u0131 Erdo\u011fan, G\u00fcney Afrika&#8217;n\u0131n Filistin davas\u0131na y\u0131llard\u0131r verdi\u011fi ilkeli ve sars\u0131lmaz deste\u011fi bu bak\u0131mdan \u00e7ok k\u0131ymetli buldu\u011funu dile getirdi.<\/p>\n\n\n\n<p>\u00d6zellikle \u00e7o\u011fu \u00e7ocuk, kad\u0131n ve sivil 70 bin Filistinlinin \u015fehit edildi\u011fi Gazze soyk\u0131r\u0131m\u0131nda G\u00fcney Afrika \u00f6rnek bir duru\u015f sergiledi\u011fini hat\u0131rlatan Cumhurba\u015fkan\u0131 Erdo\u011fan, &#8220;T\u00fcm d\u00fcnyan\u0131n g\u00f6zleri \u00f6n\u00fcnde Gazze&#8217;de insanl\u0131\u011fa kar\u015f\u0131 su\u00e7 i\u015flenirken, t\u0131pk\u0131 T\u00fcrk milleti gibi G\u00fcney Afrikal\u0131 dostlar\u0131m\u0131z da vah\u015fete s\u0131rt\u0131n\u0131 d\u00f6nmedi. Uluslararas\u0131 Adalet Divan\u0131&#8217;nda \u0130srail aleyhine a\u00e7t\u0131klar\u0131 soyk\u0131r\u0131m davas\u0131yla y\u00fcrekli bir tav\u0131r tak\u0131nan G\u00fcney Afrika devletini, toplumunu, y\u00f6neticilerini tebrik ediyor, \u00fclkem ve milletim ad\u0131na sayg\u0131yla selaml\u0131yorum&#8221; a\u00e7\u0131klamas\u0131nda bulundu.<\/p>\n\n\n\n<p><strong>&#8220;Kal\u0131c\u0131 \u00e7\u00f6z\u00fcm i\u00e7in iki devletli form\u00fcl\u00fcn hayata ge\u00e7irilmesi b\u00fcy\u00fck \u00f6nem arz ediyor&#8221;<\/strong><\/p>\n\n\n\n<p>Cumhurba\u015fkan\u0131 Erdo\u011fan, T\u00fcrkiye olarak, kimseden \u00e7ekinmeden Filistin davas\u0131na \u00e7ok g\u00fc\u00e7l\u00fc bi\u00e7imde sahip \u00e7\u0131kt\u0131klar\u0131n\u0131, her platformda Gazzeli mazlumlar\u0131n hak ve hukukunu cesaretle savunduklar\u0131n\u0131 hat\u0131rlatarak, &#8220;103 bin tonu a\u015fan insani yard\u0131mlar\u0131m\u0131zla Gazzeli karde\u015flerimizin yan\u0131nda olduk. \u015eimdi bildi\u011finiz gibi bizim de katk\u0131lar\u0131m\u0131zla bir ate\u015fkes sa\u011fland\u0131. Biz, \u00e7at\u0131\u015fma ortam\u0131na tekrar d\u00f6n\u00fclmemesi i\u00e7in \u00fczerimize ne d\u00fc\u015f\u00fcyorsa yap\u0131yoruz. Gazze&#8217;de ya\u015fanan y\u0131k\u0131m\u0131n neticelerinin m\u00fcmk\u00fcn mertebe hafifletilmesinin k\u00fcresel bir sorumluluk oldu\u011funu vurgulad\u0131m, insani yard\u0131mlar ve yeniden imara destek istedim. Tabii, bu noktada sa\u011flanan ate\u015fkesin devam\u0131n\u0131 temin ederken, kal\u0131c\u0131 \u00e7\u00f6z\u00fcm i\u00e7in iki devletli form\u00fcl\u00fcn hayata ge\u00e7irilmesi b\u00fcy\u00fck \u00f6nem arz ediyor&#8221; ifadelerini kulland\u0131.<\/p>\n\n\n\n<p>1967 s\u0131n\u0131rlar\u0131 temelinde ba\u015fkenti Do\u011fu Kud\u00fcs olan \u00f6zg\u00fcr bir Filistin devleti kurulmadan k\u00fcresel bar\u0131\u015f\u0131n tam manas\u0131yla sa\u011flanamayaca\u011f\u0131n\u0131 bir kez daha vurgulayan Cumhurba\u015fkan\u0131 Erdo\u011fan, konu\u015fmas\u0131n\u0131 \u015f\u00f6yle s\u00fcrd\u00fcrd\u00fc:<\/p>\n\n\n\n<p>&#8220;Mazlum Filistin halk\u0131 ile birlikte t\u00fcm b\u00f6lgemizin ve insanl\u0131\u011f\u0131n bar\u0131\u015f\u0131, huzuru, g\u00fcvenli\u011fi i\u00e7in bu konudaki ilkeli tutumumuzu muhafaza edece\u011fiz. Bu y\u0131l da G20 faaliyetlerine aktif olarak i\u015ftirak ettik, uluslararas\u0131 g\u00fcndeme katk\u0131da bulunmay\u0131 s\u00fcrd\u00fcrd\u00fck. Zirve kapsam\u0131nda yapt\u0131\u011f\u0131m hitaplarda \u00fclkemizin iklim de\u011fi\u015fikli\u011fiyle m\u00fccadele, ye\u015fil d\u00f6n\u00fc\u015f\u00fcm, s\u00fcrd\u00fcr\u00fclebilir kalk\u0131nma ve teknolojik ilerlemelerin kalk\u0131nma politikalar\u0131na etkisine dair g\u00f6r\u00fc\u015flerimizi aktard\u0131m. Bilhassa en az geli\u015fmi\u015f \u00fclkelerin, Birle\u015fmi\u015f Milletler 2030 S\u00fcrd\u00fcr\u00fclebilir Kalk\u0131nma Hedeflerinde geri kalmamas\u0131 i\u00e7in ihtiya\u00e7 duyduklar\u0131 mali deste\u011fin teminine dikkat \u00e7ektik.&#8221;<\/p>\n\n\n\n<p>Zirve vesilesiyle ayr\u0131ca G20&#8217;nin bug\u00fcne kadarki \u00e7al\u0131\u015fmalar\u0131n\u0131n bir muhasebesini yapt\u0131klar\u0131n\u0131 aktaran Cumhurba\u015fkan\u0131 Erdo\u011fan, &#8220;Kat\u0131l\u0131mc\u0131 di\u011fer liderlerle ikili g\u00f6r\u00fc\u015fmeler ger\u00e7ekle\u015ftirdik, \u00f6nemli konularda isti\u015farelerde bulunduk. Bu \u00e7er\u00e7evede, d\u00fcn ve bug\u00fcn aralar\u0131nda Avustralya, Kanada, Angola, Etiyopya, Fransa, Brezilya, Malezya, \u0130talya ve Singapur devlet ve h\u00fck\u00fcmet ba\u015fkanlar\u0131n\u0131n oldu\u011fu bir\u00e7ok liderin yan\u0131 s\u0131ra Birle\u015fmi\u015f Milletler Genel Sekreteri ve Avrupa Birli\u011fi Komisyon Ba\u015fkan\u0131 ve baz\u0131 uluslararas\u0131 kurulu\u015f temsilcileriyle g\u00f6r\u00fc\u015fmelerimiz oldu&#8221; a\u00e7\u0131klamas\u0131n\u0131 yapt\u0131.<br><br><strong>&#8220;G20&#8217;nin uluslararas\u0131 topluma liderlik etmesi bizler i\u00e7in m\u00fchimdir&#8221;<\/strong><\/p>\n\n\n\n<p>G20&#8217;nin bir\u00e7ok farkl\u0131 \u00fclkeyi b\u00fcnyesinde bar\u0131nd\u0131ran ve temsil niteli\u011fi y\u00fcksek bir platform olay\u0131 s\u00fcrd\u00fcrd\u00fc\u011f\u00fcn\u00fc belirten Cumhurba\u015fkan\u0131 Erdo\u011fan, &#8220;Ben de 2008 y\u0131l\u0131ndan bu yana G20 zirvelerine bizzat kat\u0131l\u0131yorum. G20&#8217;nin mevcut ve m\u00fcstakbel k\u00fcresel s\u0131namalara kar\u015f\u0131 uluslararas\u0131 topluma liderlik etmesi bizler i\u00e7in m\u00fchimdir. Bu y\u0131lki zirvemizde de kimseyi geride b\u0131rakmama \u015fiar\u0131n\u0131n uluslararas\u0131 toplumun pusulas\u0131 olmas\u0131 gerekti\u011fini bir kez daha vurgulad\u0131k&#8221; \u015feklinde konu\u015ftu.<br><br><strong>&#8220;M\u0130KTA \u00fclkeleriyle i\u015fbirli\u011fimizi \u00f6n\u00fcm\u00fczdeki d\u00f6nemde daha da g\u00fc\u00e7lendirece\u011fiz&#8221;<\/strong><\/p>\n\n\n\n<p>Zirvede kimsenin geride b\u0131rak\u0131lmad\u0131\u011f\u0131 daha kapsay\u0131c\u0131 ve dayan\u0131kl\u0131 bir k\u00fcresel ekonomi in\u015fa edilmesi gereklili\u011fini dile getirdiklerini . kaydeden Cumhurba\u015fkan\u0131 Erdo\u011fan, &#8220;Uluslararas\u0131 i\u015fbirli\u011finin ve \u00e7ok tarafl\u0131l\u0131\u011f\u0131n \u00f6nemini vurgulad\u0131k. Bu y\u0131l ayr\u0131ca Meksika, Endonezya, Kore Cumhuriyeti ve Avustralya ile birlikte kurdu\u011fumuz M\u0130KTA&#8217;n\u0131n 12. kurulu\u015f y\u0131l d\u00f6n\u00fcm\u00fcn\u00fc idrak ediyoruz. Zirve vesilesiyle M\u0130KTA liderleri olarak d\u00f6nem ba\u015fkan\u0131 Kore Cumhuriyeti&#8217;nin ev sahipli\u011finde bir araya geldik, ortak bir bas\u0131n a\u00e7\u0131klamas\u0131 yay\u0131nlad\u0131k. Bas\u0131n a\u00e7\u0131klamas\u0131nda \u00e7ok tarafl\u0131l\u0131\u011fa ba\u011fl\u0131l\u0131\u011f\u0131m\u0131z\u0131 yeniden teyit ettik. Hepsi ayn\u0131 zamanda G20 \u00fcyesi olan M\u0130KTA \u00fclkeleriyle i\u015fbirli\u011fimizi \u00f6n\u00fcm\u00fczdeki d\u00f6nemde daha da g\u00fc\u00e7lendirece\u011fiz&#8221; dedi.<\/p>\n\n\n\n<p>G20-Johannesburg Zirvesi s\u00fcresince ger\u00e7ekle\u015ftirdikleri isti\u015farelerin k\u00fcresel ekonomik ve siyasi istikrar i\u00e7in hay\u0131rl\u0131 sonu\u00e7lara kap\u0131 aralamas\u0131 temennisinde bulunan Cumhurba\u015fkan\u0131 Erdo\u011fan, &#8220;G20 d\u00f6nem ba\u015fkanl\u0131\u011f\u0131n\u0131 1 Aral\u0131k 2025 tarihinden itibaren devralacak olan Amerika Birle\u015fik Devletleri&#8217;ne \u015fimdiden ba\u015far\u0131lar diliyorum&#8221; a\u00e7\u0131klamas\u0131n\u0131 yapt\u0131.<\/p>\n\n\n\n<p>Cumhurba\u015fkan\u0131 Erdo\u011fan, G20 Liderler Zirvesi de\u011ferlendirmesinin ard\u0131ndan Gazetecilerin sorular\u0131n\u0131 cevaplad\u0131.<\/p>\n\n\n\n<p><strong>&#8220;Yar\u0131n Putin ile g\u00f6r\u00fc\u015fece\u011fim&#8221;<\/strong><\/p>\n\n\n\n<p>Cumhurba\u015fkan\u0131 Erdo\u011fan, yar\u0131n Rusya Devlet Ba\u015fkan\u0131 Viladimir Putin ile g\u00f6r\u00fc\u015fece\u011fini belirterek, &#8220;Bu hafta i\u00e7erisinde Say\u0131n Zelenskiy misafirimdi. Yar\u0131n da Say\u0131n Putin ile bir telefon g\u00f6r\u00fc\u015fmem olacak. Tabii bu arada buradaki ikili g\u00f6r\u00fc\u015fmelerde Rusya-Ukrayna sava\u015f\u0131n\u0131 \u00f6zellikle ele ald\u0131k, de\u011ferlendirdik ve ne yapabiliriz, nas\u0131l bir bar\u0131\u015f sa\u011flayabiliriz bu konular \u00fczerinde \u0131srarl\u0131 bir \u015fekilde durduk. Temennim odur ki bar\u0131\u015fa giden yolu \u00f6zellikle T\u00fcrkiye olarak elimizden ne geliyorsa yapacak ve bu konuda da bar\u0131\u015f i\u00e7in her t\u00fcrl\u00fc seferberli\u011fi bizler ilan ettik. \u0130n\u015fallah bunu ba\u015faraca\u011f\u0131z&#8221; de\u011ferlendirmesini yapt\u0131.<\/p>\n\n\n\n<p>Cumhurba\u015fkan\u0131 Erdo\u011fan, Orta Do\u011fu&#8217;daki Gazze&#8217;deki sava\u015f\u0131n bir soyk\u0131r\u0131m oldu\u011fu a\u00e7\u0131k net ortada oldu\u011funu vurgulayarak, &#8220;Siyonistlerin bu soyk\u0131r\u0131m\u0131n\u0131 \u00f6zellikle g\u00f6r\u00fc\u015ft\u00fc\u011f\u00fcm ikili liderlerle, Netanyahu konusunu kendilerine ifade ediyorum ve soyk\u0131r\u0131mla ilgili olarak da her \u015feyi a\u00e7\u0131k ve net olarak T\u00fcrkiye Cumhuriyeti&#8217;nin Cumhurba\u015fkan\u0131 olarak kendilerine ifade ediyorum. 60 bin ki\u015finin \u00f6ld\u00fcr\u00fclm\u00fc\u015f oldu\u011fu Gazze&#8217;de Filistin&#8217;de b\u00fct\u00fcn bu soyk\u0131r\u0131m\u0131 g\u00f6rmezden gelmemiz m\u00fcmk\u00fcn de\u011fil ve bu soyk\u0131r\u0131m\u0131n faili Netanyahu&#8217;dur, \u0130srail&#8217;dir&#8221; dedi.<\/p>\n\n\n\n<p>Cumhurba\u015fkan\u0131 Erdo\u011fan, Filistinli bir gazetecinin T\u00fcrkiye&#8217;nin Gazze&#8217;deki ate\u015fkes s\u00fcrecine verece\u011fi katk\u0131y\u0131 ve istikrar g\u00fcc\u00fcn\u00fc sormas\u0131 \u00fczerine, &#8220;Bu bir de\u011ferlendirme konusudur ve bu konuya y\u00f6nelik olarak bizler g\u00fcvenlik g\u00fc\u00e7lerimizin buradaki duru\u015funu, durumunu \u00f6zellikle de Savunma Bakanl\u0131\u011f\u0131m\u0131z olarak elden ge\u00e7irece\u011fiz. Ve bu de\u011ferlendirmeden sonra da nihai karar\u0131m\u0131z\u0131 verece\u011fiz&#8221; cevab\u0131n\u0131 verdi.<\/p>\n\n\n\n<p>D\u00fcnyan\u0131n, \u015fu anda \u00e7ok kutuplu \u00e7at\u0131\u015fmalar\u0131n bizzat i\u00e7inde oldu\u011funa dikkat \u00e7eken Cumhurba\u015fkan\u0131 Erdo\u011fan, &#8220;Art\u0131k d\u00f6rt y\u0131l oldu ve bu d\u00f6rt y\u0131ll\u0131k s\u00fcre\u00e7 i\u00e7erisinde y\u00fcz binler \u00f6ld\u00fc. Rusya taraf\u0131ndan b\u00fcy\u00fck oranda \u00f6lenler var. Ukrayna taraf\u0131ndan b\u00fcy\u00fck oranda \u00f6lenler var. Ve bizler bu geli\u015fmelere ger\u00e7ekten T\u00fcrkiye olarak \u00fcz\u00fclerek bak\u0131yor ve bir an \u00f6nce de bu i\u015f nas\u0131l sona erer, bir an \u00f6nce nas\u0131l bar\u0131\u015f\u0131 yakalar\u0131z bunun hesab\u0131 i\u00e7erisindeyiz. Bunun gayreti i\u00e7erisindeyiz&#8221; a\u00e7\u0131klamas\u0131nda bulundu.<\/p>\n\n\n\n<p><strong>&#8220;Bu \u00f6l\u00fcmleri durdurabilmek i\u00e7in ne gibi ad\u0131mlar atar\u0131z bunlar\u0131 kendisiyle m\u00fczakere edece\u011fim&#8221;<\/strong><\/p>\n\n\n\n<p>Rusya-Ukrayna aras\u0131nda devam sava\u015f ile ilgili soruya ise Cumhurba\u015fkan\u0131 Erdo\u011fan \u015f\u00f6yle cevap verdi:<br>&#8220;Her \u015feyden \u00f6nce Zelenskiy ile ge\u00e7en hafta Ankara&#8217;da bir g\u00f6r\u00fc\u015fme yapt\u0131\u011f\u0131m\u0131 s\u00f6yledim. Yar\u0131n da yine telefonla Say\u0131n Putin ile bir g\u00f6r\u00fc\u015fmemiz olacak. Ve bu g\u00f6r\u00fc\u015fmelerden sonra bizim malum bir Tah\u0131l Koridoru gayretimiz vard\u0131. Bu Tah\u0131l Koridoru gayretimiz bizim asl\u0131nda bar\u0131\u015fa giden yolu a\u00e7mak istedi. Gerek Avrupa gerek Afrika b\u00fct\u00fcn buralara biz Tah\u0131l Koridoruyla ula\u015fal\u0131m istedik. Ne yaz\u0131k ki belli bir yere kadar bu i\u015fi ba\u015fard\u0131k, ama daha sonra bu devam etmedi. \u015eimdi yar\u0131n yapaca\u011f\u0131m\u0131z g\u00f6r\u00fc\u015fmelerde Say\u0131n Putin&#8217;den bunu yine rica edece\u011fim. Bu s\u00fcreci ba\u015flatabilirsek \u00e7ok hay\u0131rl\u0131 olur diye d\u00fc\u015f\u00fcn\u00fcyorum. Yine bu kadar insan tabii \u00f6ld\u00fc. Bu \u00f6l\u00fcmleri durdurabilmek i\u00e7in ne gibi ad\u0131mlar atar\u0131z bunlar\u0131 kendisiyle m\u00fczakere edece\u011fim. Ve bu m\u00fczakereden sonra da alaca\u011f\u0131m\u0131z neticeyi gerek Avrupal\u0131 gerek Say\u0131n Trump gerek di\u011fer dostlarla g\u00f6r\u00fc\u015fme f\u0131rsat\u0131n\u0131 bulaca\u011f\u0131m\u0131 d\u00fc\u015f\u00fcn\u00fcyorum ve bu vesileyle sizlere de tekrar te\u015fekk\u00fcr ediyorum.&#8221;<\/p>\n\n\n\n<p>Cumhurba\u015fkan\u0131 Erdo\u011fan, G\u00fcney Afrika ile ili\u015fkilerin \u00e7ok iyi oldu\u011funu belirterek, &#8220;Bundan sonraki s\u00fcre\u00e7te \u00f6zellikle savunma sanayinden tutunuz enerjiye var\u0131ncaya kadar bu alanlarda m\u00fc\u015fterek bir \u00e7ok ad\u0131mlar ataca\u011f\u0131m\u0131za inan\u0131yorum&#8221; de\u011ferlendirmesini yapt\u0131.<\/p>\n\n\n\n<p>Gazze&#8217;deki ate\u015fkes s\u00fcreci \u00fczerine konu\u015fan Erdo\u011fan, &#8220;\u015eu an itibariyle tabii ilgili birimleri \u00f6zellikle devlet ba\u015fkanlar\u0131yla arkada\u015flar\u0131m\u0131z\u0131n ili\u015fkileri devam ediyor.Ve bar\u0131\u015f\u0131 nas\u0131l temin ederiz, k\u0131sa s\u00fcreli bir ate\u015fkesten ziyade kal\u0131c\u0131 bir ate\u015fkesi nas\u0131l temin ederiz, bunun gayreti i\u00e7erisindeyiz&#8221; dedi.<\/p>\n\n\n\n<p>Cumhurba\u015fkan\u0131 Erdo\u011fan, T\u00fcrkiye&#8217;nin nerede s\u0131k\u0131nt\u0131 olursa orada olaca\u011f\u0131n\u0131 b\u00f6lgesinde ve d\u00fcnyadaki geli\u015fmelere kay\u0131ts\u0131z kalamayaca\u011f\u0131n\u0131 belirterek, &#8220;Nerede bir s\u0131k\u0131nt\u0131 varsa biz tabiiki orada olaca\u011f\u0131z. Siyasetin en \u00f6nemli yan\u0131 bu. Sudan&#8217;daki karde\u015flerimiz de T\u00fcrkiye&#8217;nin oradaki bu s\u0131k\u0131nt\u0131lar\u0131n \u00e7\u00f6z\u00fcm\u00fcnde yer almas\u0131n\u0131 zaten onlar da talep ediyor ve biz de oralarda bar\u0131\u015f i\u00e7in bulunman\u0131n gayreti i\u00e7erisinde olduk, oluyoruz. Gerek K\u00f6rfez&#8217;de gerek Sudan&#8217;da ayn\u0131 \u015fekilde Somali&#8217;de bu gayretlerin i\u00e7erisinde olduk. Bundan sonra da yine bar\u0131\u015f i\u00e7in her yere ko\u015fturaca\u011f\u0131z&#8221; a\u00e7\u0131klamas\u0131nda bulundu.<\/p>\n\n\n\n<p>Kaynak: \u0130HA<\/p>\n\n\n\n<p><\/p>\n","protected":false},"excerpt":{"rendered":"<p>Cumhurba\u015fkan\u0131 Recep Tayyip Erdo\u011fan, &#8220;T\u00fcrkiye olarak kimseden \u00e7ekinmeden Filistin davas\u0131na \u00e7ok g\u00fc\u00e7l\u00fc bi\u00e7imde sahip \u00e7\u0131kt\u0131k, her platformda Gazzeli mazlumlar\u0131n hak ve hukukunu cesaretle savunduk. Gerek K\u00f6rfez&#8217;de gerek Sudan&#8217;da, Somali&#8217;de bu gayretlerin i\u00e7erisinde olduk bundan sonra da yine bar\u0131\u015f i\u00e7in her yere ko\u015fturaca\u011f\u0131z&#8221; dedi. Cumhurba\u015fkan\u0131 Recep Tayyip Erdo\u011fan, G20 liderler Zirvesi&#8217;nin ard\u0131ndan bas\u0131n toplant\u0131s\u0131 d\u00fczenledi. Zirvenin [&hellip;]<\/p>\n","protected":false},"author":1,"featured_media":6918,"comment_status":"open","ping_status":"open","sticky":false,"template":"","format":"standard","meta":{"footnotes":""},"categories":[11],"tags":[2441,2451,620],"class_list":["post-6917","post","type-post","status-publish","format-standard","has-post-thumbnail","hentry","category-manset","tag-g20","tag-guney-afrika-cumhuriyeti","tag-recep-tayyip-erdogan"],"_links":{"self":[{"href":"https:\/\/www.trabzonmanset.com\/index.php\/wp-json\/wp\/v2\/posts\/6917","targetHints":{"allow":["GET"]}}],"collection":[{"href":"https:\/\/www.trabzonmanset.com\/index.php\/wp-json\/wp\/v2\/posts"}],"about":[{"href":"https:\/\/www.trabzonmanset.com\/index.php\/wp-json\/wp\/v2\/types\/post"}],"author":[{"embeddable":true,"href":"https:\/\/www.trabzonmanset.com\/index.php\/wp-json\/wp\/v2\/users\/1"}],"replies":[{"embeddable":true,"href":"https:\/\/www.trabzonmanset.com\/index.php\/wp-json\/wp\/v2\/comments?post=6917"}],"version-history":[{"count":1,"href":"https:\/\/www.trabzonmanset.com\/index.php\/wp-json\/wp\/v2\/posts\/6917\/revisions"}],"predecessor-version":[{"id":6919,"href":"https:\/\/www.trabzonmanset.com\/index.php\/wp-json\/wp\/v2\/posts\/6917\/revisions\/6919"}],"wp:featuredmedia":[{"embeddable":true,"href":"https:\/\/www.trabzonmanset.com\/index.php\/wp-json\/wp\/v2\/media\/6918"}],"wp:attachment":[{"href":"https:\/\/www.trabzonmanset.com\/index.php\/wp-json\/wp\/v2\/media?parent=6917"}],"wp:term":[{"taxonomy":"category","embeddable":true,"href":"https:\/\/www.trabzonmanset.com\/index.php\/wp-json\/wp\/v2\/categories?post=6917"},{"taxonomy":"post_tag","embeddable":true,"href":"https:\/\/www.trabzonmanset.com\/index.php\/wp-json\/wp\/v2\/tags?post=6917"}],"curies":[{"name":"wp","href":"https:\/\/api.w.org\/{rel}","templated":true}]}}