{"id":6893,"date":"2025-11-23T22:25:00","date_gmt":"2025-11-23T19:25:00","guid":{"rendered":"https:\/\/www.trabzonmanset.com\/?p=6893"},"modified":"2025-11-23T23:01:45","modified_gmt":"2025-11-23T20:01:45","slug":"zelenskiy-ukrayna-her-bir-abdliye-ve-ozellikle-baskan-trumpa-minnettar","status":"publish","type":"post","link":"https:\/\/www.trabzonmanset.com\/index.php\/2025\/11\/23\/zelenskiy-ukrayna-her-bir-abdliye-ve-ozellikle-baskan-trumpa-minnettar\/","title":{"rendered":"Zelenskiy: &#8220;Ukrayna, her bir ABD\u2019liye ve \u00f6zellikle Ba\u015fkan Trump\u2019a minnettar&#8221;"},"content":{"rendered":"\n<p>Ukrayna Devlet Ba\u015fkan\u0131 Vladimir Zelenskiy, ABD Ba\u015fkan\u0131 Donald Trump\u2019\u0131n &#8220;Ukrayna liderli\u011fi \u00e7abalar\u0131m\u0131za hi\u00e7bir \u015fekilde minnet g\u00f6stermedi&#8221; a\u00e7\u0131klamas\u0131n\u0131n ard\u0131ndan &#8220;Ukrayna, her bir Amerikal\u0131ya ve \u00f6zellikle Ba\u015fkan Trump\u2019a minnettar&#8221; dedi.<\/p>\n\n\n\n<p>Ukrayna Devlet Ba\u015fkan\u0131 Vladimir Zelenskiy, ABD Ba\u015fkan\u0131 Donald Trump\u2019\u0131n Ukrayna liderli\u011finin ABD\u2019nin bar\u0131\u015f \u00e7abalar\u0131na hi\u00e7bir minnettarl\u0131k g\u00f6stermedi\u011fi y\u00f6n\u00fcndeki ifadelerinin ard\u0131ndan sosyal medya \u00fczerinden bir a\u00e7\u0131klama yapt\u0131. Zelenskiy, &#8220;Ukrayna, Javelin f\u00fczelerinden ba\u015flayarak Ukraynal\u0131lar\u0131n hayatlar\u0131n\u0131 kurtaran yard\u0131mlar\u0131 i\u00e7in her bir ABD\u2019liye ve \u00f6zellikle Ba\u015fkan Trump\u2019a minnettar&#8221; dedi.<\/p>\n\n\n\n<p>Avrupa ve G7 ile G20 \u00fclkelerine de yard\u0131mlar\u0131 i\u00e7in te\u015fekk\u00fcr eden Zelenskiy, bu deste\u011fin s\u00fcrd\u00fcr\u00fclmesine y\u00f6nelik \u00e7abalar\u0131n \u00f6nemli oldu\u011funu ifade etti. Zelenskiy, &#8220;Bu y\u00fczden bar\u0131\u015fa giden s\u00fcre\u00e7te her noktay\u0131, bu y\u00f6nde at\u0131lan her ad\u0131m\u0131 bu denli dikkatle ele al\u0131yoruz. Bu sava\u015f\u0131 ger\u00e7ekten bitirebilmemiz ve bir sava\u015f daha \u00e7\u0131kmas\u0131n\u0131 engelleyebilmemiz i\u00e7in her \u015fey do\u011fru \u015fekilde haz\u0131rlanmal\u0131&#8221; ifadelerini kulland\u0131.<\/p>\n\n\n\n<p>Zelenskiy, &#8220;Yard\u0131m eden herkese te\u015fekk\u00fcr ederim. Te\u015fekk\u00fcrler ABD. Te\u015fekk\u00fcrler Avrupa. \u0130nsanlar\u0131m\u0131zla gurur duyuyorum&#8221; dedi.<br><br><strong>&#8220;Ukrayna liderli\u011fi \u00e7abalar\u0131m\u0131za hi\u00e7bir \u015fekilde minnet g\u00f6stermedi&#8221;<\/strong><\/p>\n\n\n\n<p>ABD Ba\u015fkan\u0131 Trump, \u0130svi\u00e7re\u2019nin Cenevre kentinde ABD, Ukrayna ve Avrupal\u0131 heyetler aras\u0131nda Ukrayna&#8217;da bar\u0131\u015fa dair plana ili\u015fkin g\u00f6r\u00fc\u015fmeler devam ederken Ukrayna\u2019y\u0131 ele\u015ftiren bir a\u00e7\u0131klama yapm\u0131\u015ft\u0131. Trump, sosyal medya hesab\u0131ndan yapt\u0131\u011f\u0131 a\u00e7\u0131klamada Rusya-Ukrayna Sava\u015f\u0131&#8217;n\u0131 \u015fiddetli ve korkun\u00e7 olarak nitelendirerek, &#8220;ABD ile Ukrayna&#8217;n\u0131n g\u00fc\u00e7l\u00fc ve uygun liderli\u011fi olsayd\u0131, bu sava\u015f asla ger\u00e7ekle\u015fmeyecekti&#8221; ifadelerini kullanm\u0131\u015ft\u0131. Ukrayna liderli\u011fi ve Avrupa \u00fclkelerine serzeni\u015fte bulunan Trump, &#8220;Ukrayna liderli\u011fi \u00e7abalar\u0131m\u0131za hi\u00e7bir \u015fekilde minnet g\u00f6stermedi ve Avrupa Rusya&#8217;dan petrol almaya devam ediyor&#8221; demi\u015fti.<\/p>\n\n\n\n<p>Kaynak: \u0130HA<\/p>\n","protected":false},"excerpt":{"rendered":"<p>Ukrayna Devlet Ba\u015fkan\u0131 Vladimir Zelenskiy, ABD Ba\u015fkan\u0131 Donald Trump\u2019\u0131n &#8220;Ukrayna liderli\u011fi \u00e7abalar\u0131m\u0131za hi\u00e7bir \u015fekilde minnet g\u00f6stermedi&#8221; a\u00e7\u0131klamas\u0131n\u0131n ard\u0131ndan &#8220;Ukrayna, her bir Amerikal\u0131ya ve \u00f6zellikle Ba\u015fkan Trump\u2019a minnettar&#8221; dedi. Ukrayna Devlet Ba\u015fkan\u0131 Vladimir Zelenskiy, ABD Ba\u015fkan\u0131 Donald Trump\u2019\u0131n Ukrayna liderli\u011finin ABD\u2019nin bar\u0131\u015f \u00e7abalar\u0131na hi\u00e7bir minnettarl\u0131k g\u00f6stermedi\u011fi y\u00f6n\u00fcndeki ifadelerinin ard\u0131ndan sosyal medya \u00fczerinden bir a\u00e7\u0131klama yapt\u0131. Zelenskiy, [&hellip;]<\/p>\n","protected":false},"author":1,"featured_media":6894,"comment_status":"open","ping_status":"open","sticky":false,"template":"","format":"standard","meta":{"footnotes":""},"categories":[127],"tags":[160,2454,924,2441,1513,1783],"class_list":["post-6893","post","type-post","status-publish","format-standard","has-post-thumbnail","hentry","category-dunya","tag-abd","tag-avrupa-ve-g7","tag-donald-trump","tag-g20","tag-ukrayna","tag-vladimir-zelenskiy"],"_links":{"self":[{"href":"https:\/\/www.trabzonmanset.com\/index.php\/wp-json\/wp\/v2\/posts\/6893","targetHints":{"allow":["GET"]}}],"collection":[{"href":"https:\/\/www.trabzonmanset.com\/index.php\/wp-json\/wp\/v2\/posts"}],"about":[{"href":"https:\/\/www.trabzonmanset.com\/index.php\/wp-json\/wp\/v2\/types\/post"}],"author":[{"embeddable":true,"href":"https:\/\/www.trabzonmanset.com\/index.php\/wp-json\/wp\/v2\/users\/1"}],"replies":[{"embeddable":true,"href":"https:\/\/www.trabzonmanset.com\/index.php\/wp-json\/wp\/v2\/comments?post=6893"}],"version-history":[{"count":1,"href":"https:\/\/www.trabzonmanset.com\/index.php\/wp-json\/wp\/v2\/posts\/6893\/revisions"}],"predecessor-version":[{"id":6895,"href":"https:\/\/www.trabzonmanset.com\/index.php\/wp-json\/wp\/v2\/posts\/6893\/revisions\/6895"}],"wp:featuredmedia":[{"embeddable":true,"href":"https:\/\/www.trabzonmanset.com\/index.php\/wp-json\/wp\/v2\/media\/6894"}],"wp:attachment":[{"href":"https:\/\/www.trabzonmanset.com\/index.php\/wp-json\/wp\/v2\/media?parent=6893"}],"wp:term":[{"taxonomy":"category","embeddable":true,"href":"https:\/\/www.trabzonmanset.com\/index.php\/wp-json\/wp\/v2\/categories?post=6893"},{"taxonomy":"post_tag","embeddable":true,"href":"https:\/\/www.trabzonmanset.com\/index.php\/wp-json\/wp\/v2\/tags?post=6893"}],"curies":[{"name":"wp","href":"https:\/\/api.w.org\/{rel}","templated":true}]}}