{"id":6890,"date":"2025-11-23T21:35:00","date_gmt":"2025-11-23T18:35:00","guid":{"rendered":"https:\/\/www.trabzonmanset.com\/?p=6890"},"modified":"2025-11-23T22:58:48","modified_gmt":"2025-11-23T19:58:48","slug":"cumhurbaskani-erdogan-dso-genel-direktoru-tedrosu-kabul-etti","status":"publish","type":"post","link":"https:\/\/www.trabzonmanset.com\/index.php\/2025\/11\/23\/cumhurbaskani-erdogan-dso-genel-direktoru-tedrosu-kabul-etti\/","title":{"rendered":"Cumhurba\u015fkan\u0131 Erdo\u011fan, DS\u00d6 Genel Direkt\u00f6r\u00fc Tedros\u2019u kabul etti"},"content":{"rendered":"\n<p>Cumhurba\u015fkan\u0131 Recep Tayyip Erdo\u011fan, G20 Liderler Zirvesi i\u00e7in bulundu\u011fu G\u00fcney Afrika Cumhuriyeti&#8217;nin Johannesburg kentinde D\u00fcnya Sa\u011fl\u0131k \u00d6rg\u00fct\u00fc (DS\u00d6) Genel Direkt\u00f6r\u00fc Tedros Adhanom Ghebreyesus\u2019u kabul etti.<\/p>\n\n\n\n<p>Cumhurba\u015fkan\u0131 Recep Tayyip Erdo\u011fan\u2019\u0131n G20 Liderler Zirvesi kapsam\u0131ndaki diplomasi trafi\u011fi olduk\u00e7a yo\u011fun ge\u00e7iyor. Cumhurba\u015fkan\u0131 Erdo\u011fan, G\u00fcney Afrika Cumhuriyeti\u2019nin Johannesburg kentindeki ikili temaslar\u0131 \u00e7er\u00e7evesinde DS\u00d6 Genel Direkt\u00f6r\u00fc Tedros Adhanom Ghebreyesus\u2019u kabul etti. G\u00f6r\u00fc\u015fme, zirve alan\u0131nda ger\u00e7ekle\u015fti.<\/p>\n\n\n\n<p>Kaynak: \u0130HA<\/p>\n\n\n\n<p><\/p>\n","protected":false},"excerpt":{"rendered":"<p>Cumhurba\u015fkan\u0131 Recep Tayyip Erdo\u011fan, G20 Liderler Zirvesi i\u00e7in bulundu\u011fu G\u00fcney Afrika Cumhuriyeti&#8217;nin Johannesburg kentinde D\u00fcnya Sa\u011fl\u0131k \u00d6rg\u00fct\u00fc (DS\u00d6) Genel Direkt\u00f6r\u00fc Tedros Adhanom Ghebreyesus\u2019u kabul etti. Cumhurba\u015fkan\u0131 Recep Tayyip Erdo\u011fan\u2019\u0131n G20 Liderler Zirvesi kapsam\u0131ndaki diplomasi trafi\u011fi olduk\u00e7a yo\u011fun ge\u00e7iyor. Cumhurba\u015fkan\u0131 Erdo\u011fan, G\u00fcney Afrika Cumhuriyeti\u2019nin Johannesburg kentindeki ikili temaslar\u0131 \u00e7er\u00e7evesinde DS\u00d6 Genel Direkt\u00f6r\u00fc Tedros Adhanom Ghebreyesus\u2019u kabul [&hellip;]<\/p>\n","protected":false},"author":1,"featured_media":6891,"comment_status":"open","ping_status":"open","sticky":false,"template":"","format":"standard","meta":{"footnotes":""},"categories":[11],"tags":[829,2441,2451,2452,2453],"class_list":["post-6890","post","type-post","status-publish","format-standard","has-post-thumbnail","hentry","category-manset","tag-dso-2","tag-g20","tag-guney-afrika-cumhuriyeti","tag-johannesburg","tag-tedros-adhanom-ghebreyesus"],"_links":{"self":[{"href":"https:\/\/www.trabzonmanset.com\/index.php\/wp-json\/wp\/v2\/posts\/6890","targetHints":{"allow":["GET"]}}],"collection":[{"href":"https:\/\/www.trabzonmanset.com\/index.php\/wp-json\/wp\/v2\/posts"}],"about":[{"href":"https:\/\/www.trabzonmanset.com\/index.php\/wp-json\/wp\/v2\/types\/post"}],"author":[{"embeddable":true,"href":"https:\/\/www.trabzonmanset.com\/index.php\/wp-json\/wp\/v2\/users\/1"}],"replies":[{"embeddable":true,"href":"https:\/\/www.trabzonmanset.com\/index.php\/wp-json\/wp\/v2\/comments?post=6890"}],"version-history":[{"count":1,"href":"https:\/\/www.trabzonmanset.com\/index.php\/wp-json\/wp\/v2\/posts\/6890\/revisions"}],"predecessor-version":[{"id":6892,"href":"https:\/\/www.trabzonmanset.com\/index.php\/wp-json\/wp\/v2\/posts\/6890\/revisions\/6892"}],"wp:featuredmedia":[{"embeddable":true,"href":"https:\/\/www.trabzonmanset.com\/index.php\/wp-json\/wp\/v2\/media\/6891"}],"wp:attachment":[{"href":"https:\/\/www.trabzonmanset.com\/index.php\/wp-json\/wp\/v2\/media?parent=6890"}],"wp:term":[{"taxonomy":"category","embeddable":true,"href":"https:\/\/www.trabzonmanset.com\/index.php\/wp-json\/wp\/v2\/categories?post=6890"},{"taxonomy":"post_tag","embeddable":true,"href":"https:\/\/www.trabzonmanset.com\/index.php\/wp-json\/wp\/v2\/tags?post=6890"}],"curies":[{"name":"wp","href":"https:\/\/api.w.org\/{rel}","templated":true}]}}