{"id":6876,"date":"2025-11-23T21:55:00","date_gmt":"2025-11-23T18:55:00","guid":{"rendered":"https:\/\/www.trabzonmanset.com\/?p=6876"},"modified":"2025-11-23T22:44:59","modified_gmt":"2025-11-23T19:44:59","slug":"7-gollu-nefes-kesen-macta-fenerbahceden-muhtesem-geri-donus","status":"publish","type":"post","link":"https:\/\/www.trabzonmanset.com\/index.php\/2025\/11\/23\/7-gollu-nefes-kesen-macta-fenerbahceden-muhtesem-geri-donus\/","title":{"rendered":"7 goll\u00fc nefes kesen ma\u00e7ta Fenerbah\u00e7e&#8217;den muhte\u015fem geri d\u00f6n\u00fc\u015f!"},"content":{"rendered":"\n<p>Trendyol S\u00fcper Lig&#8217;in 13. haftas\u0131nda Fenerbah\u00e7e, deplasmanda \u00c7aykur Rizespor&#8217;u 5-2 ma\u011flup etti.<\/p>\n\n\n\n<p>Trendyol S\u00fcper Lig&#8217;in 13. haftas\u0131nda Fenerbah\u00e7e, deplasmanda \u00c7aykur Rizespor&#8217;a konuk oldu \u00c7aykur Didi Stadyumu&#8217;nda oynanan m\u00fccadeleyi Fenerbah\u00e7e 4-2 kazand\u0131.<\/p>\n\n\n\n<p><strong>R\u0130ZESPOR \u0130LK YARIYI \u00d6NDE KAPATTI!<\/strong><\/p>\n\n\n\n<p>Kar\u015f\u0131la\u015fmaya h\u0131zl\u0131 ba\u015flayan taraf ev sahibi Rizespor oldu. Rizespor, 6&#8217;nc\u0131 dakikada Ali Sowe ve 16&#8217;da La\u00e7i&#8217;nin att\u0131\u011f\u0131 gollerle ilk yar\u0131y\u0131 2-0 \u00f6nde kapatt\u0131.<\/p>\n\n\n\n<figure class=\"wp-block-image size-large\"><img loading=\"lazy\" decoding=\"async\" width=\"1024\" height=\"698\" src=\"https:\/\/www.trabzonmanset.com\/wp-content\/uploads\/2025\/11\/18gOh_1763923910_1332-1024x698.webp?wsr\" alt=\"\" class=\"wp-image-6877\" srcset=\"https:\/\/www.trabzonmanset.com\/wp-content\/uploads\/2025\/11\/18gOh_1763923910_1332-1024x698.webp 1024w, https:\/\/www.trabzonmanset.com\/wp-content\/uploads\/2025\/11\/18gOh_1763923910_1332-300x205.webp 300w, https:\/\/www.trabzonmanset.com\/wp-content\/uploads\/2025\/11\/18gOh_1763923910_1332-768x524.webp 768w, https:\/\/www.trabzonmanset.com\/wp-content\/uploads\/2025\/11\/18gOh_1763923910_1332.webp 1280w\" sizes=\"auto, (max-width: 1024px) 100vw, 1024px\" \/><\/figure>\n\n\n\n<p><strong>\u0130K\u0130NC\u0130 YARI A\u00c7ILDI<\/strong><\/p>\n\n\n\n<p>2-0 geriye d\u00fc\u015fmesine ra\u011fmen pes etmeyen Fenerbah\u00e7e, 55 ve 65&#8217;te Asensio, 58&#8217;de Talisca, 78&#8217;de En-Nesyri ve 88&#8217;de Brown&#8217;\u0131n att\u0131\u011f\u0131 gollerle ma\u00e7\u0131 5-2 kazanmay\u0131 ba\u015fard\u0131.<\/p>\n\n\n\n<p>Rizespor&#8217;da 63&#8217;nc\u00fc dakikada La\u00e7i, ikinci sar\u0131 karttan k\u0131rm\u0131z\u0131 kart g\u00f6rd\u00fc.<\/p>\n\n\n\n<figure class=\"wp-block-image size-large\"><img loading=\"lazy\" decoding=\"async\" width=\"1024\" height=\"737\" src=\"https:\/\/www.trabzonmanset.com\/wp-content\/uploads\/2025\/11\/yKPa9_1763923915_8272-1024x737.webp?wsr\" alt=\"\" class=\"wp-image-6878\" srcset=\"https:\/\/www.trabzonmanset.com\/wp-content\/uploads\/2025\/11\/yKPa9_1763923915_8272-1024x737.webp 1024w, https:\/\/www.trabzonmanset.com\/wp-content\/uploads\/2025\/11\/yKPa9_1763923915_8272-300x216.webp 300w, https:\/\/www.trabzonmanset.com\/wp-content\/uploads\/2025\/11\/yKPa9_1763923915_8272-768x553.webp 768w, https:\/\/www.trabzonmanset.com\/wp-content\/uploads\/2025\/11\/yKPa9_1763923915_8272.webp 1280w\" sizes=\"auto, (max-width: 1024px) 100vw, 1024px\" \/><\/figure>\n\n\n\n<p><strong>2 TAKIMIN S\u00dcPER L\u0130G&#8217;DEK\u0130 SON DURUMU<\/strong><\/p>\n\n\n\n<p>Bu sonucun ard\u0131ndan Fenerbah\u00e7e, puan\u0131n\u0131 31 yapt\u0131 ve lider Galatasaray ile puan fark\u0131n\u0131 1&#8217;e indirdi. Rizespor ise 14 puanda kald\u0131.<\/p>\n\n\n\n<p>S\u00fcper Lig&#8217;de gelecek hafta Fenerbah\u00e7e, sahas\u0131nda Galatasaray&#8217;\u0131 konuk edecek. Rizespor ise deplasmanda Kayserispor ile kar\u015f\u0131 kar\u015f\u0131ya gelecek.<\/p>\n\n\n\n<figure class=\"wp-block-image size-large\"><img loading=\"lazy\" decoding=\"async\" width=\"1024\" height=\"726\" src=\"https:\/\/www.trabzonmanset.com\/wp-content\/uploads\/2025\/11\/0Jh2D_1763923929_0609-1024x726.webp?wsr\" alt=\"\" class=\"wp-image-6879\" srcset=\"https:\/\/www.trabzonmanset.com\/wp-content\/uploads\/2025\/11\/0Jh2D_1763923929_0609-1024x726.webp 1024w, https:\/\/www.trabzonmanset.com\/wp-content\/uploads\/2025\/11\/0Jh2D_1763923929_0609-300x213.webp 300w, https:\/\/www.trabzonmanset.com\/wp-content\/uploads\/2025\/11\/0Jh2D_1763923929_0609-768x545.webp 768w, https:\/\/www.trabzonmanset.com\/wp-content\/uploads\/2025\/11\/0Jh2D_1763923929_0609.webp 1280w\" sizes=\"auto, (max-width: 1024px) 100vw, 1024px\" \/><\/figure>\n\n\n\n<p><strong>\u00c7aykur Rizespor: 2 &#8211; Fenerbah\u00e7e: 5<\/strong><\/p>\n\n\n\n<p><strong>Stat: <\/strong>\u00c7aykur Didi<\/p>\n\n\n\n<p><strong>Hakemler: <\/strong>\u00c7a\u011fda\u015f Altay, S\u00fcleyman \u00d6zay, Canda\u015f Elbil<\/p>\n\n\n\n<p><strong>\u00c7aykur Rizespor:<\/strong> Fofana, Muhammet Taha \u015eahin, Mocsi, Samet Akaydin, Hojer (Dk. 83 Mithat Pala), Papanikolaou (Dk. 83 Taylan Antalyal\u0131), Buljubasic (Dk. 61 Olawoyin), Rak-Sayi (Dk. 75 Zeqiri), La\u00e7i, Emrecan Bulut (Dk. 75 Jurecka), Sowe<\/p>\n\n\n\n<p><strong>Fenerbah\u00e7e: <\/strong>Ederson, Mert M\u00fcld\u00fcr (Dk. 56 Talisca), Skriniar, Oosterwolde (Dk. 84 Becao), Levent Mercan, \u0130smail Y\u00fcksek, Nene (Dk. 84 O\u011fuz Ayd\u0131n), Asensio, Fred (Dk. 56 Brown), Kerem Akt\u00fcrko\u011flu, Jhon Duran (Dk. 75 En-Nesyri)<\/p>\n\n\n\n<p><strong>Goller:<\/strong> Dk. 6 Sowe, Dk. 16 La\u00e7i (\u00c7aykur Rizespor), Dk. 55 ve 65 Asensio, Dk. 58 Talisca, Dk. 78 En-Nesyri, Dk. 88 Brown (Fenerbah\u00e7e)<\/p>\n\n\n\n<p><strong>K\u0131rm\u0131z\u0131 kart: <\/strong>Dk. 63 La\u00e7i (\u00c7aykur Rizespor)<\/p>\n\n\n\n<p><strong>Sar\u0131 kartlar: <\/strong>Dk. 47 Samet Akaydin, (\u00c7aykur Rizespor), Dk. 52 \u0130smail Y\u00fcksek (Fenerbah\u00e7e)<\/p>\n","protected":false},"excerpt":{"rendered":"<p>Trendyol S\u00fcper Lig&#8217;in 13. haftas\u0131nda Fenerbah\u00e7e, deplasmanda \u00c7aykur Rizespor&#8217;u 5-2 ma\u011flup etti. Trendyol S\u00fcper Lig&#8217;in 13. haftas\u0131nda Fenerbah\u00e7e, deplasmanda \u00c7aykur Rizespor&#8217;a konuk oldu \u00c7aykur Didi Stadyumu&#8217;nda oynanan m\u00fccadeleyi Fenerbah\u00e7e 4-2 kazand\u0131. R\u0130ZESPOR \u0130LK YARIYI \u00d6NDE KAPATTI! Kar\u015f\u0131la\u015fmaya h\u0131zl\u0131 ba\u015flayan taraf ev sahibi Rizespor oldu. Rizespor, 6&#8217;nc\u0131 dakikada Ali Sowe ve 16&#8217;da La\u00e7i&#8217;nin att\u0131\u011f\u0131 gollerle ilk [&hellip;]<\/p>\n","protected":false},"author":1,"featured_media":6878,"comment_status":"open","ping_status":"open","sticky":false,"template":"","format":"standard","meta":{"footnotes":""},"categories":[14],"tags":[1280,533,746],"class_list":["post-6876","post","type-post","status-publish","format-standard","has-post-thumbnail","hentry","category-spor","tag-caykur-rizespor","tag-fenerbahce","tag-trendyol-super-lig"],"_links":{"self":[{"href":"https:\/\/www.trabzonmanset.com\/index.php\/wp-json\/wp\/v2\/posts\/6876","targetHints":{"allow":["GET"]}}],"collection":[{"href":"https:\/\/www.trabzonmanset.com\/index.php\/wp-json\/wp\/v2\/posts"}],"about":[{"href":"https:\/\/www.trabzonmanset.com\/index.php\/wp-json\/wp\/v2\/types\/post"}],"author":[{"embeddable":true,"href":"https:\/\/www.trabzonmanset.com\/index.php\/wp-json\/wp\/v2\/users\/1"}],"replies":[{"embeddable":true,"href":"https:\/\/www.trabzonmanset.com\/index.php\/wp-json\/wp\/v2\/comments?post=6876"}],"version-history":[{"count":1,"href":"https:\/\/www.trabzonmanset.com\/index.php\/wp-json\/wp\/v2\/posts\/6876\/revisions"}],"predecessor-version":[{"id":6880,"href":"https:\/\/www.trabzonmanset.com\/index.php\/wp-json\/wp\/v2\/posts\/6876\/revisions\/6880"}],"wp:featuredmedia":[{"embeddable":true,"href":"https:\/\/www.trabzonmanset.com\/index.php\/wp-json\/wp\/v2\/media\/6878"}],"wp:attachment":[{"href":"https:\/\/www.trabzonmanset.com\/index.php\/wp-json\/wp\/v2\/media?parent=6876"}],"wp:term":[{"taxonomy":"category","embeddable":true,"href":"https:\/\/www.trabzonmanset.com\/index.php\/wp-json\/wp\/v2\/categories?post=6876"},{"taxonomy":"post_tag","embeddable":true,"href":"https:\/\/www.trabzonmanset.com\/index.php\/wp-json\/wp\/v2\/tags?post=6876"}],"curies":[{"name":"wp","href":"https:\/\/api.w.org\/{rel}","templated":true}]}}