{"id":6867,"date":"2025-11-22T21:44:27","date_gmt":"2025-11-22T18:44:27","guid":{"rendered":"https:\/\/www.trabzonmanset.com\/?p=6867"},"modified":"2025-11-22T21:44:28","modified_gmt":"2025-11-22T18:44:28","slug":"cezaevinde-gida-zehirlenmesi-suphesi-sayi-123e-cikti","status":"publish","type":"post","link":"https:\/\/www.trabzonmanset.com\/index.php\/2025\/11\/22\/cezaevinde-gida-zehirlenmesi-suphesi-sayi-123e-cikti\/","title":{"rendered":"Cezaevinde g\u0131da zehirlenmesi \u015f\u00fcphesi: Say\u0131 123\u2019e \u00e7\u0131kt\u0131"},"content":{"rendered":"\n<p>Sakarya\u2019da a\u00e7\u0131k ceza infaz kurumunda yedikleri yemekten rahats\u0131zlanan ve zehirlendiklerinden \u015f\u00fcphelenilen h\u00fck\u00fcml\u00fclerin say\u0131s\u0131 123\u2019e y\u00fckseldi. H\u00fck\u00fcml\u00fclerin hastaneye sevk edildi\u011fi \u00f6\u011frenildi.<\/p>\n\n\n\n<p>Olay, Ferizli il\u00e7esinde bulunan a\u00e7\u0131k ceza infaz kurumunda meydana geldi. Edinilen bilgiye g\u00f6re, ak\u015fam yeme\u011finin ard\u0131ndan baz\u0131 h\u00fck\u00fcml\u00fclerde mide bulant\u0131s\u0131, kusma, ba\u015f d\u00f6nmesi ve halsizlik gibi \u015fikayetler g\u00f6r\u00fcld\u00fc. \u0130lk a\u015famada yedikleri yemekten etkilendikleri de\u011ferlendirilen toplam 71 ki\u015fi ceza infaz kurumunun revirinde tedavi alt\u0131na al\u0131nd\u0131, 5 ki\u015fi hastaneye sevk edildi. Zehirlenme \u015f\u00fcphesi ile revire ba\u015fvuranlar\u0131n say\u0131s\u0131 artt\u0131. Son olarak 123 h\u00fck\u00fcml\u00fcn\u00fcn, g\u0131da zehirlenmesi \u015f\u00fcphesi ile \u015fehirdeki \u00e7e\u015fitli hastanelere sevk edildi\u011fi ve hayati tehlikelerinin bulunmad\u0131\u011f\u0131 \u00f6\u011frenildi. Tedavisi tamamlanan h\u00fck\u00fcml\u00fcler tekrardan cezaevine sevk ediliyor.<\/p>\n","protected":false},"excerpt":{"rendered":"<p>Sakarya\u2019da a\u00e7\u0131k ceza infaz kurumunda yedikleri yemekten rahats\u0131zlanan ve zehirlendiklerinden \u015f\u00fcphelenilen h\u00fck\u00fcml\u00fclerin say\u0131s\u0131 123\u2019e y\u00fckseldi. H\u00fck\u00fcml\u00fclerin hastaneye sevk edildi\u011fi \u00f6\u011frenildi. Olay, Ferizli il\u00e7esinde bulunan a\u00e7\u0131k ceza infaz kurumunda meydana geldi. Edinilen bilgiye g\u00f6re, ak\u015fam yeme\u011finin ard\u0131ndan baz\u0131 h\u00fck\u00fcml\u00fclerde mide bulant\u0131s\u0131, kusma, ba\u015f d\u00f6nmesi ve halsizlik gibi \u015fikayetler g\u00f6r\u00fcld\u00fc. \u0130lk a\u015famada yedikleri yemekten etkilendikleri de\u011ferlendirilen toplam [&hellip;]<\/p>\n","protected":false},"author":1,"featured_media":6868,"comment_status":"open","ping_status":"open","sticky":false,"template":"","format":"standard","meta":{"footnotes":""},"categories":[1],"tags":[2449,2329,1677,712],"class_list":["post-6867","post","type-post","status-publish","format-standard","has-post-thumbnail","hentry","category-gundem","tag-cezaevinde-gida-zehirlenmesi","tag-gida-zehirlenmesi","tag-sakarya","tag-trabzon-manset"],"_links":{"self":[{"href":"https:\/\/www.trabzonmanset.com\/index.php\/wp-json\/wp\/v2\/posts\/6867","targetHints":{"allow":["GET"]}}],"collection":[{"href":"https:\/\/www.trabzonmanset.com\/index.php\/wp-json\/wp\/v2\/posts"}],"about":[{"href":"https:\/\/www.trabzonmanset.com\/index.php\/wp-json\/wp\/v2\/types\/post"}],"author":[{"embeddable":true,"href":"https:\/\/www.trabzonmanset.com\/index.php\/wp-json\/wp\/v2\/users\/1"}],"replies":[{"embeddable":true,"href":"https:\/\/www.trabzonmanset.com\/index.php\/wp-json\/wp\/v2\/comments?post=6867"}],"version-history":[{"count":1,"href":"https:\/\/www.trabzonmanset.com\/index.php\/wp-json\/wp\/v2\/posts\/6867\/revisions"}],"predecessor-version":[{"id":6869,"href":"https:\/\/www.trabzonmanset.com\/index.php\/wp-json\/wp\/v2\/posts\/6867\/revisions\/6869"}],"wp:featuredmedia":[{"embeddable":true,"href":"https:\/\/www.trabzonmanset.com\/index.php\/wp-json\/wp\/v2\/media\/6868"}],"wp:attachment":[{"href":"https:\/\/www.trabzonmanset.com\/index.php\/wp-json\/wp\/v2\/media?parent=6867"}],"wp:term":[{"taxonomy":"category","embeddable":true,"href":"https:\/\/www.trabzonmanset.com\/index.php\/wp-json\/wp\/v2\/categories?post=6867"},{"taxonomy":"post_tag","embeddable":true,"href":"https:\/\/www.trabzonmanset.com\/index.php\/wp-json\/wp\/v2\/tags?post=6867"}],"curies":[{"name":"wp","href":"https:\/\/api.w.org\/{rel}","templated":true}]}}