{"id":6864,"date":"2025-11-22T21:41:51","date_gmt":"2025-11-22T18:41:51","guid":{"rendered":"https:\/\/www.trabzonmanset.com\/?p=6864"},"modified":"2025-11-22T21:41:51","modified_gmt":"2025-11-22T18:41:51","slug":"cumhurbaskani-erdogan-brezilya-devlet-baskani-silva-ile-gorustu","status":"publish","type":"post","link":"https:\/\/www.trabzonmanset.com\/index.php\/2025\/11\/22\/cumhurbaskani-erdogan-brezilya-devlet-baskani-silva-ile-gorustu\/","title":{"rendered":"Cumhurba\u015fkan\u0131 Erdo\u011fan, Brezilya Devlet Ba\u015fkan\u0131 Silva ile g\u00f6r\u00fc\u015ft\u00fc"},"content":{"rendered":"\n<p>Cumhurba\u015fkan\u0131 Recep Tayyip Erdo\u011fan, G20 Liderler Zirvesi&#8217;ne kat\u0131lmak i\u00e7in bulundu\u011fu G\u00fcney Afrika&#8217;n\u0131n Johannesburg kentinde, Brezilya Devlet Ba\u015fkan\u0131 Luiz Inacio Lula da Silva ile g\u00f6r\u00fc\u015fme ger\u00e7ekle\u015ftirdi.<\/p>\n\n\n\n<p>Cumhurba\u015fkan\u0131 Recep Tayyip Erdo\u011fan, G20 Liderler Zirvesi i\u00e7in bulundu\u011fu G\u00fcney Afrika Cumhuriyeti&#8217;ndeki temaslar\u0131n\u0131 s\u00fcrd\u00fcr\u00fcyor. Cumhurba\u015fkan\u0131 Erdo\u011fan, Zirve&#8217;nin d\u00fczenlendi\u011fi Johannesburg kentindeki temaslar\u0131 \u00e7er\u00e7evesinde Brezilya Devlet Ba\u015fkan\u0131 Luiz Inacio Lula da Silva ile bir araya geldi.<\/p>\n","protected":false},"excerpt":{"rendered":"<p>Cumhurba\u015fkan\u0131 Recep Tayyip Erdo\u011fan, G20 Liderler Zirvesi&#8217;ne kat\u0131lmak i\u00e7in bulundu\u011fu G\u00fcney Afrika&#8217;n\u0131n Johannesburg kentinde, Brezilya Devlet Ba\u015fkan\u0131 Luiz Inacio Lula da Silva ile g\u00f6r\u00fc\u015fme ger\u00e7ekle\u015ftirdi. Cumhurba\u015fkan\u0131 Recep Tayyip Erdo\u011fan, G20 Liderler Zirvesi i\u00e7in bulundu\u011fu G\u00fcney Afrika Cumhuriyeti&#8217;ndeki temaslar\u0131n\u0131 s\u00fcrd\u00fcr\u00fcyor. Cumhurba\u015fkan\u0131 Erdo\u011fan, Zirve&#8217;nin d\u00fczenlendi\u011fi Johannesburg kentindeki temaslar\u0131 \u00e7er\u00e7evesinde Brezilya Devlet Ba\u015fkan\u0131 Luiz Inacio Lula da Silva [&hellip;]<\/p>\n","protected":false},"author":1,"featured_media":6865,"comment_status":"open","ping_status":"open","sticky":false,"template":"","format":"standard","meta":{"footnotes":""},"categories":[11],"tags":[2447,846,2442,2448],"class_list":["post-6864","post","type-post","status-publish","format-standard","has-post-thumbnail","hentry","category-manset","tag-brezilya-devlet-baskani","tag-cumhurbaskani-erdogan","tag-g20-liderler-zirvesi","tag-luiz-inacio-lula-da-silva"],"_links":{"self":[{"href":"https:\/\/www.trabzonmanset.com\/index.php\/wp-json\/wp\/v2\/posts\/6864","targetHints":{"allow":["GET"]}}],"collection":[{"href":"https:\/\/www.trabzonmanset.com\/index.php\/wp-json\/wp\/v2\/posts"}],"about":[{"href":"https:\/\/www.trabzonmanset.com\/index.php\/wp-json\/wp\/v2\/types\/post"}],"author":[{"embeddable":true,"href":"https:\/\/www.trabzonmanset.com\/index.php\/wp-json\/wp\/v2\/users\/1"}],"replies":[{"embeddable":true,"href":"https:\/\/www.trabzonmanset.com\/index.php\/wp-json\/wp\/v2\/comments?post=6864"}],"version-history":[{"count":1,"href":"https:\/\/www.trabzonmanset.com\/index.php\/wp-json\/wp\/v2\/posts\/6864\/revisions"}],"predecessor-version":[{"id":6866,"href":"https:\/\/www.trabzonmanset.com\/index.php\/wp-json\/wp\/v2\/posts\/6864\/revisions\/6866"}],"wp:featuredmedia":[{"embeddable":true,"href":"https:\/\/www.trabzonmanset.com\/index.php\/wp-json\/wp\/v2\/media\/6865"}],"wp:attachment":[{"href":"https:\/\/www.trabzonmanset.com\/index.php\/wp-json\/wp\/v2\/media?parent=6864"}],"wp:term":[{"taxonomy":"category","embeddable":true,"href":"https:\/\/www.trabzonmanset.com\/index.php\/wp-json\/wp\/v2\/categories?post=6864"},{"taxonomy":"post_tag","embeddable":true,"href":"https:\/\/www.trabzonmanset.com\/index.php\/wp-json\/wp\/v2\/tags?post=6864"}],"curies":[{"name":"wp","href":"https:\/\/api.w.org\/{rel}","templated":true}]}}