{"id":6794,"date":"2025-11-20T20:32:00","date_gmt":"2025-11-20T17:32:00","guid":{"rendered":"https:\/\/www.trabzonmanset.com\/?p=6794"},"modified":"2025-11-20T21:36:30","modified_gmt":"2025-11-20T18:36:30","slug":"bu-sefer-de-bulent-arinc-demirtasi-yalanladi-carpitma-ve-uydurma-yoktur","status":"publish","type":"post","link":"https:\/\/www.trabzonmanset.com\/index.php\/2025\/11\/20\/bu-sefer-de-bulent-arinc-demirtasi-yalanladi-carpitma-ve-uydurma-yoktur\/","title":{"rendered":"Bu sefer de B\u00fclent Ar\u0131n\u00e7, Demirta\u015f&#8217;\u0131 yalanlad\u0131: \u00c7arp\u0131tma ve uydurma yoktur"},"content":{"rendered":"\n<p>Selahattin Demirta\u015f&#8217;\u0131n kendisine Cumhurba\u015fkan\u0131 Erdo\u011fan ile g\u00f6r\u00fc\u015fme talebi oldu\u011funu ve art\u0131k siyaset d\u00fc\u015f\u00fcnmedi\u011fini s\u00f6yledi\u011fi iddias\u0131 Demirta\u015f taraf\u0131ndan yalanlanan B\u00fclent Ar\u0131n\u00e7&#8217;tan yeni a\u00e7\u0131klama geldi. Ar\u0131n\u00e7, &#8220;Aktard\u0131\u011f\u0131m hi\u00e7bir c\u00fcmlede &#8216;\u00e7arp\u0131tma&#8217; ya da &#8216;uydurma&#8217; yoktur. \u0130fadelerin do\u011frulu\u011funun da arkas\u0131nday\u0131m. K\u0131r\u0131ld\u0131\u011f\u0131m\u0131 ifade etmek isterim.&#8221; dedi.<\/p>\n\n\n\n<p>B\u00fclent Ar\u0131n\u00e7, cezaevinde g\u00f6r\u00fc\u015ft\u00fc\u011f\u00fc Selahattin Demirta\u015f&#8217;\u0131n Cumhurba\u015fkan\u0131 Recep Tayyip Erdo\u011fan ile g\u00f6r\u00fc\u015fmek istedi\u011fini ve aktif siyasetten \u00e7ekilece\u011fini s\u00f6yledi\u011fini iddia etti. A\u00e7\u0131klama yapan Demirta\u015f, s\u00f6z konusu iddialar\u0131 yalanlad\u0131.<\/p>\n\n\n\n<h3 class=\"wp-block-heading\">ARIN\u00c7&#8217;TAN DEM\u0130RTA\u015e&#8217;A YALANLAMA<\/h3>\n\n\n\n<p>B\u00fclent Ar\u0131n\u00e7&#8217;tan da yeni a\u00e7\u0131klama geldi. Demirta\u015f&#8217;\u0131 yalanlayan Ar\u0131n\u00e7, s\u00f6zlerinde \u00e7arp\u0131tma ve uydurma olmad\u0131\u011f\u0131n\u0131 belirtti. Ar\u0131n\u00e7, Demirta\u015f&#8217;a k\u0131r\u0131ld\u0131\u011f\u0131n\u0131 s\u00f6yledi.<\/p>\n\n\n\n<h3 class=\"wp-block-heading\">&#8220;H\u0130.B\u0130R C\u00dcMLEDE \u00c7ARPITMA VE UYDURMA YOKTUR&#8221;<\/h3>\n\n\n\n<p>Ar\u0131n\u00e7&#8217;\u0131n a\u00e7\u0131klamas\u0131 \u015fu \u015fekilde: &#8220;Say\u0131n Selahattin Demirta\u015f&#8217;\u0131 cezaevinde ziyaret etmem akabinde g\u00f6r\u00fc\u015fmemiz \u00fczerine izlenimlerimi ve baz\u0131 anekdotlar\u0131 kamuoyu ile samimi bir \u015fekilde payla\u015ft\u0131m. \u00c7ok net bir \u015fekilde s\u00f6ylemek isterim ki aktard\u0131\u011f\u0131m hi\u00e7bir c\u00fcmlede &#8216;\u00e7arp\u0131tma&#8217; ya da &#8216;uydurma&#8217; yoktur. \u0130fadelerin do\u011frulu\u011funun da arkas\u0131nday\u0131m. Kald\u0131 ki g\u00f6r\u00fc\u015fmemizin i\u00e7eri\u011finin gizli kalmas\u0131 gerekti\u011fi noktas\u0131nda aram\u0131zda ne g\u00f6r\u00fc\u015fme esnas\u0131nda ne de sonras\u0131nda herhangi konu\u015fma ge\u00e7memi\u015ftir. Bug\u00fcn a\u00e7\u0131klamas\u0131nda kulland\u0131\u011f\u0131 &#8216;\u00e7arp\u0131tma&#8217; ve &#8216;uydurma&#8217; ifadelerini kabul etmem m\u00fcmk\u00fcn de\u011fil. 50 y\u0131la yakla\u015fan siyasi hayat\u0131mda b\u00f6yle bir \u015fey vaki de\u011fildir; buna halel gelmesine m\u00fcsaade edemem.<\/p>\n\n\n\n<p>Bug\u00fcn yapt\u0131\u011f\u0131 a\u00e7\u0131klaman\u0131n nedenini ve hangi kesimler taraf\u0131ndan rahats\u0131zl\u0131k duyularak bu a\u00e7\u0131klaman\u0131n gereklili\u011fine ikna edilebildi\u011fini anlayacak kadar siyasi tecr\u00fcbem var. Onlar i\u00e7in \u00e7ok \u00fczg\u00fcn\u00fcm\u2026<\/p>\n\n\n\n<h3 class=\"wp-block-heading\">&#8220;DEM\u0130RTA\u015e&#8217;IN \u0130\u00c7ER\u0130S\u0130NDE BULUNDU\u011eU \u015eARTLARI \u00c7OK \u0130Y\u0130 ANLIYORUM&#8221;<\/h3>\n\n\n\n<p>Kendisinin tutuklulu\u011fu hakk\u0131ndaki d\u00fc\u015f\u00fcncelerimi bug\u00fcne kadar siyasi atmosferden ba\u011f\u0131ms\u0131z olarak bir hukuk\u00e7u g\u00f6z\u00fcyle her daim ifade ettim. Say\u0131n Demirta\u015f&#8217;\u0131n i\u00e7erisinde bulundu\u011fu \u015fartlar\u0131 \u00e7ok iyi anl\u0131yorum; bu y\u00fczden de zaten ziyaretine gittim. Bir insan\u0131n \u00f6mr\u00fcnden bu \u015fekilde 9 y\u0131l\u0131n al\u0131nm\u0131\u015f olmas\u0131n\u0131 bir t\u00fcrl\u00fc anlayam\u0131yorum. Say\u0131n Demirta\u015f da fark\u0131na varmal\u0131 ki bug\u00fcn bi\u00e7are iyi niyetliler ile maksatl\u0131 k\u00f6t\u00fclerin aras\u0131nda kalm\u0131\u015f bulunuyoruz.<\/p>\n\n\n\n<h3 class=\"wp-block-heading\">&#8220;KIRILDI\u011eIMI DA \u0130FADE ETMEK \u0130STER\u0130M&#8221;<\/h3>\n\n\n\n<p>Kendisinin i\u00e7inde bulundu\u011fu \u015fartlardan kurtulmas\u0131 i\u00e7in iyilerin biraz daha g\u00fc\u00e7l\u00fc olmas\u0131 laz\u0131m. Vicdan\u0131n, adaletin ve merhametin bug\u00fcn \u00e7ok daha konu\u015fulur olmas\u0131 ve kalplerde yer etmesi laz\u0131m. Kin ve intikam duygular\u0131n\u0131n at\u0131l\u0131p onun yerine insan\u0131, insan olarak kabul etmek, kul hakk\u0131n\u0131 d\u00fc\u015f\u00fcnmek ve ahirette hesap vermeyi akla getirmek laz\u0131m. Ben bunun i\u00e7in \u00e7al\u0131\u015f\u0131yorum.<\/p>\n\n\n\n<p>Ben Say\u0131n Demirta\u015f&#8217;a bug\u00fcn kamuoyu ile payla\u015ft\u0131\u011f\u0131 fikirlerinden dolay\u0131 k\u0131zm\u0131yorum ancak k\u0131r\u0131ld\u0131\u011f\u0131m\u0131 da ifade etmek isterim. Kendisinin tutuklulu\u011fu hakk\u0131ndaki d\u00fc\u015f\u00fcncelerim hala ayn\u0131d\u0131r. \u0130n\u015fallah en yak\u0131n zamanda ailesine ve sevdiklerine kavu\u015fur.&#8221;<\/p>\n\n\n\n<p><\/p>\n","protected":false},"excerpt":{"rendered":"<p>Selahattin Demirta\u015f&#8217;\u0131n kendisine Cumhurba\u015fkan\u0131 Erdo\u011fan ile g\u00f6r\u00fc\u015fme talebi oldu\u011funu ve art\u0131k siyaset d\u00fc\u015f\u00fcnmedi\u011fini s\u00f6yledi\u011fi iddias\u0131 Demirta\u015f taraf\u0131ndan yalanlanan B\u00fclent Ar\u0131n\u00e7&#8217;tan yeni a\u00e7\u0131klama geldi. Ar\u0131n\u00e7, &#8220;Aktard\u0131\u011f\u0131m hi\u00e7bir c\u00fcmlede &#8216;\u00e7arp\u0131tma&#8217; ya da &#8216;uydurma&#8217; yoktur. \u0130fadelerin do\u011frulu\u011funun da arkas\u0131nday\u0131m. K\u0131r\u0131ld\u0131\u011f\u0131m\u0131 ifade etmek isterim.&#8221; dedi. B\u00fclent Ar\u0131n\u00e7, cezaevinde g\u00f6r\u00fc\u015ft\u00fc\u011f\u00fc Selahattin Demirta\u015f&#8217;\u0131n Cumhurba\u015fkan\u0131 Recep Tayyip Erdo\u011fan ile g\u00f6r\u00fc\u015fmek istedi\u011fini ve [&hellip;]<\/p>\n","protected":false},"author":1,"featured_media":6795,"comment_status":"open","ping_status":"open","sticky":false,"template":"","format":"standard","meta":{"footnotes":""},"categories":[1,632],"tags":[2398,846,2399,2116],"class_list":["post-6794","post","type-post","status-publish","format-standard","has-post-thumbnail","hentry","category-gundem","category-siyaset","tag-bulent-arinc","tag-cumhurbaskani-erdogan","tag-demirtas","tag-selahattin-demirtas"],"_links":{"self":[{"href":"https:\/\/www.trabzonmanset.com\/index.php\/wp-json\/wp\/v2\/posts\/6794","targetHints":{"allow":["GET"]}}],"collection":[{"href":"https:\/\/www.trabzonmanset.com\/index.php\/wp-json\/wp\/v2\/posts"}],"about":[{"href":"https:\/\/www.trabzonmanset.com\/index.php\/wp-json\/wp\/v2\/types\/post"}],"author":[{"embeddable":true,"href":"https:\/\/www.trabzonmanset.com\/index.php\/wp-json\/wp\/v2\/users\/1"}],"replies":[{"embeddable":true,"href":"https:\/\/www.trabzonmanset.com\/index.php\/wp-json\/wp\/v2\/comments?post=6794"}],"version-history":[{"count":1,"href":"https:\/\/www.trabzonmanset.com\/index.php\/wp-json\/wp\/v2\/posts\/6794\/revisions"}],"predecessor-version":[{"id":6796,"href":"https:\/\/www.trabzonmanset.com\/index.php\/wp-json\/wp\/v2\/posts\/6794\/revisions\/6796"}],"wp:featuredmedia":[{"embeddable":true,"href":"https:\/\/www.trabzonmanset.com\/index.php\/wp-json\/wp\/v2\/media\/6795"}],"wp:attachment":[{"href":"https:\/\/www.trabzonmanset.com\/index.php\/wp-json\/wp\/v2\/media?parent=6794"}],"wp:term":[{"taxonomy":"category","embeddable":true,"href":"https:\/\/www.trabzonmanset.com\/index.php\/wp-json\/wp\/v2\/categories?post=6794"},{"taxonomy":"post_tag","embeddable":true,"href":"https:\/\/www.trabzonmanset.com\/index.php\/wp-json\/wp\/v2\/tags?post=6794"}],"curies":[{"name":"wp","href":"https:\/\/api.w.org\/{rel}","templated":true}]}}