{"id":6527,"date":"2025-11-10T09:54:00","date_gmt":"2025-11-10T06:54:00","guid":{"rendered":"https:\/\/www.trabzonmanset.com\/?p=6527"},"modified":"2025-11-10T22:37:48","modified_gmt":"2025-11-10T19:37:48","slug":"devlet-erkani-anitkabirde","status":"publish","type":"post","link":"https:\/\/www.trabzonmanset.com\/index.php\/2025\/11\/10\/devlet-erkani-anitkabirde\/","title":{"rendered":"Devlet erkan\u0131 An\u0131tkabir&#8217;de"},"content":{"rendered":"\n<p>Mustafa Kemal Atat\u00fcrk, ebediyete intikalinin 87\u2019nci y\u0131l d\u00f6n\u00fcm\u00fcnde, Cumhurba\u015fkan\u0131 Recep Tayyip Erdo\u011fan ba\u015fkanl\u0131\u011f\u0131ndaki devlet erkan\u0131n\u0131n kat\u0131ld\u0131\u011f\u0131 resmi t\u00f6renle An\u0131tkabir\u2019de an\u0131ld\u0131.<\/p>\n\n\n\n<p>T\u00fcrkiye Cumhuriyeti\u2019nin kurucusu Gazi Mustafa Kemal Atat\u00fcrk\u2019\u00fcn 87\u2019nci vefat y\u0131l d\u00f6n\u00fcm\u00fc nedeniyle An\u0131tkabir\u2019de anma t\u00f6reni d\u00fczenlendi. Cumhurba\u015fkan\u0131 Erdo\u011fan ve beraberindeki heyet, Aslanl\u0131 Yol\u2019dan y\u00fcr\u00fcyerek, Atat\u00fcrk\u2019\u00fcn mozolesine geldi. Cumhurba\u015fkan\u0131 Erdo\u011fan, \u00fczerinde ay y\u0131ld\u0131z bulunan \u00e7elengi Atat\u00fcrk\u2019\u00fcn mozolesine b\u0131rakt\u0131ktan sonra saat 09.05\u2019te sayg\u0131 duru\u015funda bulunularak, \u0130stiklal Mar\u015f\u0131 okundu.<\/p>\n\n\n\n<figure class=\"wp-block-image size-full\"><img loading=\"lazy\" decoding=\"async\" width=\"853\" height=\"480\" src=\"https:\/\/www.trabzonmanset.com\/wp-content\/uploads\/2025\/11\/1110.png?wsr\" alt=\"\" class=\"wp-image-6528\" srcset=\"https:\/\/www.trabzonmanset.com\/wp-content\/uploads\/2025\/11\/1110.png 853w, https:\/\/www.trabzonmanset.com\/wp-content\/uploads\/2025\/11\/1110-300x169.png 300w, https:\/\/www.trabzonmanset.com\/wp-content\/uploads\/2025\/11\/1110-768x432.png 768w\" sizes=\"auto, (max-width: 853px) 100vw, 853px\" \/><\/figure>\n\n\n\n<p><strong>Cumhurba\u015fkan\u0131 Erdo\u011fan ve heyet, daha sonra Misak-\u0131 Milli Kulesi\u2019ne ge\u00e7ti. Cumhurba\u015fkan\u0131 Erdo\u011fan burada An\u0131tkabir \u00d6zel Defteri\u2019ni imzalayarak, \u015funlar\u0131 yazd\u0131:<\/strong><\/p>\n\n\n\n<p>&#8220;Aziz Atat\u00fcrk; vefat\u0131n\u0131z\u0131n 87\u2019nci y\u0131l d\u00f6n\u00fcm\u00fcnde zat-\u0131 alinizi, \u0130stiklal Harbimizi birlikte y\u00fcr\u00fctt\u00fc\u011f\u00fcn\u00fcz silah arkada\u015flar\u0131n\u0131z\u0131 ve y\u00fczlerce y\u0131ld\u0131r vatan topraklar\u0131n\u0131 kanlar\u0131yla sulayan kahraman \u015fehitlerimizi rahmetle yad ediyoruz. \u2019En b\u00fcy\u00fck eserim\u2019 dedi\u011finiz T\u00fcrkiye Cumhuriyeti\u2019ne tutkuyla sahip \u00e7\u0131k\u0131yor, \u00fclkemizin her kar\u0131\u015f\u0131n\u0131 yeni eserlerle nak\u0131\u015f nak\u0131\u015f i\u015flemeye devam ediyoruz. \u0130\u00e7eride huzurlu ve istikrarl\u0131, d\u0131\u015far\u0131da muteber ve muzaffer bir T\u00fcrkiye i\u00e7in gece g\u00fcnd\u00fcz demeden \u00e7al\u0131\u015f\u0131yoruz. Emin ve ehil kadrolar\u0131n \u00f6nc\u00fcl\u00fc\u011f\u00fcnde T\u00fcrkiye, k\u00fcresel bir g\u00fc\u00e7 olma yolunda emin ad\u0131mlarla ilerlemektedir. Ruhun \u015fad olsun.&#8221;<\/p>\n\n\n\n<figure class=\"wp-block-image size-full\"><img loading=\"lazy\" decoding=\"async\" width=\"853\" height=\"480\" src=\"https:\/\/www.trabzonmanset.com\/wp-content\/uploads\/2025\/11\/1110-3.png?wsr\" alt=\"\" class=\"wp-image-6529\" srcset=\"https:\/\/www.trabzonmanset.com\/wp-content\/uploads\/2025\/11\/1110-3.png 853w, https:\/\/www.trabzonmanset.com\/wp-content\/uploads\/2025\/11\/1110-3-300x169.png 300w, https:\/\/www.trabzonmanset.com\/wp-content\/uploads\/2025\/11\/1110-3-768x432.png 768w\" sizes=\"auto, (max-width: 853px) 100vw, 853px\" \/><\/figure>\n\n\n\n<p>T\u00f6rene Cumhurba\u015fkan\u0131 Recep Tayyip Erdo\u011fan\u2019\u0131n yan\u0131 s\u0131ra T\u00fcrkiye B\u00fcy\u00fck Millet Meclisi (TBMM) Ba\u015fkan\u0131 Numan Kurtulmu\u015f, Cumhurba\u015fkan\u0131 Yard\u0131mc\u0131s\u0131 Cevdet Y\u0131lmaz, Cumhuriyet Halk Partisi Genel Ba\u015fkan\u0131 \u00d6zg\u00fcr \u00d6zel, Milliyet\u00e7i Hareket Partisi Genel Ba\u015fkan\u0131 Devlet Bah\u00e7eli, \u0130Y\u0130 Parti Genel Ba\u015fkan\u0131 M\u00fcsavat Dervi\u015fo\u011flu, bakanlar, kuvvet komutanlar\u0131, y\u00fcksek yarg\u0131 \u00fcyeleri, askeri personel ve \u00f6\u011frenciler kat\u0131ld\u0131.<\/p>\n\n\n\n<p>Kaynak: \u0130HA<\/p>\n\n\n\n<p><\/p>\n","protected":false},"excerpt":{"rendered":"<p>Mustafa Kemal Atat\u00fcrk, ebediyete intikalinin 87\u2019nci y\u0131l d\u00f6n\u00fcm\u00fcnde, Cumhurba\u015fkan\u0131 Recep Tayyip Erdo\u011fan ba\u015fkanl\u0131\u011f\u0131ndaki devlet erkan\u0131n\u0131n kat\u0131ld\u0131\u011f\u0131 resmi t\u00f6renle An\u0131tkabir\u2019de an\u0131ld\u0131. T\u00fcrkiye Cumhuriyeti\u2019nin kurucusu Gazi Mustafa Kemal Atat\u00fcrk\u2019\u00fcn 87\u2019nci vefat y\u0131l d\u00f6n\u00fcm\u00fc nedeniyle An\u0131tkabir\u2019de anma t\u00f6reni d\u00fczenlendi. Cumhurba\u015fkan\u0131 Erdo\u011fan ve beraberindeki heyet, Aslanl\u0131 Yol\u2019dan y\u00fcr\u00fcyerek, Atat\u00fcrk\u2019\u00fcn mozolesine geldi. Cumhurba\u015fkan\u0131 Erdo\u011fan, \u00fczerinde ay y\u0131ld\u0131z bulunan \u00e7elengi Atat\u00fcrk\u2019\u00fcn [&hellip;]<\/p>\n","protected":false},"author":1,"featured_media":6528,"comment_status":"open","ping_status":"open","sticky":false,"template":"","format":"standard","meta":{"footnotes":""},"categories":[11],"tags":[2201,2206,1939,2203,2208,2202,2204,2205,975,2207],"class_list":["post-6527","post","type-post","status-publish","format-standard","has-post-thumbnail","hentry","category-manset","tag-10-kasim","tag-bakanlar","tag-cumhurbaskani-yardimcisi-cevdet-yilmaz","tag-cumhuriyet-halk-partisi-genel-baskani-ozgur-ozel","tag-iyi-parti-genel-baskani-musavat-dervisoglu","tag-kuvvet-komutanlari","tag-milliyetci-hareket-partisi-genel-baskani-devlet-bahceli","tag-numan-kurtulmus","tag-tbmm","tag-yuksek-yargi-uyeleri"],"_links":{"self":[{"href":"https:\/\/www.trabzonmanset.com\/index.php\/wp-json\/wp\/v2\/posts\/6527","targetHints":{"allow":["GET"]}}],"collection":[{"href":"https:\/\/www.trabzonmanset.com\/index.php\/wp-json\/wp\/v2\/posts"}],"about":[{"href":"https:\/\/www.trabzonmanset.com\/index.php\/wp-json\/wp\/v2\/types\/post"}],"author":[{"embeddable":true,"href":"https:\/\/www.trabzonmanset.com\/index.php\/wp-json\/wp\/v2\/users\/1"}],"replies":[{"embeddable":true,"href":"https:\/\/www.trabzonmanset.com\/index.php\/wp-json\/wp\/v2\/comments?post=6527"}],"version-history":[{"count":1,"href":"https:\/\/www.trabzonmanset.com\/index.php\/wp-json\/wp\/v2\/posts\/6527\/revisions"}],"predecessor-version":[{"id":6530,"href":"https:\/\/www.trabzonmanset.com\/index.php\/wp-json\/wp\/v2\/posts\/6527\/revisions\/6530"}],"wp:featuredmedia":[{"embeddable":true,"href":"https:\/\/www.trabzonmanset.com\/index.php\/wp-json\/wp\/v2\/media\/6528"}],"wp:attachment":[{"href":"https:\/\/www.trabzonmanset.com\/index.php\/wp-json\/wp\/v2\/media?parent=6527"}],"wp:term":[{"taxonomy":"category","embeddable":true,"href":"https:\/\/www.trabzonmanset.com\/index.php\/wp-json\/wp\/v2\/categories?post=6527"},{"taxonomy":"post_tag","embeddable":true,"href":"https:\/\/www.trabzonmanset.com\/index.php\/wp-json\/wp\/v2\/tags?post=6527"}],"curies":[{"name":"wp","href":"https:\/\/api.w.org\/{rel}","templated":true}]}}