{"id":6523,"date":"2025-11-10T12:38:00","date_gmt":"2025-11-10T09:38:00","guid":{"rendered":"https:\/\/www.trabzonmanset.com\/?p=6523"},"modified":"2025-11-10T22:34:29","modified_gmt":"2025-11-10T19:34:29","slug":"cumhurbaskani-erdogan-ataturke-yonelik-hakaretlere-karsiyiz","status":"publish","type":"post","link":"https:\/\/www.trabzonmanset.com\/index.php\/2025\/11\/10\/cumhurbaskani-erdogan-ataturke-yonelik-hakaretlere-karsiyiz\/","title":{"rendered":"Cumhurba\u015fkan\u0131 Erdo\u011fan: &#8220;Atat\u00fcrk\u2019e y\u00f6nelik hakaretlere kar\u015f\u0131y\u0131z&#8221;"},"content":{"rendered":"\n<p>Cumhurba\u015fkan\u0131 Recep Tayyip Erdo\u011fan, milli g\u00fcnlerimizle ilgili y\u0131k\u0131c\u0131, y\u0131prat\u0131c\u0131, toplumsal fay hatlar\u0131n\u0131 ka\u015f\u0131yan tart\u0131\u015fmalar\u0131n g\u00fcndeme ta\u015f\u0131nmak istendi\u011fini g\u00f6r\u00fcyoruz. Sosyal medya ve siyasette Atat\u00fcrk maskesi takarak millete d\u00fc\u015fmanl\u0131k edenlere nas\u0131l kar\u015f\u0131ysak, Gazi Mustafa Kemal\u2019e y\u00f6nelik hakaretamiz ifadelere de kar\u015f\u0131y\u0131z&#8221; dedi.<\/p>\n\n\n\n<p>Cumhurba\u015fkan\u0131 Recep Tayyip Erdo\u011fan, Atat\u00fcrk K\u00fclt\u00fcr, Dil ve Tarih Y\u00fcksek Kurumu\u2019nda Gazi Mustafa Kemal Atat\u00fcrk\u2019\u00fcn Ebediyete \u0130rtihalinin 87. Y\u0131l D\u00f6n\u00fcm\u00fc M\u00fcnasebetiyle Atat\u00fcrk K\u00fclt\u00fcr, Dil ve Tarih Y\u00fcksek Kurumu Taraf\u0131ndan D\u00fczenlenen Anma T\u00f6renine kat\u0131ld\u0131. T\u00f6rende konu\u015fan Cumhurba\u015fkan\u0131 Erdo\u011fan, &#8220;Cumhuriyetimizin banisi Gazi Mustafa Kemal Atat\u00fcrk\u2019\u00fc, vefat\u0131n\u0131n 87\u2019nci seneyi devriyesinde bir kez daha sayg\u0131yla an\u0131yorum. Milletimizin \u015feref ni\u015fanesi olan \u0130stiklal Harbi\u2019ni sevk ve idare ederek yeni devletimizi kuran Gazi Meclisimizin t\u00fcm \u00fcyelerini \u015f\u00fckranla yad ediyorum. Malazgirt Zaferinden \u0130stanbul\u2019un Fethine, \u00c7anakkale Destan\u0131ndan 15 Temmuz direni\u015fine kadar bin y\u0131ll\u0131k tarihimiz boyunca \u0130\u2019l\u00e2-yi Kelimetullah i\u00e7in can veren aziz \u015fehitlerimize Allah\u2019tan rahmet diliyor, gazilerimize minnet duygular\u0131m\u0131 ifade diyorum. Ruhlar\u0131 \u015fad, makamlar\u0131 \u00e2li, mek\u00e2nlar\u0131 in\u015fallah cennet olsun. Rabbim bizleri de aziz \u015fehitlerimizin kutlu yolundan ay\u0131rmas\u0131n&#8221; dedi.<\/p>\n\n\n\n<p>Cumhuriyetin ilan\u0131ndan bug\u00fcne kadar 102 y\u0131ld\u0131r \u00fclkemizin geli\u015fmesi, kalk\u0131nmas\u0131, b\u00fcy\u00fcmesi i\u00e7in ter d\u00f6ken herkese te\u015fekk\u00fcr eden Erdo\u011fan, &#8220;Ge\u00e7ti\u011fimiz y\u0131l yeni yerle\u015fkesine ta\u015f\u0131d\u0131\u011f\u0131m\u0131z Atat\u00fcrk K\u00fclt\u00fcr, Dil ve Tarih Y\u00fcksek Kurumumuz, b\u00fcnyesindeki 4 k\u00f6kl\u00fc m\u00fcesseseyle, g\u00f6r\u00fcyorum ki, \u00e7al\u0131\u015fmalar\u0131n\u0131 ba\u015far\u0131yla devam ettiriyor. Gerek yurt i\u00e7inde, gerekse uluslararas\u0131 d\u00fczeyde y\u00fcr\u00fctt\u00fc\u011f\u00fc akademik faaliyetlerle hem k\u00fclt\u00fcr\u00fcm\u00fcz, hem de dil ve tarihimiz a\u00e7\u0131s\u0131ndan \u00e7ok k\u0131ymetli i\u015flere imza at\u0131yor. K\u00fcreselle\u015fmeye paralel olarak dilimizin, tarihimizin ve k\u00fclt\u00fcr\u00fcm\u00fcz\u00fcn ciddi s\u0131namalarla kar\u015f\u0131la\u015ft\u0131\u011f\u0131 bir d\u00f6nemde, geni\u015f bir yelpazede y\u00fcr\u00fct\u00fclen bu \u00e7al\u0131\u015fmalar\u0131 \u015fahsen \u00e7ok anlaml\u0131 buluyorum. \u00d6zellikle dilimizi adeta istila eden yabanc\u0131 kelime ve kavramlara kar\u015f\u0131l\u0131k \u00fcretilmesi noktas\u0131nda, daha fazla \u00e7aba g\u00f6stermemiz gerekti\u011fi anla\u015f\u0131l\u0131yor. Ses bayra\u011f\u0131m\u0131z T\u00fcrk\u00e7emizin korunmas\u0131 ve geli\u015ftirilmesinde daha at\u0131lgan bir g\u00fcndemle hareket edilmesinde bu bak\u0131mdan b\u00fcy\u00fck fayda g\u00f6r\u00fcyorum. Tarihimizden s\u00fcz\u00fclen \u0131\u015f\u0131k huzmelerini t\u00fcm canl\u0131l\u0131\u011f\u0131yla g\u00fcn\u00fcm\u00fcze ta\u015f\u0131yan hizmetlerinden \u00f6t\u00fcr\u00fc, Ba\u015fkan Prof. Dr. Derya \u00d6rs hocam\u0131z\u0131n \u015fahs\u0131nda Kurumumuzun her bir mensubunu tebrik ediyor; kendilerine ba\u015far\u0131lar diliyorum. Biz de \u00fclkemiz ve milletimiz i\u00e7in yapt\u0131klar\u0131 hay\u0131rl\u0131 i\u015flerde kendilerine destek olmay\u0131 in\u015fallah bundan sonra da ayn\u0131 \u015fekilde s\u00fcrd\u00fcrece\u011fiz&#8221; de\u011ferlendirmesini yapt\u0131.<\/p>\n\n\n\n<p>Cumhurba\u015fkan\u0131 Erdo\u011fan, devletin ilk Cumhurba\u015fkan\u0131, \u0130stiklal Harbinin ba\u015fkomutan\u0131 Gazi Mustafa Kemal Atat\u00fcrk\u2019\u00fcn, zorluklarla ve engellerle dolu bir m\u00fccadelenin ard\u0131ndan ba\u011f\u0131ms\u0131z, modern ve yeni T\u00fcrkiye\u2019nin temellerini att\u0131\u011f\u0131n\u0131 belirterek, &#8220;Gazi, harp sahalar\u0131nda kazan\u0131lan askeri ba\u015far\u0131larda oldu\u011fu gibi yeni devletimizin bir\u00e7ok alandaki d\u00f6n\u00fc\u015f\u00fcm\u00fcne de liderlik etmi\u015ftir. 10 Kas\u0131mlar asl\u0131nda hem bu d\u00f6n\u00fc\u015f\u00fcm\u00fc anlamak, hem de verilen m\u00fccadelenin boyutlar\u0131n\u0131 kavramak a\u00e7\u0131s\u0131ndan \u00f6nemli bir vesile te\u015fkil etmektedir. Bunu \u00f6zellikle \u015funun i\u00e7in s\u00f6yl\u00fcyorum. Son d\u00f6nemde milli g\u00fcnlerimizle ilgili y\u0131k\u0131c\u0131, y\u0131prat\u0131c\u0131, toplumsal fay hatlar\u0131n\u0131 ka\u015f\u0131yan tart\u0131\u015fmalar\u0131n g\u00fcndeme ta\u015f\u0131nmak istendi\u011fini g\u00f6r\u00fcyoruz. G\u00fcya Cumhuriyetimizi y\u00fcceltmek ad\u0131na \u015fanl\u0131 tarihimizi yok sayanlar ile 102 y\u0131ll\u0131k Cumhuriyet tecr\u00fcbesini \u00f6nemsizle\u015ftirmeye \u00e7al\u0131\u015fanlar, zahirde tezat i\u00e7inde g\u00f6r\u00fcnmekle birlikte esas\u0131nda ayn\u0131 amaca hizmet ediyorlar&#8221; a\u00e7\u0131klamas\u0131n\u0131 yapt\u0131.<\/p>\n\n\n\n<p>&#8220;Sosyal medyan\u0131n k\u00f6p\u00fcrtt\u00fc\u011f\u00fc, toplumsal gerilimden beslenen siyaset\u00e7ilerin de b\u00fcy\u00fctt\u00fc\u011f\u00fc bu cephele\u015fmenin en b\u00fcy\u00fck ma\u011fduru ise bizatihi Gazi Mustafa Kemal olmakta; Atat\u00fcrk\u2019\u00fcn hat\u0131ras\u0131 ve eserleri olmaktad\u0131r.&#8221; Diyen Erdo\u011fan,&#8221; Burada \u015fu ger\u00e7e\u011fin alt\u0131n\u0131 kal\u0131n \u00e7izgilerle \u00e7izmek durumunday\u0131m Medya, sosyal medya ve siyasette &#8220;Atat\u00fcrk maskesi&#8221; takarak, bu millete ve milletin de\u011ferlerine d\u00fc\u015fmanl\u0131k edenlere nas\u0131l kar\u015f\u0131ysak \u0130stiklal Harbimizi zafere ula\u015ft\u0131rarak milletimizin \u00f6n\u00fcnde yeni bir yol a\u00e7an Gazi Mustafa Kemal\u2019e y\u00f6nelik hakaret\u00e2miz ifadelere ayn\u0131 \u015fekilde kar\u015f\u0131y\u0131z&#8221; ifadelerini kulland\u0131.<\/p>\n\n\n\n<p>Cumhurba\u015fkan\u0131 Erdo\u011fan, \u015e\u00fcphesiz 86 milyonun her konuda uzla\u015fmas\u0131n\u0131, ayn\u0131 d\u00fc\u015f\u00fcnmesini, tarihi hadiselere ve \u015fahsiyetlere ayn\u0131 pencereden bakmas\u0131n\u0131n beklenmeyece\u011fini belirterek, &#8220;Bu, ger\u00e7ek\u00e7i olmad\u0131\u011f\u0131 gibi, do\u011fru da de\u011fildir. Burada en m\u00fchim husus fikri farkl\u0131l\u0131klar\u0131n kar\u015f\u0131l\u0131kl\u0131 sayg\u0131 \u00e7er\u00e7evesinde, nezaketle dile getirilmesi; kimsenin kendi tarih okumas\u0131n\u0131 di\u011ferine dikte etmemesi, tehdit ve hakaretle bir dayatmada bulunmamas\u0131d\u0131r. Eli sopal\u0131 d\u00fc\u015f\u00fcnce \u00f6zg\u00fcrl\u00fc\u011f\u00fc olmaz. Barika-\u0131 hakikat ancak z\u0131t g\u00f6r\u00fc\u015flerin \u00e7arp\u0131\u015fmas\u0131ndan do\u011far. \u015eunun da bilinmesinde fayda g\u00f6r\u00fcyorum&#8221; dedi.<\/p>\n\n\n\n<p>Cumhurba\u015fkan\u0131 Erdo\u011fan, bu milletin en b\u00fcy\u00fck g\u00fcc\u00fcn\u00fcn; birli\u011fi, beraberli\u011fi, karde\u015fli\u011fi, ortak ge\u00e7mi\u015f ve gelecek tasavvuru oldu\u011funu kaydetti. Erdo\u011fan, &#8220;Milli, manevi ve k\u00fclt\u00fcrel de\u011ferlerimiz, ayn\u0131 zamanda millet\u00e7e en de\u011ferli hazinemizdir; bizi bir arada tutan \u00e7imentomuzdur. Bunlar\u0131n \u00f6rselenmesine hi\u00e7bir \u015fekilde tolerans g\u00f6steremeyiz. Bu konuda herkesin, \u00f6zellikle toplumun \u00f6n\u00fcnde olan kanaat \u00f6nderlerinin gereken hassasiyeti sergileyeceklerine inan\u0131yorum&#8221; de\u011ferlendirmesinde bulundu.<\/p>\n\n\n\n<p>Gazi Mustafa Kemal\u2019in, bug\u00fcn k\u00f6p\u00fcrt\u00fclmek istenen tart\u0131\u015fmalara bundan 1 as\u0131r evvel set \u00e7ekti\u011fini s\u00f6yleyen Cumhurba\u015fkan\u0131 Erdo\u011fan, &#8220;Gazi, \u015f\u00f6yle demi\u015fti: &#8220;Benim na\u00e7iz v\u00fccudum elbet bir g\u00fcn toprak olacakt\u0131r; fakat T\u00fcrkiye Cumhuriyeti ilelebet payidar kalacakt\u0131r.&#8221; Atat\u00fcrk, en b\u00fcy\u00fck ve en kal\u0131c\u0131 eserinin, hepimizin ortak \u00e7at\u0131s\u0131 olan T\u00fcrkiye Cumhuriyeti oldu\u011funu bu ifadesiyle 100 sene \u00f6nce ilan etmi\u015ftir. Dolay\u0131s\u0131yla, onun miras\u0131na lay\u0131k\u0131yla sahip \u00e7\u0131kmak demek; T\u00fcrkiye Cumhuriyeti\u2019ni daha da g\u00fc\u00e7lendirmek, kalk\u0131nd\u0131rmak, ba\u015far\u0131lar\u0131na yenilerini eklemek, her alanda muvaffak ve muzaffer etmek demektir. \u00dclkesini, s\u0131n\u0131r \u00f6telerindeki kerameti kendinden menkul mahfillere \u015fik\u00e2yet edenler de\u011fil; tam ba\u011f\u0131ms\u0131z bir T\u00fcrkiye i\u00e7in \u00e7al\u0131\u015fanlar, \u00fcretenler ve ter d\u00f6kenler ancak onun miras\u0131na hakiki manada sahip \u00e7\u0131kabilir. Lafa gelince siyasi ge\u00e7mi\u015flerini Cumhuriyetle \u00f6zde\u015fle\u015ftirenlerin, \u00f6zellikle son birka\u00e7 ayd\u0131r, bu konuda olduk\u00e7a k\u00f6t\u00fc bir s\u0131nav verdikleri g\u00f6r\u00fcl\u00fcyor. Her ne kadar T\u00fcrkiye\u2019yi yurt d\u0131\u015f\u0131na \u015fikayet turlar\u0131ndan elleri bo\u015f d\u00f6nseler de, \u00fclkemizin itibar\u0131na verdikleri zarar maalesef orta yerde duruyor&#8221; \u015feklinde konu\u015ftu.<\/p>\n\n\n\n<figure class=\"wp-block-image size-full\"><img loading=\"lazy\" decoding=\"async\" width=\"1010\" height=\"693\" src=\"https:\/\/www.trabzonmanset.com\/wp-content\/uploads\/2025\/11\/aw576556_06.jpg?wsr\" alt=\"\" class=\"wp-image-6524\" srcset=\"https:\/\/www.trabzonmanset.com\/wp-content\/uploads\/2025\/11\/aw576556_06.jpg 1010w, https:\/\/www.trabzonmanset.com\/wp-content\/uploads\/2025\/11\/aw576556_06-300x206.jpg 300w, https:\/\/www.trabzonmanset.com\/wp-content\/uploads\/2025\/11\/aw576556_06-768x527.jpg 768w\" sizes=\"auto, (max-width: 1010px) 100vw, 1010px\" \/><\/figure>\n\n\n\n<p>Cumhurba\u015fkan\u0131 Erdo\u011fan, &#8220;Biz, FET\u00d6\u2019c\u00fcler gibi yeminli T\u00fcrkiye d\u00fc\u015fmanlar\u0131yla birlikte bu zihniyetin sebep oldu\u011fu yanl\u0131\u015f alg\u0131larla da m\u00fccadele etmek zorunda kal\u0131yoruz. \u00c7ok u\u011fra\u015ft\u0131lar, \u00e7ok didindiler, ama \u015fimdiye kadar hedeflerine ula\u015famad\u0131lar. Bundan sonra da \u015fik\u00e2yet ettikleriyle kalmaya devam edecekler. Biz ise bug\u00fcn burada oldu\u011fu gibi 87\u2019nci vefat y\u0131ld\u00f6n\u00fcm\u00fcnde Atat\u00fcrk\u2019\u00fc sayg\u0131yla anarken, di\u011fer taraftan da onun hat\u0131ras\u0131n\u0131 ya\u015fatmaya \u00f6zen g\u00f6steriyoruz. D\u00fcn, bu noktada yeni bir ad\u0131m daha att\u0131k&#8221; ifadelerini kulland\u0131.<\/p>\n\n\n\n<p>Selanik\u2019te Gazi Mustafa Kemal\u2019in do\u011fdu\u011fu evi, K\u00fclt\u00fcr Bakanl\u0131\u011f\u0131 eliyle, T\u0130KA\u2019n\u0131n koordinasyonunda 11 ay s\u00fcren titiz bir restorasyona tabi tuttuklar\u0131n\u0131 kaydeden Cumhurba\u015fkan\u0131 Erdo\u011fan, &#8220;\u0130\u00e7 ve d\u0131\u015f cephe \u00e7al\u0131\u015fmalar\u0131ndan bah\u00e7e d\u00fczenlemelerine, asl\u0131na uygun \u015fekilde bu evin bak\u0131m\u0131n\u0131 kapsaml\u0131 \u015fekilde yeniden yapt\u0131k. B\u00f6ylece tarih\u00ee ev, 1953\u2019teki \u00f6zg\u00fcn h\u00e2line kavu\u015fmu\u015f oldu. D\u00fcn, Bakan\u0131m\u0131z\u0131n ve milletvekillerimizin kat\u0131ld\u0131\u011f\u0131 bir t\u00f6renle Atat\u00fcrk Evi kap\u0131lar\u0131n\u0131 ziyaret\u00e7ilerine a\u00e7t\u0131. Hay\u0131rl\u0131-u\u011furlu olsun, diyorum. K\u00fclt\u00fcr ve Turizm Bakanl\u0131\u011f\u0131m\u0131z ile T\u0130KA\u2019m\u0131z\u0131 tebrik ediyorum.<\/p>\n\n\n\n<p>Gazi Mustafa Kemal, \u0130stiklal Harbinden hemen sonra devletimizin izlemesi gereken yol haritas\u0131n\u0131, bak\u0131n\u0131z, nas\u0131l a\u00e7\u0131klam\u0131\u015ft\u0131: &#8220;S\u00fcng\u00fc ile, silahla, kanla elde etti\u011fimiz zaferden sonra, k\u00fclt\u00fcr, bilim, teknik, ekonomi gibi alanlarda zafer kazanmak i\u00e7in \u00e7al\u0131\u015faca\u011f\u0131z. &#8220;Ge\u00e7erlili\u011fini 102 y\u0131ld\u0131r koruyan bu s\u00f6z, \u00fclkemize ve milletimize hizmet m\u00fccadelemizde hepimize rehberlik etmeyi s\u00fcrd\u00fcrmektedir&#8221; dedi.<\/p>\n\n\n\n<p>H\u00fck\u00fcmet olarak e\u011fitimden tar\u0131ma, d\u0131\u015f politikadan savunma sanayiine, sa\u011fl\u0131ktan ekonomiye, T\u00fcrkiye\u2019yi yeni y\u00fczy\u0131l\u0131n en g\u00fc\u00e7l\u00fc akt\u00f6rlerinden biri haline getirmek i\u00e7in gece g\u00fcnd\u00fcz demeden ko\u015fturduklar\u0131n\u0131 s\u00f6yleyen Cumhurba\u015fkan\u0131 Erdo\u011fan,&#8221; E\u011fer bug\u00fcn tantkar\u0131m\u0131z, toplar\u0131m\u0131z varsa, bug\u00fcn e\u011fer \u0130HA\u2019lar\u0131m\u0131z varsa, S\u0130HA\u2019lar\u0131m\u0131z varsa, e\u011fer bug\u00fcn d\u00fcnyan\u0131n de\u011fi\u015fik \u00fclkelerine biz KAAN\u2019lar\u0131m\u0131z\u0131 ihra\u00e7 ediyorsak, e\u011fer bug\u00fcn biz, hamdolsun, u\u00e7aklar\u0131m\u0131z\u0131 d\u00fcnya ile yar\u0131\u015f\u0131r hale getirmi\u015fsek bu bir \u015feyi ortaya koyuyoruz. Demek ki en son Tanklar\u0131m\u0131z, toplar\u0131m\u0131zla d\u00fcnyaya bir rekabet fi\u015fe\u011fi att\u0131k. 783 bin kilometrekarenin her kar\u0131\u015f\u0131nda y\u00fckselen devasa yat\u0131r\u0131mlar\u0131m\u0131zla, milletimize kazand\u0131rd\u0131\u011f\u0131m\u0131z eserlerle T\u00fcrkiye Y\u00fczy\u0131l\u0131n\u0131 in\u015fa ediyoruz. Son 23 y\u0131lda, Cumhuriyet tarihinin en b\u00fcy\u00fck at\u0131l\u0131mlar\u0131n\u0131 ger\u00e7ekle\u015ftirdik. Cenab-\u0131 Allah\u2019\u0131n yard\u0131m\u0131 ve aziz milletimizin de deste\u011fiyle, &#8220;olmaz&#8221; denilen, &#8220;yapamazs\u0131n\u0131z&#8221; dedikleri ne varsa, hepsini tek tek hayata ge\u00e7irdik&#8221; a\u00e7\u0131klamas\u0131n\u0131 yapt\u0131.<\/p>\n\n\n\n<p>&#8220;Cumhuriyete hizmet nas\u0131l olur&#8221; bunu 23 senede defalarca ortaya koyduk&#8221; diyen Erdo\u011fan, Savunma sanayii alan\u0131nda \u00fclkeyi b\u00fcy\u00fck bir a\u015famaya ta\u015f\u0131d\u0131klar\u0131n\u0131 belirterek, &#8220;Y\u00fczde 80 olan d\u0131\u015fa ba\u011f\u0131ml\u0131l\u0131\u011f\u0131m\u0131z\u0131, y\u00fczde 20\u2019nin de alt\u0131na \u00e7ektik. Bir zamanlar toplu i\u011fne \u00fcretemiyorduk. \u015eimdi Toplu i\u011fne de\u011fil top yap\u0131yoruz, tank yap\u0131yoruz. Topunu, t\u00fcfe\u011fini, mermisini ithal eden T\u00fcrkiye, bug\u00fcn y\u0131lda 7 milyar dolar\u0131n \u00fczerinde savunma ihracat\u0131 yap\u0131yor. T\u00fcm d\u00fcnya T\u00fcrk Savunma Sanayiinin ba\u015far\u0131lar\u0131ndan \u00f6vg\u00fcyle bahsediyor. \u0130\u015fte en son milli muharebe tank\u0131m\u0131z ALTAY\u2019\u0131, ge\u00e7ti\u011fimiz g\u00fcnlerde T\u00fcrk Silahl\u0131 Kuvvetlerine teslim ettik. Bizden hazzetmeyen uluslararas\u0131 bas\u0131n organlar\u0131 bile T\u00fcrkiye\u2019nin k\u00fcresel satran\u00e7 oyunundaki ba\u015far\u0131l\u0131 hamlelerini kabullenmeye ba\u015flad\u0131. \u015euras\u0131 da son derece dikkat \u00e7ekidir: Halihaz\u0131rda d\u00fcnyan\u0131n 17\u2019nci, Avrupa\u2019n\u0131n 7\u2019nci b\u00fcy\u00fck ekonomisiyiz. Ki\u015fi ba\u015f\u0131na d\u00fc\u015fen mill\u00ee gelirimizi 3 bin 616 dolardan ald\u0131k; 2024 y\u0131l\u0131nda 15 bin 325 dolar seviyesine ta\u015f\u0131d\u0131k.2002\u2019de 238 milyar dolar olan milli gelirimizi, 2024 y\u0131l\u0131nda 1,5 trilyon dolar s\u0131n\u0131r\u0131na getirdik. 2025 y\u0131l\u0131 ikinci \u00e7eyre\u011finde ki\u015fi ba\u015f\u0131 milli gelirimiz 17 bin dolara yakla\u015ft\u0131. 36 milyar dolar olan ihracat\u0131m\u0131z, bug\u00fcn 270 milyar dolar s\u0131n\u0131r\u0131nda.26 olan havaliman\u0131 say\u0131m\u0131z, 58\u2019e y\u00fckseldi. E\u011fitimde, derslik say\u0131m\u0131z 343 bindi, bug\u00fcn 615 bini ge\u00e7ti. 76 olan \u00fcniversite say\u0131m\u0131z ayn\u0131 \u015fekilde 208\u2019e ula\u015ft\u0131. Sa\u011fl\u0131kta, yatak say\u0131m\u0131z\u0131 164 binden al\u0131p 271 bine \u00e7\u0131kard\u0131k&#8221; de\u011ferlendirmesini yapt\u0131.<\/p>\n\n\n\n<p>\u00d6nemli bir refah g\u00f6stergesi olan ara\u00e7 ve konut say\u0131lar\u0131nda da tarihi nitelikle ba\u015far\u0131lar yakaland\u0131\u011f\u0131na dikkat \u00e7eken Erdo\u011fan,&#8221; 2002 y\u0131l\u0131nda \u00fclkemizdeki motorlu kara ta\u015f\u0131t\u0131 say\u0131s\u0131 8,5 milyonken, bug\u00fcn itibar\u0131yla 33 milyonu a\u015ft\u0131. 2025 y\u0131l\u0131 Ocak-Ekim d\u00f6neminde ara\u00e7 sat\u0131\u015f\u0131 1 milyon 44 bin adetle rekor k\u0131rd\u0131. 2000\u2019li y\u0131llar\u0131n ba\u015f\u0131nda 13 milyon civar\u0131nda binam\u0131z vard\u0131. Son 23 y\u0131lda biz bunu ikiye katlad\u0131k ve 26 milyona ula\u015ft\u0131rd\u0131k. 2008\u2019de 533 bin 105 olan konut sat\u0131\u015f\u0131, 2024\u2019te 1 milyon 478 bin 25\u2019i buldu. Burada saymaya kalksak saatlerimizi alacak daha nice hizmeti, daha nice eseri, projeyi, yat\u0131r\u0131m\u0131 milletimize kazand\u0131rman\u0131n k\u0131vanc\u0131n\u0131 ya\u015fad\u0131k. \u0130mtiyazl\u0131lara de\u011fil, 86 milyonun tamam\u0131na adaletle hizmet ettik. Hi\u00e7bir ayr\u0131m yapmadan milletimizin her bir ferdini ba\u011fr\u0131m\u0131za bast\u0131k. T\u00fcrkiye\u2019yi b\u00fcy\u00fctt\u00fck, karde\u015fli\u011fimizi b\u00fcy\u00fctt\u00fck, milletimize son asr\u0131n en b\u00fcy\u00fck ba\u015far\u0131lar\u0131n\u0131, en b\u00fcy\u00fck zaferlerini tatt\u0131rd\u0131k&#8221; dedi.<\/p>\n\n\n\n<p>Gazi Mustafa Kemal\u2019in hayalini kurdu\u011fu \u015fekilde &#8220;en b\u00fcy\u00fck eserim&#8221; dedi\u011fi T\u00fcrkiye Cumhuriyeti\u2019ni her alanda d\u00fcnyayla rekabet edebilir hale getirdiklerini kaydeden Erdo\u011fan, &#8220;T\u00fcm bunlarla birlikte ayd\u0131nl\u0131k yar\u0131nlar\u0131m\u0131z\u0131n teminat\u0131 olan \u015fuurlu, inan\u00e7l\u0131, ahlakl\u0131, erdemli, \u00e7al\u0131\u015fkan, \u00f6zg\u00fcven sahibi milyonlarca gen\u00e7 yeti\u015ftirdik. \u0130n\u015fallah, daha uzun y\u0131llar T\u00fcrkiye i\u00e7in \u00e7al\u0131\u015faca\u011f\u0131z, \u00fclkemize hizmet ve eser \u00fcretece\u011fiz; \u00fclkemizi her alanda hedefleriyle bulu\u015fturaca\u011f\u0131z. Hamdolsun bizim milletimiz kadir\u015finas bir millettir. Milletimiz bizi \u00e7ok iyi anl\u0131yor, bizim nas\u0131l bir m\u00fccadele i\u00e7inde oldu\u011fumuzu g\u00f6r\u00fcyor. Bizi anlamayanlar, bizim ne yapt\u0131\u011f\u0131m\u0131z\u0131 g\u00f6rmeyenler ise inan\u0131yorum ki, er ya da ge\u00e7, biz ya\u015farken ya da bizden sonra, bizi daha iyi anlayacaklar, \u00fclkemizi nereden nereye getirdi\u011fimizi in\u015fallah daha net g\u00f6receklerdir. Bizden sonraki nesiller, bizim a\u00e7t\u0131\u011f\u0131m\u0131z bu yolda, dosdo\u011fru bir istikamette, sa\u011flam bir zeminde T\u00fcrkiye\u2019yi zirvelere ta\u015f\u0131yacakt\u0131r. Biz o g\u00fcne kadar \u015fehit ve gazilerimizin aziz hat\u0131ralar\u0131na g\u00f6lge d\u00fc\u015f\u00fcrmeden, onlardan devrald\u0131\u011f\u0131m\u0131z kutsal emaneti y\u00fccelterek T\u00fcrkiye i\u00e7in, milletimiz i\u00e7in, t\u00fcm mazlumlar i\u00e7in \u00e7al\u0131\u015fmaya kararl\u0131l\u0131kla devam edece\u011fiz. Bu d\u00fc\u015f\u00fcncelerle vefat\u0131n\u0131n 87\u2019nci y\u0131ld\u00f6n\u00fcm\u00fcnde Gazi Mustafa Kemal Atat\u00fcrk\u2019\u00fc bir kez daha sayg\u0131yla an\u0131yorum. Kanlar\u0131 ve canlar\u0131yla Anadolu\u2019yu bizlere vatan k\u0131lan \u015fehit ve gazilerimizin tamam\u0131n\u0131 rahmetle yad ediyorum. Atat\u00fcrk K\u00fclt\u00fcr, Dil ve Tarih Y\u00fcksek Kurumu\u2019nu bu anma toplant\u0131s\u0131 i\u00e7in tebrik ediyorum&#8221; diyerek s\u00f6zlerini tamamlad\u0131.<\/p>\n\n\n\n<p>Kaynak: \u0130HA<\/p>\n","protected":false},"excerpt":{"rendered":"<p>Cumhurba\u015fkan\u0131 Recep Tayyip Erdo\u011fan, milli g\u00fcnlerimizle ilgili y\u0131k\u0131c\u0131, y\u0131prat\u0131c\u0131, toplumsal fay hatlar\u0131n\u0131 ka\u015f\u0131yan tart\u0131\u015fmalar\u0131n g\u00fcndeme ta\u015f\u0131nmak istendi\u011fini g\u00f6r\u00fcyoruz. Sosyal medya ve siyasette Atat\u00fcrk maskesi takarak millete d\u00fc\u015fmanl\u0131k edenlere nas\u0131l kar\u015f\u0131ysak, Gazi Mustafa Kemal\u2019e y\u00f6nelik hakaretamiz ifadelere de kar\u015f\u0131y\u0131z&#8221; dedi. Cumhurba\u015fkan\u0131 Recep Tayyip Erdo\u011fan, Atat\u00fcrk K\u00fclt\u00fcr, Dil ve Tarih Y\u00fcksek Kurumu\u2019nda Gazi Mustafa Kemal Atat\u00fcrk\u2019\u00fcn Ebediyete [&hellip;]<\/p>\n","protected":false},"author":1,"featured_media":6525,"comment_status":"open","ping_status":"open","sticky":false,"template":"","format":"standard","meta":{"footnotes":""},"categories":[11],"tags":[2201,1466,846,620],"class_list":["post-6523","post","type-post","status-publish","format-standard","has-post-thumbnail","hentry","category-manset","tag-10-kasim","tag-ataturk","tag-cumhurbaskani-erdogan","tag-recep-tayyip-erdogan"],"_links":{"self":[{"href":"https:\/\/www.trabzonmanset.com\/index.php\/wp-json\/wp\/v2\/posts\/6523","targetHints":{"allow":["GET"]}}],"collection":[{"href":"https:\/\/www.trabzonmanset.com\/index.php\/wp-json\/wp\/v2\/posts"}],"about":[{"href":"https:\/\/www.trabzonmanset.com\/index.php\/wp-json\/wp\/v2\/types\/post"}],"author":[{"embeddable":true,"href":"https:\/\/www.trabzonmanset.com\/index.php\/wp-json\/wp\/v2\/users\/1"}],"replies":[{"embeddable":true,"href":"https:\/\/www.trabzonmanset.com\/index.php\/wp-json\/wp\/v2\/comments?post=6523"}],"version-history":[{"count":1,"href":"https:\/\/www.trabzonmanset.com\/index.php\/wp-json\/wp\/v2\/posts\/6523\/revisions"}],"predecessor-version":[{"id":6526,"href":"https:\/\/www.trabzonmanset.com\/index.php\/wp-json\/wp\/v2\/posts\/6523\/revisions\/6526"}],"wp:featuredmedia":[{"embeddable":true,"href":"https:\/\/www.trabzonmanset.com\/index.php\/wp-json\/wp\/v2\/media\/6525"}],"wp:attachment":[{"href":"https:\/\/www.trabzonmanset.com\/index.php\/wp-json\/wp\/v2\/media?parent=6523"}],"wp:term":[{"taxonomy":"category","embeddable":true,"href":"https:\/\/www.trabzonmanset.com\/index.php\/wp-json\/wp\/v2\/categories?post=6523"},{"taxonomy":"post_tag","embeddable":true,"href":"https:\/\/www.trabzonmanset.com\/index.php\/wp-json\/wp\/v2\/tags?post=6523"}],"curies":[{"name":"wp","href":"https:\/\/api.w.org\/{rel}","templated":true}]}}