{"id":6514,"date":"2025-11-10T16:45:00","date_gmt":"2025-11-10T13:45:00","guid":{"rendered":"https:\/\/www.trabzonmanset.com\/?p=6514"},"modified":"2025-11-10T22:29:20","modified_gmt":"2025-11-10T19:29:20","slug":"toki-basvurusu-yapmak-isteyen-vatandaslar-yuzlerce-metre-kuyruk-olusturdu","status":"publish","type":"post","link":"https:\/\/www.trabzonmanset.com\/index.php\/2025\/11\/10\/toki-basvurusu-yapmak-isteyen-vatandaslar-yuzlerce-metre-kuyruk-olusturdu\/","title":{"rendered":"TOK\u0130 ba\u015fvurusu yapmak isteyen vatanda\u015flar y\u00fczlerce metre kuyruk olu\u015fturdu"},"content":{"rendered":"\n<p>Cumhurba\u015fkan\u0131 Recep Tayyip Erdo\u011fan&#8217;\u0131n a\u00e7\u0131klad\u0131\u011f\u0131; \u00c7evre, \u015eehircilik ve \u0130klim De\u011fi\u015fikli\u011fi Bakanl\u0131\u011f\u0131 ile TOK\u0130 eliyle yap\u0131lacak 500 bin sosyal konut ba\u015fvurular\u0131 ba\u015flad\u0131. Ba\u015fvuru s\u00fcrecinde yo\u011funluk ya\u015fanmamas\u0131 amac\u0131yla kimlik numaras\u0131n\u0131n son rakam\u0131na g\u00f6re a\u015famal\u0131 ba\u015fvuru sistemi uyguland\u0131. Ancak bu uygulama yo\u011funlu\u011fun \u00f6n\u00fcne ge\u00e7emedi.<\/p>\n\n\n\n<p>\u00c7evre, \u015eehircilik ve \u0130klim De\u011fi\u015fikli\u011fi Bakanl\u0131\u011f\u0131, Cumhurba\u015fkan\u0131 Recep Tayyip Erdo\u011fan&#8217;\u0131n a\u00e7\u0131klad\u0131\u011f\u0131 81 ili kapsayan &#8220;Y\u00fczy\u0131l\u0131n Konut Projesi&#8221; ile T\u00fcrkiye tarihinin en b\u00fcy\u00fck sosyal konut ad\u0131m\u0131n\u0131 hayata ge\u00e7iriyor. Proje ile in\u015fa edilecek 500 bin sosyal konut, dar gelirli vatanda\u015flar i\u00e7in y\u00fczde 10 pe\u015finat ve 240 aya kadar vade se\u00e7ene\u011fi ile sat\u0131\u015fa sunulacak. Bu sayede vatanda\u015flar uygun fiyat ve uzun vadeli \u00f6deme imkan\u0131yla ev sahibi olabilecek.<\/p>\n\n\n\n<figure class=\"wp-block-image size-full\"><img loading=\"lazy\" decoding=\"async\" width=\"853\" height=\"480\" src=\"https:\/\/www.trabzonmanset.com\/wp-content\/uploads\/2025\/11\/aw576756_02.jpg?wsr\" alt=\"\" class=\"wp-image-6515\" srcset=\"https:\/\/www.trabzonmanset.com\/wp-content\/uploads\/2025\/11\/aw576756_02.jpg 853w, https:\/\/www.trabzonmanset.com\/wp-content\/uploads\/2025\/11\/aw576756_02-300x169.jpg 300w, https:\/\/www.trabzonmanset.com\/wp-content\/uploads\/2025\/11\/aw576756_02-768x432.jpg 768w\" sizes=\"auto, (max-width: 853px) 100vw, 853px\" \/><\/figure>\n\n\n\n<p><strong>D\u00fczce&#8217;de banka \u00f6n\u00fcnde uzun kuyruklar olu\u015ftu<\/strong><\/p>\n\n\n\n<p>Ev sahibi olmak isteyen vatanda\u015flar\u0131n ba\u015fvurular\u0131 ba\u015flad\u0131. D\u00fczce&#8217;de ba\u015fvuru alan bankalar \u00f6n\u00fcnde uzun kuyruklar olu\u015ftu. Sabah erken saatlerde bankalar \u00f6n\u00fcne giden vatanda\u015flar, ba\u015fvurular\u0131n al\u0131nmaya ba\u015flamas\u0131yla birlikte banka i\u00e7lerine ak\u0131n ettiler. Ba\u015fvurusunu g\u00f6z ya\u015flar\u0131 i\u00e7inde tamamlayan bir ev han\u0131m\u0131 &#8220;\u0130n\u015fallah \u00e7\u0131kar. Kiralardan kurtuluruz. Heyecanl\u0131y\u0131m, duyguland\u0131m. \u00c7ok farkl\u0131 bir duygu. Art\u0131k Allah b\u00fcy\u00fck. \u0130n\u015fallah \u00e7\u0131kar&#8221; dedi. O\u011flu i\u00e7in ba\u015fvuru yapan bir vatanda\u015f &#8220;Heyecanl\u0131y\u0131m. O\u011flum i\u00e7in geldim. Benim dairem var. Birde o\u011flum i\u00e7in ba\u015fvuru yapaca\u011f\u0131m. Proje \u00e7ok g\u00fczel&#8221; ifadelerini kulland\u0131.<\/p>\n\n\n\n<figure class=\"wp-block-image size-full\"><img loading=\"lazy\" decoding=\"async\" width=\"853\" height=\"480\" src=\"https:\/\/www.trabzonmanset.com\/wp-content\/uploads\/2025\/11\/aw576531_01-1.jpg?wsr\" alt=\"\" class=\"wp-image-6516\" srcset=\"https:\/\/www.trabzonmanset.com\/wp-content\/uploads\/2025\/11\/aw576531_01-1.jpg 853w, https:\/\/www.trabzonmanset.com\/wp-content\/uploads\/2025\/11\/aw576531_01-1-300x169.jpg 300w, https:\/\/www.trabzonmanset.com\/wp-content\/uploads\/2025\/11\/aw576531_01-1-768x432.jpg 768w\" sizes=\"auto, (max-width: 853px) 100vw, 853px\" \/><\/figure>\n\n\n\n<p>Di\u011fer yandan b\u00f6lgede esnafl\u0131k yapan ve kalabal\u0131\u011f\u0131 g\u00f6ren Fatih Alkan ise piyasan\u0131n hareketlenece\u011fine inand\u0131\u011f\u0131n\u0131 ifade ederek &#8220;En ba\u015fta in\u015faat giderlerinin \u00e7ok y\u00fcksek olmas\u0131, devletin bu proje ile ortaya \u00e7\u0131kmas\u0131 kira giderlerinde d\u00fc\u015f\u00fc\u015fe neden olacakt\u0131r. \u0130\u015f g\u00fcc\u00fc art\u0131\u015f\u0131 olacakt\u0131r. Hareketlilik olacakt\u0131r. Piyasa canlanacakt\u0131r. Dar gelirli vatanda\u015flar ev sahibi olacakt\u0131r. ABD&#8217;de, Almanya&#8217;da mortgage sistemi ile insanlar ev sahibi oluyor. T\u00fcrkiye&#8217;de de bu devlet eliyle olacakt\u0131r diye d\u00fc\u015f\u00fcn\u00fcyorum&#8221; \u015feklinde konu\u015ftu.<\/p>\n\n\n\n<p><strong>Eski\u015fehir&#8217;de de y\u00fczlerce metre kuyruk olu\u015ftu<\/strong><\/p>\n\n\n\n<p>Eski\u015fehir&#8217;de Sakarya-1 Caddesi&#8217;nde bulunan bir \u015fubenin \u00f6n\u00fcnde sabah\u0131n erken saatlerinden itibaren y\u00fczlerce metre kuyruk olu\u015ftu. Toplu Konut \u0130daresi Ba\u015fkanl\u0131\u011f\u0131 (TOK\u0130) g\u00fcvencesiyle ev sahibi olmak i\u00e7in saatlerce s\u0131ra bekleyen vatanda\u015flar, projeyle ilgili memnuniyet duyduklar\u0131n\u0131 ifade etti. \u00d6te yandan, kuyrukta zaman zaman gergin anlar\u0131n da ya\u015fand\u0131\u011f\u0131 g\u00f6r\u00fcld\u00fc.<\/p>\n\n\n\n<p><strong>&#8220;Kuyru\u011fa girdik, \u00e7\u0131karsa \u015fans\u0131m\u0131za&#8221;<\/strong><\/p>\n\n\n\n<p>Sabah saat 09.00&#8217;da kuyru\u011fa giren ve 14.30 s\u0131ralar\u0131nda hala s\u0131ra bekleyen 58 ya\u015f\u0131ndaki Erg\u00fcn Co\u015fkun, &#8220;Ev i\u00e7in bekliyoruz i\u015fte. Kuyru\u011fa girdik, \u00e7\u0131karsa \u015fans\u0131m\u0131za. Deneyece\u011fiz bakal\u0131m. Baya\u011f\u0131 bir kuyruk var, 1 kilometreye yak\u0131n gibi. \u0130n\u015fallah \u00e7\u0131kar, umutluyuz. Umut biterse hayat bitermi\u015f. B\u00fct\u00fcn insanlar\u0131 buraya y\u00f6nlendirmi\u015fler, g\u00f6rd\u00fc\u011f\u00fcn\u00fcz \u00fczere b\u00fcy\u00fck bir s\u0131k\u0131nt\u0131 oluyor. \u0130\u00e7erideki i\u015flemler yava\u015f m\u0131 ilerliyor, bilmiyorum. \u0130\u00e7eriyi g\u00f6remiyorum ki. Halk\u0131 b\u00f6lseler daha iyiydi de\u011fil mi?&#8221; dedi.<\/p>\n\n\n\n<p><strong>&#8220;\u0130\u015flemler biraz yava\u015f gidiyor&#8221;<\/strong><\/p>\n\n\n\n<p>Engin Sert ise, &#8220;Sabah 07.00&#8217;dan beri bekliyorum. Burada TOK\u0130 kuyru\u011fu var. \u0130\u015flemler biraz yava\u015f gidiyor. \u00c7ok kalabal\u0131k, 20-30 metre kuyruk var&#8221; \u015feklinde konu\u015ftu. Dar gelirli vatanda\u015flara uygun \u015fartlarda ev sahibi olma imkan\u0131 sunulmas\u0131 amac\u0131yla T\u00fcrkiye genelinde 500 bin konutun in\u015fa edilece\u011fi projeye ba\u015fvurular 19 Aral\u0131k&#8217;ta sona erecek.<\/p>\n\n\n\n<figure class=\"wp-block-image size-full\"><img loading=\"lazy\" decoding=\"async\" width=\"640\" height=\"480\" src=\"https:\/\/www.trabzonmanset.com\/wp-content\/uploads\/2025\/11\/aw576756_04-1.jpg?wsr\" alt=\"\" class=\"wp-image-6517\" srcset=\"https:\/\/www.trabzonmanset.com\/wp-content\/uploads\/2025\/11\/aw576756_04-1.jpg 640w, https:\/\/www.trabzonmanset.com\/wp-content\/uploads\/2025\/11\/aw576756_04-1-300x225.jpg 300w\" sizes=\"auto, (max-width: 640px) 100vw, 640px\" \/><\/figure>\n\n\n\n<p><\/p>\n","protected":false},"excerpt":{"rendered":"<p>Cumhurba\u015fkan\u0131 Recep Tayyip Erdo\u011fan&#8217;\u0131n a\u00e7\u0131klad\u0131\u011f\u0131; \u00c7evre, \u015eehircilik ve \u0130klim De\u011fi\u015fikli\u011fi Bakanl\u0131\u011f\u0131 ile TOK\u0130 eliyle yap\u0131lacak 500 bin sosyal konut ba\u015fvurular\u0131 ba\u015flad\u0131. Ba\u015fvuru s\u00fcrecinde yo\u011funluk ya\u015fanmamas\u0131 amac\u0131yla kimlik numaras\u0131n\u0131n son rakam\u0131na g\u00f6re a\u015famal\u0131 ba\u015fvuru sistemi uyguland\u0131. Ancak bu uygulama yo\u011funlu\u011fun \u00f6n\u00fcne ge\u00e7emedi. \u00c7evre, \u015eehircilik ve \u0130klim De\u011fi\u015fikli\u011fi Bakanl\u0131\u011f\u0131, Cumhurba\u015fkan\u0131 Recep Tayyip Erdo\u011fan&#8217;\u0131n a\u00e7\u0131klad\u0131\u011f\u0131 81 ili kapsayan [&hellip;]<\/p>\n","protected":false},"author":1,"featured_media":6518,"comment_status":"open","ping_status":"open","sticky":false,"template":"","format":"standard","meta":{"footnotes":""},"categories":[1],"tags":[620,2198,712],"class_list":["post-6514","post","type-post","status-publish","format-standard","has-post-thumbnail","hentry","category-gundem","tag-recep-tayyip-erdogan","tag-toki-2","tag-trabzon-manset"],"_links":{"self":[{"href":"https:\/\/www.trabzonmanset.com\/index.php\/wp-json\/wp\/v2\/posts\/6514","targetHints":{"allow":["GET"]}}],"collection":[{"href":"https:\/\/www.trabzonmanset.com\/index.php\/wp-json\/wp\/v2\/posts"}],"about":[{"href":"https:\/\/www.trabzonmanset.com\/index.php\/wp-json\/wp\/v2\/types\/post"}],"author":[{"embeddable":true,"href":"https:\/\/www.trabzonmanset.com\/index.php\/wp-json\/wp\/v2\/users\/1"}],"replies":[{"embeddable":true,"href":"https:\/\/www.trabzonmanset.com\/index.php\/wp-json\/wp\/v2\/comments?post=6514"}],"version-history":[{"count":1,"href":"https:\/\/www.trabzonmanset.com\/index.php\/wp-json\/wp\/v2\/posts\/6514\/revisions"}],"predecessor-version":[{"id":6519,"href":"https:\/\/www.trabzonmanset.com\/index.php\/wp-json\/wp\/v2\/posts\/6514\/revisions\/6519"}],"wp:featuredmedia":[{"embeddable":true,"href":"https:\/\/www.trabzonmanset.com\/index.php\/wp-json\/wp\/v2\/media\/6518"}],"wp:attachment":[{"href":"https:\/\/www.trabzonmanset.com\/index.php\/wp-json\/wp\/v2\/media?parent=6514"}],"wp:term":[{"taxonomy":"category","embeddable":true,"href":"https:\/\/www.trabzonmanset.com\/index.php\/wp-json\/wp\/v2\/categories?post=6514"},{"taxonomy":"post_tag","embeddable":true,"href":"https:\/\/www.trabzonmanset.com\/index.php\/wp-json\/wp\/v2\/tags?post=6514"}],"curies":[{"name":"wp","href":"https:\/\/api.w.org\/{rel}","templated":true}]}}