{"id":6501,"date":"2025-11-10T20:55:00","date_gmt":"2025-11-10T17:55:00","guid":{"rendered":"https:\/\/www.trabzonmanset.com\/?p=6501"},"modified":"2025-11-10T22:14:53","modified_gmt":"2025-11-10T19:14:53","slug":"suriye-devlet-baskani-es-sara-abd-baskani-trump-ile-bir-araya-geldi","status":"publish","type":"post","link":"https:\/\/www.trabzonmanset.com\/index.php\/2025\/11\/10\/suriye-devlet-baskani-es-sara-abd-baskani-trump-ile-bir-araya-geldi\/","title":{"rendered":"Suriye Devlet Ba\u015fkan\u0131 e\u015f-\u015eara, ABD Ba\u015fkan\u0131 Trump ile bir araya geldi"},"content":{"rendered":"\n<p>Suriye Devlet Ba\u015fkan\u0131 Ahmed e\u015f-\u015eara, Beyaz Saray\u2019da ABD Ba\u015fkan\u0131 Donald Trump ile bir araya geldi. E\u015f-\u015eara, Beyaz Saray\u2019\u0131 ziyaret eden ilk Suriyeli lider oldu.<\/p>\n\n\n\n<p>Suriye Devlet Ba\u015fkan\u0131 Ahmed e\u015f-\u015eara, ABD\u2019ye resmi ziyaret d\u00fczenleyen ilk Suriyeli lider olarak temaslar\u0131na devam ediyor. E\u015f-\u015eara, Beyaz Saray\u2019da ABD Ba\u015fkan\u0131 Donald Trump ile bir araya geldi. Bas\u0131na kapal\u0131 olarak ger\u00e7ekle\u015fen g\u00f6r\u00fc\u015fme, yerel saatle 11.37\u2019de ba\u015flad\u0131. E\u015f-\u015eara, gazetecilerin bulundu\u011fu Bat\u0131 Kanad\u0131&#8217;n\u0131n ana kap\u0131s\u0131 yerine, bas\u0131n mensuplar\u0131n\u0131n g\u00f6remedi\u011fi yan bir giri\u015ften Beyaz Saray\u2019a girerken, kendisi i\u00e7in resmi kar\u015f\u0131lama t\u00f6reni d\u00fczenlenmedi.<\/p>\n\n\n\n<p><br>G\u00f6r\u00fc\u015fmenin detaylar\u0131 payla\u015f\u0131lmazken, diplomatik kaynaklar, iki liderin Suriye\u2019nin yeniden yap\u0131lanmas\u0131, b\u00f6lgesel g\u00fcvenlik, m\u00fcltecilerin d\u00f6n\u00fc\u015f\u00fc ve ekonomik i\u015f birli\u011fi gibi konular\u0131 ele alaca\u011f\u0131n aktard\u0131.<\/p>\n","protected":false},"excerpt":{"rendered":"<p>Suriye Devlet Ba\u015fkan\u0131 Ahmed e\u015f-\u015eara, Beyaz Saray\u2019da ABD Ba\u015fkan\u0131 Donald Trump ile bir araya geldi. E\u015f-\u015eara, Beyaz Saray\u2019\u0131 ziyaret eden ilk Suriyeli lider oldu. Suriye Devlet Ba\u015fkan\u0131 Ahmed e\u015f-\u015eara, ABD\u2019ye resmi ziyaret d\u00fczenleyen ilk Suriyeli lider olarak temaslar\u0131na devam ediyor. E\u015f-\u015eara, Beyaz Saray\u2019da ABD Ba\u015fkan\u0131 Donald Trump ile bir araya geldi. Bas\u0131na kapal\u0131 olarak ger\u00e7ekle\u015fen [&hellip;]<\/p>\n","protected":false},"author":1,"featured_media":6502,"comment_status":"open","ping_status":"open","sticky":false,"template":"","format":"standard","meta":{"footnotes":""},"categories":[127],"tags":[160,1710,2195,924,2194],"class_list":["post-6501","post","type-post","status-publish","format-standard","has-post-thumbnail","hentry","category-dunya","tag-abd","tag-ahmed-es-sara","tag-beyaz-saray-2","tag-donald-trump","tag-es-sara"],"_links":{"self":[{"href":"https:\/\/www.trabzonmanset.com\/index.php\/wp-json\/wp\/v2\/posts\/6501","targetHints":{"allow":["GET"]}}],"collection":[{"href":"https:\/\/www.trabzonmanset.com\/index.php\/wp-json\/wp\/v2\/posts"}],"about":[{"href":"https:\/\/www.trabzonmanset.com\/index.php\/wp-json\/wp\/v2\/types\/post"}],"author":[{"embeddable":true,"href":"https:\/\/www.trabzonmanset.com\/index.php\/wp-json\/wp\/v2\/users\/1"}],"replies":[{"embeddable":true,"href":"https:\/\/www.trabzonmanset.com\/index.php\/wp-json\/wp\/v2\/comments?post=6501"}],"version-history":[{"count":1,"href":"https:\/\/www.trabzonmanset.com\/index.php\/wp-json\/wp\/v2\/posts\/6501\/revisions"}],"predecessor-version":[{"id":6503,"href":"https:\/\/www.trabzonmanset.com\/index.php\/wp-json\/wp\/v2\/posts\/6501\/revisions\/6503"}],"wp:featuredmedia":[{"embeddable":true,"href":"https:\/\/www.trabzonmanset.com\/index.php\/wp-json\/wp\/v2\/media\/6502"}],"wp:attachment":[{"href":"https:\/\/www.trabzonmanset.com\/index.php\/wp-json\/wp\/v2\/media?parent=6501"}],"wp:term":[{"taxonomy":"category","embeddable":true,"href":"https:\/\/www.trabzonmanset.com\/index.php\/wp-json\/wp\/v2\/categories?post=6501"},{"taxonomy":"post_tag","embeddable":true,"href":"https:\/\/www.trabzonmanset.com\/index.php\/wp-json\/wp\/v2\/tags?post=6501"}],"curies":[{"name":"wp","href":"https:\/\/api.w.org\/{rel}","templated":true}]}}