{"id":6498,"date":"2025-11-10T21:05:00","date_gmt":"2025-11-10T18:05:00","guid":{"rendered":"https:\/\/www.trabzonmanset.com\/?p=6498"},"modified":"2025-11-10T22:12:06","modified_gmt":"2025-11-10T19:12:06","slug":"balikesirde-4-9-buyuklugunde-deprem","status":"publish","type":"post","link":"https:\/\/www.trabzonmanset.com\/index.php\/2025\/11\/10\/balikesirde-4-9-buyuklugunde-deprem\/","title":{"rendered":"Bal\u0131kesir\u2019de 4.9 b\u00fcy\u00fckl\u00fc\u011f\u00fcnde deprem"},"content":{"rendered":"\n<p>Bal\u0131kesir\u2019de 4.9 b\u00fcy\u00fckl\u00fc\u011f\u00fcnde bir deprem meydana geldi.<\/p>\n\n\n\n<p>Afet ve Acil Durum Y\u00f6netimi Ba\u015fkanl\u0131\u011f\u0131ndan (AFAD) al\u0131nan bilgiye g\u00f6re, saat 21.20\u2019de merkez \u00fcss\u00fc Bal\u0131kesir\u2019in S\u0131nd\u0131rg\u0131 il\u00e7esi olan 4.9 b\u00fcy\u00fckl\u00fc\u011f\u00fcnde deprem kaydedildi. Deprem, yerin 9.64 kilometre derinli\u011finde meydana geldi.<\/p>\n\n\n\n<p>Kaynak: \u0130HA<\/p>\n\n\n\n<p><\/p>\n","protected":false},"excerpt":{"rendered":"<p>Bal\u0131kesir\u2019de 4.9 b\u00fcy\u00fckl\u00fc\u011f\u00fcnde bir deprem meydana geldi. Afet ve Acil Durum Y\u00f6netimi Ba\u015fkanl\u0131\u011f\u0131ndan (AFAD) al\u0131nan bilgiye g\u00f6re, saat 21.20\u2019de merkez \u00fcss\u00fc Bal\u0131kesir\u2019in S\u0131nd\u0131rg\u0131 il\u00e7esi olan 4.9 b\u00fcy\u00fckl\u00fc\u011f\u00fcnde deprem kaydedildi. Deprem, yerin 9.64 kilometre derinli\u011finde meydana geldi. Kaynak: \u0130HA<\/p>\n","protected":false},"author":1,"featured_media":6499,"comment_status":"open","ping_status":"open","sticky":false,"template":"","format":"standard","meta":{"footnotes":""},"categories":[1],"tags":[734,863,2192,2193],"class_list":["post-6498","post","type-post","status-publish","format-standard","has-post-thumbnail","hentry","category-gundem","tag-afad","tag-balikesir-deprem","tag-sindirgi-2","tag-sindirgi-deprem"],"_links":{"self":[{"href":"https:\/\/www.trabzonmanset.com\/index.php\/wp-json\/wp\/v2\/posts\/6498","targetHints":{"allow":["GET"]}}],"collection":[{"href":"https:\/\/www.trabzonmanset.com\/index.php\/wp-json\/wp\/v2\/posts"}],"about":[{"href":"https:\/\/www.trabzonmanset.com\/index.php\/wp-json\/wp\/v2\/types\/post"}],"author":[{"embeddable":true,"href":"https:\/\/www.trabzonmanset.com\/index.php\/wp-json\/wp\/v2\/users\/1"}],"replies":[{"embeddable":true,"href":"https:\/\/www.trabzonmanset.com\/index.php\/wp-json\/wp\/v2\/comments?post=6498"}],"version-history":[{"count":1,"href":"https:\/\/www.trabzonmanset.com\/index.php\/wp-json\/wp\/v2\/posts\/6498\/revisions"}],"predecessor-version":[{"id":6500,"href":"https:\/\/www.trabzonmanset.com\/index.php\/wp-json\/wp\/v2\/posts\/6498\/revisions\/6500"}],"wp:featuredmedia":[{"embeddable":true,"href":"https:\/\/www.trabzonmanset.com\/index.php\/wp-json\/wp\/v2\/media\/6499"}],"wp:attachment":[{"href":"https:\/\/www.trabzonmanset.com\/index.php\/wp-json\/wp\/v2\/media?parent=6498"}],"wp:term":[{"taxonomy":"category","embeddable":true,"href":"https:\/\/www.trabzonmanset.com\/index.php\/wp-json\/wp\/v2\/categories?post=6498"},{"taxonomy":"post_tag","embeddable":true,"href":"https:\/\/www.trabzonmanset.com\/index.php\/wp-json\/wp\/v2\/tags?post=6498"}],"curies":[{"name":"wp","href":"https:\/\/api.w.org\/{rel}","templated":true}]}}