{"id":6389,"date":"2025-11-05T17:49:00","date_gmt":"2025-11-05T14:49:00","guid":{"rendered":"https:\/\/www.trabzonmanset.com\/?p=6389"},"modified":"2025-11-05T20:52:57","modified_gmt":"2025-11-05T17:52:57","slug":"orduda-tas-ocaginda-gocuk-2-isci-enkaz-altinda","status":"publish","type":"post","link":"https:\/\/www.trabzonmanset.com\/index.php\/2025\/11\/05\/orduda-tas-ocaginda-gocuk-2-isci-enkaz-altinda\/","title":{"rendered":"Ordu&#8217;da ta\u015f oca\u011f\u0131nda g\u00f6\u00e7\u00fck: 2 i\u015f\u00e7i enkaz alt\u0131nda"},"content":{"rendered":"\n<p>Ordu&#8217;nun Fatsa il\u00e7esinde bir ta\u015f oca\u011f\u0131nda g\u00f6\u00e7\u00fck meydana geldi. \u0130ki i\u015f\u00e7i g\u00f6\u00e7\u00fck alt\u0131nda kal\u0131rken, ekipler arama \u00e7al\u0131\u015fmalar\u0131na ba\u015flad\u0131.<\/p>\n\n\n\n<p>Ordu&#8217;nun Fatsa il\u00e7esinde faaliyet g\u00f6steren bir ta\u015f oca\u011f\u0131nda meydana gelen g\u00f6\u00e7\u00fckte 2 ki\u015finin enkaz alt\u0131nda kald\u0131\u011f\u0131 bildirildi.<\/p>\n\n\n\n<h3 class=\"wp-block-heading\">TA\u015e OCA\u011eINDA G\u00d6C\u00dcK<\/h3>\n\n\n\n<p>Edinilen bilgilere g\u00f6re, Ordu-\u00c7ama\u015f karayolu yak\u0131n\u0131nda bulunan bir ta\u015f oca\u011f\u0131nda \u00e7al\u0131\u015fma s\u0131ras\u0131nda g\u00f6\u00e7\u00fck meydana geldi. Olay s\u0131ras\u0131nda ocakta \u00e7al\u0131\u015fma yapan i\u015f makinesi ve kamyon, kayan malzemenin alt\u0131nda kald\u0131.<\/p>\n\n\n\n<h3 class=\"wp-block-heading\">\u0130K\u0130 \u0130\u015e\u00c7\u0130 ENKAZ ALTINDA<\/h3>\n\n\n\n<p>\u0130hbar \u00fczerine b\u00f6lgeye AFAD, itfaiye, jandarma ve sa\u011fl\u0131k ekipleri sevk edildi. Ekiplerin, g\u00f6\u00e7\u00fck alt\u0131nda kalan iki ki\u015fiye ula\u015fmak i\u00e7in \u00e7al\u0131\u015fmalara ba\u015flad\u0131\u011f\u0131 \u00f6\u011frenildi.,<\/p>\n\n\n\n<h3 class=\"wp-block-heading\">ORDU VAL\u0130S\u0130NDEN A\u00c7IKLAMA<\/h3>\n\n\n\n<p>Ordu Valisi Muammer Erol,Fatsa-\u00c7atalp\u0131nar kara yolu \u00fczerindeki bir \u00e7ak\u0131l oca\u011f\u0131 \u015fantiyesinde g\u00f6\u00e7\u00fck meydana geldi\u011fini, kendisinin de olay yerine hareket etti\u011fini s\u00f6yledi. \u0130lgili ekiplerin b\u00f6lgeye sevk edildi\u011fini ifade eden Vali Erol, &#8220;\u015eu anda net bir bilgi yok. \u0130\u015f makinelerinin oldu\u011fu bilgisi var. Ekipler sevk edildi.&#8221; diye konu\u015ftu.<\/p>\n\n\n\n<p>Olay yerinde \u00e7al\u0131\u015fmalar\u0131 takip eden Erol, g\u00f6\u00e7\u00fck alt\u0131nda kald\u0131\u011f\u0131 belirlenen 2 i\u015f\u00e7i i\u00e7in ekiplerin arama \u00e7al\u0131\u015fmas\u0131 ba\u015flatt\u0131\u011f\u0131n\u0131 s\u00f6yledi. Erol, ta\u015f oca\u011f\u0131n\u0131n il\u00e7e merkezine 7 kilometre mesafede oldu\u011funu ifade ederek, \u015funlar\u0131 kaydetti: &#8220;Ta\u015f oca\u011f\u0131nda saat 12.00 sular\u0131nda rutin i\u015fler kapsam\u0131nda yap\u0131lan bir patlatma var. Ancak 16.30 sular\u0131nda \u00fcst kotlardan bir k\u00fctle hareketi s\u00f6z konusu. \u015eu anda k\u00fctlenin alt\u0131nda bir kamyon ve bir i\u015f makinesi, s\u00fcr\u00fcc\u00fcs\u00fc ile operat\u00f6r\u00fc bulunuyor. \u015eu anda buray\u0131 bilen arkada\u015flar\u0131m\u0131z\u0131n tarif etti\u011fi noktada \u00e7al\u0131\u015fan i\u015f makineleri var. Bu \u00e7al\u0131\u015fmalara destek veren 20&#8217;ye yak\u0131n i\u015f makinemiz var. AFAD, UMKE, jandarma ve 112&#8217;in ekipleri burada.&#8221;<\/p>\n\n\n\n<p><strong>\u0130\u015fte ta\u015f oca\u011f\u0131ndan g\u00f6r\u00fcnt\u00fcler:<\/strong><\/p>\n\n\n\n<figure class=\"wp-block-image size-full\"><img loading=\"lazy\" decoding=\"async\" width=\"640\" height=\"294\" src=\"https:\/\/www.trabzonmanset.com\/wp-content\/uploads\/2025\/11\/ordu-da-tas-ocaginda-gocuk-2-isci-enkaz-altinda-19223029_3349_m.png\" alt=\"\" class=\"wp-image-6393\" srcset=\"https:\/\/www.trabzonmanset.com\/wp-content\/uploads\/2025\/11\/ordu-da-tas-ocaginda-gocuk-2-isci-enkaz-altinda-19223029_3349_m.png 640w, https:\/\/www.trabzonmanset.com\/wp-content\/uploads\/2025\/11\/ordu-da-tas-ocaginda-gocuk-2-isci-enkaz-altinda-19223029_3349_m-300x138.png 300w\" sizes=\"auto, (max-width: 640px) 100vw, 640px\" \/><\/figure>\n\n\n\n<figure class=\"wp-block-image size-full\"><img loading=\"lazy\" decoding=\"async\" width=\"640\" height=\"403\" src=\"https:\/\/www.trabzonmanset.com\/wp-content\/uploads\/2025\/11\/ordu-da-tas-ocaginda-gocuk-2-isci-enkaz-altinda-19223029_3697_m-Kopya.webp?wsr\" alt=\"\" class=\"wp-image-6395\" srcset=\"https:\/\/www.trabzonmanset.com\/wp-content\/uploads\/2025\/11\/ordu-da-tas-ocaginda-gocuk-2-isci-enkaz-altinda-19223029_3697_m-Kopya.webp 640w, https:\/\/www.trabzonmanset.com\/wp-content\/uploads\/2025\/11\/ordu-da-tas-ocaginda-gocuk-2-isci-enkaz-altinda-19223029_3697_m-Kopya-300x189.webp 300w\" sizes=\"auto, (max-width: 640px) 100vw, 640px\" \/><\/figure>\n\n\n\n<figure class=\"wp-block-image size-full\"><img loading=\"lazy\" decoding=\"async\" width=\"640\" height=\"415\" src=\"https:\/\/www.trabzonmanset.com\/wp-content\/uploads\/2025\/11\/ordu-da-tas-ocaginda-gocuk-2-isci-enkaz-altinda-19223029_8223_m.png?wsr\" alt=\"\" class=\"wp-image-6396\" srcset=\"https:\/\/www.trabzonmanset.com\/wp-content\/uploads\/2025\/11\/ordu-da-tas-ocaginda-gocuk-2-isci-enkaz-altinda-19223029_8223_m.png 640w, https:\/\/www.trabzonmanset.com\/wp-content\/uploads\/2025\/11\/ordu-da-tas-ocaginda-gocuk-2-isci-enkaz-altinda-19223029_8223_m-300x195.png 300w\" sizes=\"auto, (max-width: 640px) 100vw, 640px\" \/><\/figure>\n","protected":false},"excerpt":{"rendered":"<p>Ordu&#8217;nun Fatsa il\u00e7esinde bir ta\u015f oca\u011f\u0131nda g\u00f6\u00e7\u00fck meydana geldi. \u0130ki i\u015f\u00e7i g\u00f6\u00e7\u00fck alt\u0131nda kal\u0131rken, ekipler arama \u00e7al\u0131\u015fmalar\u0131na ba\u015flad\u0131. Ordu&#8217;nun Fatsa il\u00e7esinde faaliyet g\u00f6steren bir ta\u015f oca\u011f\u0131nda meydana gelen g\u00f6\u00e7\u00fckte 2 ki\u015finin enkaz alt\u0131nda kald\u0131\u011f\u0131 bildirildi. TA\u015e OCA\u011eINDA G\u00d6C\u00dcK Edinilen bilgilere g\u00f6re, Ordu-\u00c7ama\u015f karayolu yak\u0131n\u0131nda bulunan bir ta\u015f oca\u011f\u0131nda \u00e7al\u0131\u015fma s\u0131ras\u0131nda g\u00f6\u00e7\u00fck meydana geldi. Olay s\u0131ras\u0131nda [&hellip;]<\/p>\n","protected":false},"author":1,"featured_media":6394,"comment_status":"open","ping_status":"open","sticky":false,"template":"","format":"standard","meta":{"footnotes":""},"categories":[1],"tags":[548,734,2137,2136,947],"class_list":["post-6389","post","type-post","status-publish","format-standard","has-post-thumbnail","hentry","category-gundem","tag-3-sayfa","tag-afad","tag-fatsa","tag-itfaiye","tag-ordu"],"_links":{"self":[{"href":"https:\/\/www.trabzonmanset.com\/index.php\/wp-json\/wp\/v2\/posts\/6389","targetHints":{"allow":["GET"]}}],"collection":[{"href":"https:\/\/www.trabzonmanset.com\/index.php\/wp-json\/wp\/v2\/posts"}],"about":[{"href":"https:\/\/www.trabzonmanset.com\/index.php\/wp-json\/wp\/v2\/types\/post"}],"author":[{"embeddable":true,"href":"https:\/\/www.trabzonmanset.com\/index.php\/wp-json\/wp\/v2\/users\/1"}],"replies":[{"embeddable":true,"href":"https:\/\/www.trabzonmanset.com\/index.php\/wp-json\/wp\/v2\/comments?post=6389"}],"version-history":[{"count":1,"href":"https:\/\/www.trabzonmanset.com\/index.php\/wp-json\/wp\/v2\/posts\/6389\/revisions"}],"predecessor-version":[{"id":6397,"href":"https:\/\/www.trabzonmanset.com\/index.php\/wp-json\/wp\/v2\/posts\/6389\/revisions\/6397"}],"wp:featuredmedia":[{"embeddable":true,"href":"https:\/\/www.trabzonmanset.com\/index.php\/wp-json\/wp\/v2\/media\/6394"}],"wp:attachment":[{"href":"https:\/\/www.trabzonmanset.com\/index.php\/wp-json\/wp\/v2\/media?parent=6389"}],"wp:term":[{"taxonomy":"category","embeddable":true,"href":"https:\/\/www.trabzonmanset.com\/index.php\/wp-json\/wp\/v2\/categories?post=6389"},{"taxonomy":"post_tag","embeddable":true,"href":"https:\/\/www.trabzonmanset.com\/index.php\/wp-json\/wp\/v2\/tags?post=6389"}],"curies":[{"name":"wp","href":"https:\/\/api.w.org\/{rel}","templated":true}]}}