{"id":6385,"date":"2025-11-05T19:20:00","date_gmt":"2025-11-05T16:20:00","guid":{"rendered":"https:\/\/www.trabzonmanset.com\/?p=6385"},"modified":"2025-11-05T20:47:56","modified_gmt":"2025-11-05T17:47:56","slug":"ruzgar-farkli-esiyor-diyen-ak-partili-samil-tayyarin-ocalan-uyarisi-bomba","status":"publish","type":"post","link":"https:\/\/www.trabzonmanset.com\/index.php\/2025\/11\/05\/ruzgar-farkli-esiyor-diyen-ak-partili-samil-tayyarin-ocalan-uyarisi-bomba\/","title":{"rendered":"&#8220;R\u00fczgar farkl\u0131 esiyor&#8221; diyen AK Partili \u015eamil Tayyar&#8217;\u0131n, \u00d6calan uyar\u0131s\u0131 bomba"},"content":{"rendered":"\n<p>&#8216;Ter\u00f6rs\u00fcz T\u00fcrkiye&#8217; s\u00fcrecine ili\u015fkin dikkat \u00e7eken de\u011ferlendirmelerde bulunan AK Parti eski Milletvekili \u015eamil Tayyar, ter\u00f6r \u00f6rg\u00fct\u00fc PKK eleba\u015f\u0131 Abdullah \u00d6calan&#8217;\u0131n s\u00fcrece dahil edilmesinin kamuoyunda ciddi tepki do\u011furabilece\u011fini vurgulayarak, &#8221;Daha somut ve ikna edici ad\u0131mlara, \u00d6calan gibi alerjik simalar\u0131 g\u00f6z \u00f6n\u00fcnden uzak tutmaya ihtiya\u00e7 var. Aksi halde kamuoyu hassasiyeti dikkate al\u0131nmadan masa etraf\u0131nda y\u00fcr\u00fct\u00fclecek s\u00fcre\u00e7, \u00e7ok a\u011f\u0131r siyasi fatura \u00e7\u0131karabilir&#8221; ifadelerini kulland\u0131.<\/p>\n\n\n\n<p>AK Parti eski Milletvekili \u015eamil Tayyar, &#8216;Ter\u00f6rs\u00fcz T\u00fcrkiye&#8217; s\u00fcrecine ili\u015fkin dikkat \u00e7eken bir de\u011ferlendirmede bulundu. Tayyar, s\u00fcrecin sa\u011fl\u0131kl\u0131 ilerlemesi i\u00e7in &#8220;somut ad\u0131mlar&#8221; at\u0131lmas\u0131 gerekti\u011fini ve ter\u00f6r \u00f6rg\u00fct\u00fc PKK eleba\u015f\u0131 Abdullah \u00d6calan&#8217;\u0131n s\u00fcrece dahil edilmesinin kamuoyunda ciddi tepki do\u011furabilece\u011fini vurgulad\u0131.<\/p>\n\n\n\n<h3 class=\"wp-block-heading\">&#8220;SAHADA R\u00dcZGARLAR FARKLI ES\u0130YOR&#8221;<\/h3>\n\n\n\n<p>Sosyal medya hesab\u0131ndan payla\u015ft\u0131\u011f\u0131 de\u011ferlendirmesinde Tayyar, &#8220;\u00c7\u00f6z\u00fcm komisyonunun \u00d6calan&#8217;la g\u00f6r\u00fc\u015fmek i\u00e7in \u0130mral\u0131&#8217;ya gitmesi isteniyor. Hatta \u00d6calan&#8217;\u0131n Meclis&#8217;te konu\u015fmas\u0131 gerekti\u011fini s\u00f6yleyenler bile var. Karar Meclis&#8217;in, takdir kendilerinin. Lakin sahada r\u00fczgarlar farkl\u0131 esiyor.&#8221; ifadelerini kulland\u0131.<\/p>\n\n\n\n<p>Tayyar, kamuoyunda olu\u015fan g\u00fcven sorununa dikkat \u00e7ekerek, &#8220;Sembolik silah yakma ve kendini feshetmi\u015f \u00f6rg\u00fct\u00fcn emir komuta zinciri i\u00e7inde 25 mensubunu s\u0131n\u0131r d\u0131\u015f\u0131na \u00e7ekme karar\u0131na ili\u015fkin g\u00fcven sorunu var.&#8221; dedi.<\/p>\n\n\n\n<h3 class=\"wp-block-heading\">&#8220;KAMUOYUNU \u0130KNA ETMEK ZOR&#8221;<\/h3>\n\n\n\n<p>PKK&#8217;n\u0131n tasfiyesine ili\u015fkin hen\u00fcz yeterince somut ad\u0131m at\u0131lmad\u0131\u011f\u0131n\u0131 vurgulayan Tayyar, &#8220;PKK&#8217;n\u0131n tasfiyesine dair daha somut geli\u015fmeler ya\u015fanmad\u0131k\u00e7a, genel kamuoyunu ikna etmenin zor olaca\u011f\u0131 anla\u015f\u0131l\u0131yor.&#8221; yorumunda bulundu.<\/p>\n\n\n\n<h3 class=\"wp-block-heading\">&#8220;\u00d6CALAN NE KADAR G\u00d6R\u00dcN\u00dcR OLURSA, TEPK\u0130 O KADAR ARTIYOR&#8221;<\/h3>\n\n\n\n<p>Tayyar, \u00d6calan&#8217;\u0131n rol\u00fcne ili\u015fkin ise \u015funlar\u0131 s\u00f6yledi: &#8220;Bir de \u00d6calan meselesi var. \u00d6rg\u00fct \u00fczerindeki etkisinin aksine, s\u00fcre\u00e7te ne kadar g\u00f6r\u00fcn\u00fcr olursa o kadar tepki art\u0131yor.&#8221;<\/p>\n\n\n\n<h3 class=\"wp-block-heading\">&#8220;G\u00d6Z \u00d6N\u00dcNDEN UZAK TUTMAYA \u0130HT\u0130YA\u00c7 VAR&#8221;<\/h3>\n\n\n\n<p>S\u00fcrecin ba\u015far\u0131ya ula\u015fmas\u0131 i\u00e7in dikkatli ad\u0131mlar at\u0131lmas\u0131 gerekti\u011fini vurgulayan Tayyar, &#8220;Daha somut ve ikna edici ad\u0131mlara, \u00d6calan gibi alerjik simalar\u0131 g\u00f6z \u00f6n\u00fcnden uzak tutmaya ihtiya\u00e7 var. Aksi halde kamuoyu hassasiyeti dikkate al\u0131nmadan masa etraf\u0131nda y\u00fcr\u00fct\u00fclecek s\u00fcre\u00e7, \u00e7ok a\u011f\u0131r siyasi fatura \u00e7\u0131karabilir.&#8221; ifadelerini kulland\u0131.<\/p>\n\n\n\n<p><strong>Tayyar&#8217;\u0131n payla\u015f\u0131m\u0131 \u015fu \u015fekilde;<\/strong><\/p>\n\n\n\n<figure class=\"wp-block-image size-full\"><img loading=\"lazy\" decoding=\"async\" width=\"437\" height=\"583\" src=\"https:\/\/www.trabzonmanset.com\/wp-content\/uploads\/2025\/11\/ruzgar-farkli-esiyor-diyen-ak-partili-ismin-19223367_226_m.webp?wsr\" alt=\"\" class=\"wp-image-6386\" srcset=\"https:\/\/www.trabzonmanset.com\/wp-content\/uploads\/2025\/11\/ruzgar-farkli-esiyor-diyen-ak-partili-ismin-19223367_226_m.webp 437w, https:\/\/www.trabzonmanset.com\/wp-content\/uploads\/2025\/11\/ruzgar-farkli-esiyor-diyen-ak-partili-ismin-19223367_226_m-225x300.webp 225w\" sizes=\"auto, (max-width: 437px) 100vw, 437px\" \/><\/figure>\n\n\n\n<p><\/p>\n","protected":false},"excerpt":{"rendered":"<p>&#8216;Ter\u00f6rs\u00fcz T\u00fcrkiye&#8217; s\u00fcrecine ili\u015fkin dikkat \u00e7eken de\u011ferlendirmelerde bulunan AK Parti eski Milletvekili \u015eamil Tayyar, ter\u00f6r \u00f6rg\u00fct\u00fc PKK eleba\u015f\u0131 Abdullah \u00d6calan&#8217;\u0131n s\u00fcrece dahil edilmesinin kamuoyunda ciddi tepki do\u011furabilece\u011fini vurgulayarak, &#8221;Daha somut ve ikna edici ad\u0131mlara, \u00d6calan gibi alerjik simalar\u0131 g\u00f6z \u00f6n\u00fcnden uzak tutmaya ihtiya\u00e7 var. Aksi halde kamuoyu hassasiyeti dikkate al\u0131nmadan masa etraf\u0131nda y\u00fcr\u00fct\u00fclecek s\u00fcre\u00e7, \u00e7ok [&hellip;]<\/p>\n","protected":false},"author":1,"featured_media":6387,"comment_status":"open","ping_status":"open","sticky":false,"template":"","format":"standard","meta":{"footnotes":""},"categories":[1,632],"tags":[1482,562,544,132,1485,565,2135,567,154],"class_list":["post-6385","post","type-post","status-publish","format-standard","has-post-thumbnail","hentry","category-gundem","category-siyaset","tag-abdullah-ocalan","tag-ak-parti","tag-guvenlik","tag-milletvekili","tag-pkk","tag-politika","tag-samil-tayyar","tag-teror","tag-turkiye"],"_links":{"self":[{"href":"https:\/\/www.trabzonmanset.com\/index.php\/wp-json\/wp\/v2\/posts\/6385","targetHints":{"allow":["GET"]}}],"collection":[{"href":"https:\/\/www.trabzonmanset.com\/index.php\/wp-json\/wp\/v2\/posts"}],"about":[{"href":"https:\/\/www.trabzonmanset.com\/index.php\/wp-json\/wp\/v2\/types\/post"}],"author":[{"embeddable":true,"href":"https:\/\/www.trabzonmanset.com\/index.php\/wp-json\/wp\/v2\/users\/1"}],"replies":[{"embeddable":true,"href":"https:\/\/www.trabzonmanset.com\/index.php\/wp-json\/wp\/v2\/comments?post=6385"}],"version-history":[{"count":1,"href":"https:\/\/www.trabzonmanset.com\/index.php\/wp-json\/wp\/v2\/posts\/6385\/revisions"}],"predecessor-version":[{"id":6388,"href":"https:\/\/www.trabzonmanset.com\/index.php\/wp-json\/wp\/v2\/posts\/6385\/revisions\/6388"}],"wp:featuredmedia":[{"embeddable":true,"href":"https:\/\/www.trabzonmanset.com\/index.php\/wp-json\/wp\/v2\/media\/6387"}],"wp:attachment":[{"href":"https:\/\/www.trabzonmanset.com\/index.php\/wp-json\/wp\/v2\/media?parent=6385"}],"wp:term":[{"taxonomy":"category","embeddable":true,"href":"https:\/\/www.trabzonmanset.com\/index.php\/wp-json\/wp\/v2\/categories?post=6385"},{"taxonomy":"post_tag","embeddable":true,"href":"https:\/\/www.trabzonmanset.com\/index.php\/wp-json\/wp\/v2\/tags?post=6385"}],"curies":[{"name":"wp","href":"https:\/\/api.w.org\/{rel}","templated":true}]}}