{"id":6294,"date":"2025-11-02T16:37:00","date_gmt":"2025-11-02T13:37:00","guid":{"rendered":"https:\/\/www.trabzonmanset.com\/?p=6294"},"modified":"2025-11-02T21:40:20","modified_gmt":"2025-11-02T18:40:20","slug":"eser-ovet-kimdir","status":"publish","type":"post","link":"https:\/\/www.trabzonmanset.com\/index.php\/2025\/11\/02\/eser-ovet-kimdir\/","title":{"rendered":"Eser \u00d6vet kimdir"},"content":{"rendered":"\n<p>1976 y\u0131l\u0131nda d\u00fcnyaya gelen Eser \u00d6vet, 49 ya\u015f\u0131ndad\u0131r. T\u00fcrkiye g\u00fczeli ve Avrupa g\u00fczeli unvanlar\u0131na sahip Filiz Vural ile T\u00fcrk sinemas\u0131n\u0131n tan\u0131nm\u0131\u015f y\u00fczlerinden Engin \u00c7a\u011flar\u2019\u0131n (ger\u00e7ek ad\u0131yla \u00c7a\u011flan \u00d6vet) o\u011fludur.<\/p>\n\n\n\n<p>Ye\u015fil\u00e7am\u2019\u0131n unutulmaz j\u00f6nlerinden Engin \u00c7a\u011flar\u2019\u0131n 1 Kas\u0131m 2025\u2019te hayat\u0131n\u0131 kaybetmesinin ard\u0131ndan, g\u00f6zler o\u011flu Eser \u00d6vet\u2019e \u00e7evrildi. Kamuoyundan uzak bir ya\u015fam s\u00fcrd\u00fc\u011f\u00fc bilinen \u00d6vet\u2019in kim oldu\u011fu, ka\u00e7 ya\u015f\u0131nda oldu\u011fu ve ailesiyle ili\u015fkisi merak konusu oldu.<\/p>\n\n\n\n<p><strong>Eser \u00d6vet kimdir?<\/strong><\/p>\n\n\n\n<p>1976 y\u0131l\u0131nda d\u00fcnyaya gelen Eser \u00d6vet, 49 ya\u015f\u0131ndad\u0131r. T\u00fcrkiye g\u00fczeli ve Avrupa g\u00fczeli unvanlar\u0131na sahip Filiz Vural ile T\u00fcrk sinemas\u0131n\u0131n tan\u0131nm\u0131\u015f y\u00fczlerinden Engin \u00c7a\u011flar\u2019\u0131n (ger\u00e7ek ad\u0131yla \u00c7a\u011flan \u00d6vet) o\u011fludur.<\/p>\n\n\n\n<p>Her ne kadar babas\u0131 gibi kamera \u00f6n\u00fcnde bir kariyer tercih etmese de, ailesinin Ye\u015fil\u00e7am\u2019daki ge\u00e7mi\u015fi nedeniyle zaman zaman g\u00fcndeme gelen isimlerden biridir. Medyadan uzak durmay\u0131 se\u00e7en \u00d6vet, \u00f6zel hayat\u0131n\u0131 gizli ya\u015fayan sakin karakteriyle tan\u0131n\u0131yor.<\/p>\n\n\n\n<p><strong>Soyad\u0131 neden farkl\u0131?<\/strong><\/p>\n\n\n\n<p>Baz\u0131 kaynaklarda \u201cEser \u00c7a\u011flar\u201d ismiyle de an\u0131lan \u00d6vet\u2019in soyad\u0131 konusunda kar\u0131\u015f\u0131kl\u0131k ya\u015fanmas\u0131n\u0131n nedeni, babas\u0131 Engin \u00c7a\u011flar\u2019\u0131n ger\u00e7ek ad\u0131n\u0131n \u00c7a\u011flan \u00d6vet olmas\u0131d\u0131r. Bu nedenle sanat camias\u0131nda kullan\u0131lan \u201c\u00c7a\u011flar\u201d soyad\u0131 yerine, n\u00fcfus kayd\u0131nda yer alan \u201c\u00d6vet\u201d soyad\u0131 resmiyet ta\u015f\u0131maktad\u0131r.<\/p>\n\n\n\n<p><strong>Eser \u00d6vet kimin \u00e7ocu\u011fudur?<\/strong><\/p>\n\n\n\n<p>Baba: Engin \u00c7a\u011flar (\u00c7a\u011flan \u00d6vet)<\/p>\n\n\n\n<p>Anne: Filiz Vural (1970 T\u00fcrkiye G\u00fczeli \u2013 1972 Avrupa G\u00fczeli)<\/p>\n\n\n\n<p>Karde\u015fleri: Eser \u00d6vet ve \u00c7a\u011flan \u00d6vet olmak \u00fczere iki \u00e7ocuk oldu\u011fu bilinmektedir.<\/p>\n\n\n\n<p>Her iki karde\u015f de magazinden uzak, sade bir hayat s\u00fcrmektedir.<\/p>\n\n\n\n<p><strong>Engin \u00c7a\u011flar nas\u0131l vefat etti?<\/strong><\/p>\n\n\n\n<p>T\u00fcrk sinemas\u0131n\u0131n efsane akt\u00f6rlerinden Engin \u00c7a\u011flar, 1 Kas\u0131m 2025\u2019te \u0130stanbul \u015ei\u015fli\u2019de yolun kar\u015f\u0131s\u0131na ge\u00e7erken motosiklet \u00e7arpmas\u0131 sonucu a\u011f\u0131r yaraland\u0131. Hastanede yap\u0131lan t\u00fcm m\u00fcdahalelere ra\u011fmen 85 ya\u015f\u0131nda hayat\u0131n\u0131 kaybetti.<\/p>\n\n\n\n<p>2 Kas\u0131m 2025\u2019te \u015ei\u015fli Merkez Camii\u2019nde k\u0131l\u0131nan cenaze namaz\u0131n\u0131n ard\u0131ndan Zincirlikuyu Mezarl\u0131\u011f\u0131\u2019ndaki aile kabristan\u0131na defnedildi. Sanat d\u00fcnyas\u0131ndan bir\u00e7ok isim ve Film-San Vakf\u0131, usta oyuncu i\u00e7in taziye mesajlar\u0131 yay\u0131mlad\u0131.<\/p>\n\n\n\n<p><\/p>\n","protected":false},"excerpt":{"rendered":"<p>1976 y\u0131l\u0131nda d\u00fcnyaya gelen Eser \u00d6vet, 49 ya\u015f\u0131ndad\u0131r. T\u00fcrkiye g\u00fczeli ve Avrupa g\u00fczeli unvanlar\u0131na sahip Filiz Vural ile T\u00fcrk sinemas\u0131n\u0131n tan\u0131nm\u0131\u015f y\u00fczlerinden Engin \u00c7a\u011flar\u2019\u0131n (ger\u00e7ek ad\u0131yla \u00c7a\u011flan \u00d6vet) o\u011fludur. Ye\u015fil\u00e7am\u2019\u0131n unutulmaz j\u00f6nlerinden Engin \u00c7a\u011flar\u2019\u0131n 1 Kas\u0131m 2025\u2019te hayat\u0131n\u0131 kaybetmesinin ard\u0131ndan, g\u00f6zler o\u011flu Eser \u00d6vet\u2019e \u00e7evrildi. Kamuoyundan uzak bir ya\u015fam s\u00fcrd\u00fc\u011f\u00fc bilinen \u00d6vet\u2019in kim oldu\u011fu, ka\u00e7 [&hellip;]<\/p>\n","protected":false},"author":1,"featured_media":6295,"comment_status":"open","ping_status":"open","sticky":false,"template":"","format":"standard","meta":{"footnotes":""},"categories":[1405,1349],"tags":[2086,2087],"class_list":["post-6294","post","type-post","status-publish","format-standard","has-post-thumbnail","hentry","category-magazin","category-yasam","tag-engin-caglar","tag-eser-ovet"],"_links":{"self":[{"href":"https:\/\/www.trabzonmanset.com\/index.php\/wp-json\/wp\/v2\/posts\/6294","targetHints":{"allow":["GET"]}}],"collection":[{"href":"https:\/\/www.trabzonmanset.com\/index.php\/wp-json\/wp\/v2\/posts"}],"about":[{"href":"https:\/\/www.trabzonmanset.com\/index.php\/wp-json\/wp\/v2\/types\/post"}],"author":[{"embeddable":true,"href":"https:\/\/www.trabzonmanset.com\/index.php\/wp-json\/wp\/v2\/users\/1"}],"replies":[{"embeddable":true,"href":"https:\/\/www.trabzonmanset.com\/index.php\/wp-json\/wp\/v2\/comments?post=6294"}],"version-history":[{"count":1,"href":"https:\/\/www.trabzonmanset.com\/index.php\/wp-json\/wp\/v2\/posts\/6294\/revisions"}],"predecessor-version":[{"id":6296,"href":"https:\/\/www.trabzonmanset.com\/index.php\/wp-json\/wp\/v2\/posts\/6294\/revisions\/6296"}],"wp:featuredmedia":[{"embeddable":true,"href":"https:\/\/www.trabzonmanset.com\/index.php\/wp-json\/wp\/v2\/media\/6295"}],"wp:attachment":[{"href":"https:\/\/www.trabzonmanset.com\/index.php\/wp-json\/wp\/v2\/media?parent=6294"}],"wp:term":[{"taxonomy":"category","embeddable":true,"href":"https:\/\/www.trabzonmanset.com\/index.php\/wp-json\/wp\/v2\/categories?post=6294"},{"taxonomy":"post_tag","embeddable":true,"href":"https:\/\/www.trabzonmanset.com\/index.php\/wp-json\/wp\/v2\/tags?post=6294"}],"curies":[{"name":"wp","href":"https:\/\/api.w.org\/{rel}","templated":true}]}}