{"id":6206,"date":"2025-10-31T21:01:28","date_gmt":"2025-10-31T18:01:28","guid":{"rendered":"https:\/\/www.trabzonmanset.com\/?p=6206"},"modified":"2025-10-31T21:01:29","modified_gmt":"2025-10-31T18:01:29","slug":"trabzonsporda-bir-veda-daha-oyuncu-ile-yollar-resmen-ayrildi","status":"publish","type":"post","link":"https:\/\/www.trabzonmanset.com\/index.php\/2025\/10\/31\/trabzonsporda-bir-veda-daha-oyuncu-ile-yollar-resmen-ayrildi\/","title":{"rendered":"Trabzonspor&#8217;da bir veda daha: Oyuncu ile yollar resmen ayr\u0131ld\u0131"},"content":{"rendered":"\n<p>Trabzonspor Basketbol Kul\u00fcb\u00fc, k\u0131sa forvet pozisyonunda g\u00f6rev alan tecr\u00fcbeli oyuncu Okben Ulubay ile yollar\u0131n\u0131 ay\u0131rd\u0131\u011f\u0131n\u0131 resmen duyurdu.<\/p>\n\n\n\n<p>Trabzonspor Basketbol Kul\u00fcb\u00fc, 2 metre 1 santimetre boyundaki k\u0131sa forvet oyuncusu Okben Ulubay ile yollar\u0131n\u0131n ayr\u0131ld\u0131\u011f\u0131n\u0131 a\u00e7\u0131klad\u0131. Kul\u00fcp taraf\u0131ndan yap\u0131lan resmi duyuruda, Okben Ulubay&#8217;\u0131n tak\u0131ma sa\u011flad\u0131\u011f\u0131 katk\u0131lardan dolay\u0131 minnettarl\u0131k dile getirildi.<\/p>\n\n\n\n<p>A\u00e7\u0131klamada, &#8220;Kendisine bug\u00fcne kadarki de\u011ferli katk\u0131lar\u0131ndan dolay\u0131 te\u015fekk\u00fcr eder, yeni kariyerinde ba\u015far\u0131lar dileriz&#8221; ifadelerine yer verildi. Bu veda mesaj\u0131, 29 ya\u015f\u0131ndaki T\u00fcrk profesyonel basketbolcunun Bordo-Mavili ekipten ayr\u0131l\u0131\u015f\u0131n\u0131 resmile\u015ftirdi.<\/p>\n\n\n\n<p><strong>K\u0131sa Forvet Ulubay&#8217;\u0131n Yeni Dura\u011f\u0131 Merak Ediliyor<\/strong><\/p>\n\n\n\n<p>Basketbol kariyerine k\u0131sa forvet pozisyonunda devam eden Okben Ulubay&#8217;\u0131n Trabzonspor&#8217;dan ayr\u0131lmas\u0131yla birlikte, tecr\u00fcbeli oyuncunun hangi tak\u0131m\u0131n formas\u0131n\u0131 giyece\u011fi spor kamuoyunda merak konusu oldu. Ulubay&#8217;\u0131n k\u0131sa s\u00fcre i\u00e7inde yeni adresini a\u00e7\u0131klamas\u0131 bekleniyor.<\/p>\n\n\n\n<figure class=\"wp-block-image size-full\"><img loading=\"lazy\" decoding=\"async\" width=\"370\" height=\"600\" src=\"https:\/\/www.trabzonmanset.com\/wp-content\/uploads\/2025\/10\/ts.jpg?wsr\" alt=\"\" class=\"wp-image-6207\" srcset=\"https:\/\/www.trabzonmanset.com\/wp-content\/uploads\/2025\/10\/ts.jpg 370w, https:\/\/www.trabzonmanset.com\/wp-content\/uploads\/2025\/10\/ts-185x300.jpg 185w\" sizes=\"auto, (max-width: 370px) 100vw, 370px\" \/><\/figure>\n\n\n\n<p><\/p>\n","protected":false},"excerpt":{"rendered":"<p>Trabzonspor Basketbol Kul\u00fcb\u00fc, k\u0131sa forvet pozisyonunda g\u00f6rev alan tecr\u00fcbeli oyuncu Okben Ulubay ile yollar\u0131n\u0131 ay\u0131rd\u0131\u011f\u0131n\u0131 resmen duyurdu. Trabzonspor Basketbol Kul\u00fcb\u00fc, 2 metre 1 santimetre boyundaki k\u0131sa forvet oyuncusu Okben Ulubay ile yollar\u0131n\u0131n ayr\u0131ld\u0131\u011f\u0131n\u0131 a\u00e7\u0131klad\u0131. Kul\u00fcp taraf\u0131ndan yap\u0131lan resmi duyuruda, Okben Ulubay&#8217;\u0131n tak\u0131ma sa\u011flad\u0131\u011f\u0131 katk\u0131lardan dolay\u0131 minnettarl\u0131k dile getirildi. A\u00e7\u0131klamada, &#8220;Kendisine bug\u00fcne kadarki de\u011ferli katk\u0131lar\u0131ndan dolay\u0131 [&hellip;]<\/p>\n","protected":false},"author":1,"featured_media":6208,"comment_status":"open","ping_status":"open","sticky":false,"template":"","format":"standard","meta":{"footnotes":""},"categories":[14],"tags":[2041,448,2040],"class_list":["post-6206","post","type-post","status-publish","format-standard","has-post-thumbnail","hentry","category-spor","tag-okben-ulubay","tag-trabzonspor","tag-trabzonspor-basketbol-kulubu"],"_links":{"self":[{"href":"https:\/\/www.trabzonmanset.com\/index.php\/wp-json\/wp\/v2\/posts\/6206","targetHints":{"allow":["GET"]}}],"collection":[{"href":"https:\/\/www.trabzonmanset.com\/index.php\/wp-json\/wp\/v2\/posts"}],"about":[{"href":"https:\/\/www.trabzonmanset.com\/index.php\/wp-json\/wp\/v2\/types\/post"}],"author":[{"embeddable":true,"href":"https:\/\/www.trabzonmanset.com\/index.php\/wp-json\/wp\/v2\/users\/1"}],"replies":[{"embeddable":true,"href":"https:\/\/www.trabzonmanset.com\/index.php\/wp-json\/wp\/v2\/comments?post=6206"}],"version-history":[{"count":1,"href":"https:\/\/www.trabzonmanset.com\/index.php\/wp-json\/wp\/v2\/posts\/6206\/revisions"}],"predecessor-version":[{"id":6209,"href":"https:\/\/www.trabzonmanset.com\/index.php\/wp-json\/wp\/v2\/posts\/6206\/revisions\/6209"}],"wp:featuredmedia":[{"embeddable":true,"href":"https:\/\/www.trabzonmanset.com\/index.php\/wp-json\/wp\/v2\/media\/6208"}],"wp:attachment":[{"href":"https:\/\/www.trabzonmanset.com\/index.php\/wp-json\/wp\/v2\/media?parent=6206"}],"wp:term":[{"taxonomy":"category","embeddable":true,"href":"https:\/\/www.trabzonmanset.com\/index.php\/wp-json\/wp\/v2\/categories?post=6206"},{"taxonomy":"post_tag","embeddable":true,"href":"https:\/\/www.trabzonmanset.com\/index.php\/wp-json\/wp\/v2\/tags?post=6206"}],"curies":[{"name":"wp","href":"https:\/\/api.w.org\/{rel}","templated":true}]}}