{"id":6197,"date":"2025-10-30T16:12:00","date_gmt":"2025-10-30T13:12:00","guid":{"rendered":"https:\/\/www.trabzonmanset.com\/?p=6197"},"modified":"2025-10-30T22:15:50","modified_gmt":"2025-10-30T19:15:50","slug":"almanya-basbakaninin-sozleri-cumhurbaskani-erdogani-kizdirdi-bunu-gormuyor-musun","status":"publish","type":"post","link":"https:\/\/www.trabzonmanset.com\/index.php\/2025\/10\/30\/almanya-basbakaninin-sozleri-cumhurbaskani-erdogani-kizdirdi-bunu-gormuyor-musun\/","title":{"rendered":"Almanya Ba\u015fbakan\u0131&#8217;n\u0131n s\u00f6zleri Cumhurba\u015fkan\u0131 Erdo\u011fan&#8217;\u0131 k\u0131zd\u0131rd\u0131: Bunu g\u00f6rm\u00fcyor musun?"},"content":{"rendered":"\n<p>Cumhurba\u015fkan\u0131 Erdo\u011fan, Cumhurba\u015fkanl\u0131\u011f\u0131 K\u00fclliyesi&#8217;nde Almanya Ba\u015fbakan\u0131 Friedrich Merz&#8217;i kabul etti. G\u00f6r\u00fc\u015fme sonras\u0131 kameralar kar\u015f\u0131s\u0131na ge\u00e7en iki lider aras\u0131nda Gazze meselesi y\u00fcz\u00fcnden k\u0131sa s\u00fcreli gerginlik ya\u015fand\u0131.<\/p>\n\n\n\n<p>Cumhurba\u015fkan\u0131 Recep Tayyip Erdo\u011fan, Cumhurba\u015fkanl\u0131\u011f\u0131 K\u00fclliyesi&#8217;nde Almanya Ba\u015fbakan\u0131 Friedrich Merz&#8217;i kabul etti. Heyetler aras\u0131 g\u00f6r\u00fc\u015fme sonras\u0131 Merz ile Erdo\u011fan ortak bas\u0131n toplant\u0131s\u0131 d\u00fczenledi.<\/p>\n\n\n\n<h3 class=\"wp-block-heading\">&#8220;ALMANYA HER ZAMAN \u0130SRA\u0130L&#8217;\u0130N YANINDADIR&#8221;<\/h3>\n\n\n\n<p>Soru cevap k\u0131sm\u0131nda Alman lider, Gazze konusunda \u0130srail&#8217;e destek vermeleriyle ilgili y\u00f6neltilen bir soruya &#8220;Federal devlet \u0130srail kuruldu\u011fundan beri yan\u0131ndad\u0131r. Bu \u00fclke milyonlarca Yahudi i\u00e7in s\u0131\u011f\u0131naca\u011f\u0131 bir \u00fclke oldu. Bu nedenle Almanya her zaman \u0130srail&#8217;in yan\u0131nda duracakt\u0131r. 7 Ekim&#8217;den beri de \u0130srail&#8217;in yan\u0131nday\u0131z&#8221; yan\u0131t\u0131n\u0131 verdi.<\/p>\n\n\n\n<figure class=\"wp-block-image size-full\"><img loading=\"lazy\" decoding=\"async\" width=\"640\" height=\"441\" src=\"https:\/\/www.trabzonmanset.com\/wp-content\/uploads\/2025\/10\/almanya-basbakani-nin-sozleri-cumhurbaskani-19202484_2543_m.png?wsr\" alt=\"\" class=\"wp-image-6198\" srcset=\"https:\/\/www.trabzonmanset.com\/wp-content\/uploads\/2025\/10\/almanya-basbakani-nin-sozleri-cumhurbaskani-19202484_2543_m.png 640w, https:\/\/www.trabzonmanset.com\/wp-content\/uploads\/2025\/10\/almanya-basbakani-nin-sozleri-cumhurbaskani-19202484_2543_m-300x207.png 300w\" sizes=\"auto, (max-width: 640px) 100vw, 640px\" \/><\/figure>\n\n\n\n<h3 class=\"wp-block-heading\">&#8220;BUNU G\u00d6RM\u00dcYOR MUSUNUZ?&#8221;<\/h3>\n\n\n\n<p>Bu s\u00f6zler sonras\u0131 devreye giren Cumhurba\u015fkan\u0131 Erdo\u011fan ise, &#8220;Say\u0131n \u015eans\u00f6lyenin konu\u015fmas\u0131ndaki bir k\u0131sma kat\u0131lm\u0131yorum. S\u00fcre\u00e7 i\u00e7erisinde ne yaz\u0131k ki 60 bini a\u015fk\u0131n \u00e7ocuk, kad\u0131n, ya\u015fl\u0131 burada \u00f6ld\u00fcr\u00fclm\u00fc\u015ft\u00fcr. Hamas&#8217;\u0131n elinde bombalar, n\u00fckleer silah yok. Bu silahlar\u0131n hepsi \u0130srail&#8217;in elinde var. D\u00fcn ak\u015fam yine bu bombalar\u0131 kullanarak Gazze&#8217;yi vurmu\u015ftur. Almanya olarak bunu g\u00f6rm\u00fcyor musunuz? Gazze&#8217;yi a\u00e7l\u0131kla terbiye etmenin gayreti i\u00e7inde olmu\u015flard\u0131r ve bu halen devam etmektedir&#8221; dedi.<\/p>\n\n\n\n<p><\/p>\n","protected":false},"excerpt":{"rendered":"<p>Cumhurba\u015fkan\u0131 Erdo\u011fan, Cumhurba\u015fkanl\u0131\u011f\u0131 K\u00fclliyesi&#8217;nde Almanya Ba\u015fbakan\u0131 Friedrich Merz&#8217;i kabul etti. G\u00f6r\u00fc\u015fme sonras\u0131 kameralar kar\u015f\u0131s\u0131na ge\u00e7en iki lider aras\u0131nda Gazze meselesi y\u00fcz\u00fcnden k\u0131sa s\u00fcreli gerginlik ya\u015fand\u0131. Cumhurba\u015fkan\u0131 Recep Tayyip Erdo\u011fan, Cumhurba\u015fkanl\u0131\u011f\u0131 K\u00fclliyesi&#8217;nde Almanya Ba\u015fbakan\u0131 Friedrich Merz&#8217;i kabul etti. Heyetler aras\u0131 g\u00f6r\u00fc\u015fme sonras\u0131 Merz ile Erdo\u011fan ortak bas\u0131n toplant\u0131s\u0131 d\u00fczenledi. &#8220;ALMANYA HER ZAMAN \u0130SRA\u0130L&#8217;\u0130N YANINDADIR&#8221; Soru cevap [&hellip;]<\/p>\n","protected":false},"author":1,"featured_media":6199,"comment_status":"open","ping_status":"open","sticky":false,"template":"","format":"standard","meta":{"footnotes":""},"categories":[127,11],"tags":[1422,846,2037],"class_list":["post-6197","post","type-post","status-publish","format-standard","has-post-thumbnail","hentry","category-dunya","category-manset","tag-almanya","tag-cumhurbaskani-erdogan","tag-friedrich-merz"],"_links":{"self":[{"href":"https:\/\/www.trabzonmanset.com\/index.php\/wp-json\/wp\/v2\/posts\/6197","targetHints":{"allow":["GET"]}}],"collection":[{"href":"https:\/\/www.trabzonmanset.com\/index.php\/wp-json\/wp\/v2\/posts"}],"about":[{"href":"https:\/\/www.trabzonmanset.com\/index.php\/wp-json\/wp\/v2\/types\/post"}],"author":[{"embeddable":true,"href":"https:\/\/www.trabzonmanset.com\/index.php\/wp-json\/wp\/v2\/users\/1"}],"replies":[{"embeddable":true,"href":"https:\/\/www.trabzonmanset.com\/index.php\/wp-json\/wp\/v2\/comments?post=6197"}],"version-history":[{"count":1,"href":"https:\/\/www.trabzonmanset.com\/index.php\/wp-json\/wp\/v2\/posts\/6197\/revisions"}],"predecessor-version":[{"id":6200,"href":"https:\/\/www.trabzonmanset.com\/index.php\/wp-json\/wp\/v2\/posts\/6197\/revisions\/6200"}],"wp:featuredmedia":[{"embeddable":true,"href":"https:\/\/www.trabzonmanset.com\/index.php\/wp-json\/wp\/v2\/media\/6199"}],"wp:attachment":[{"href":"https:\/\/www.trabzonmanset.com\/index.php\/wp-json\/wp\/v2\/media?parent=6197"}],"wp:term":[{"taxonomy":"category","embeddable":true,"href":"https:\/\/www.trabzonmanset.com\/index.php\/wp-json\/wp\/v2\/categories?post=6197"},{"taxonomy":"post_tag","embeddable":true,"href":"https:\/\/www.trabzonmanset.com\/index.php\/wp-json\/wp\/v2\/tags?post=6197"}],"curies":[{"name":"wp","href":"https:\/\/api.w.org\/{rel}","templated":true}]}}