{"id":6169,"date":"2025-10-29T23:57:52","date_gmt":"2025-10-29T20:57:52","guid":{"rendered":"https:\/\/www.trabzonmanset.com\/?p=6169"},"modified":"2025-10-29T23:57:53","modified_gmt":"2025-10-29T20:57:53","slug":"organize-sanayi-bolgesinde-geri-donusum-fabrikasinda-yangin","status":"publish","type":"post","link":"https:\/\/www.trabzonmanset.com\/index.php\/2025\/10\/29\/organize-sanayi-bolgesinde-geri-donusum-fabrikasinda-yangin\/","title":{"rendered":"Organize Sanayi B\u00f6lgesi\u2019nde geri d\u00f6n\u00fc\u015f\u00fcm fabrikas\u0131nda yang\u0131n"},"content":{"rendered":"\n<p>Samsun\u2019un Bafra il\u00e7esindeki Organize Sanayi B\u00f6lgesi\u2019nde bulunan geri d\u00f6n\u00fc\u015f\u00fcm fabrikas\u0131nda \u00e7\u0131kan yang\u0131n k\u0131sa s\u00fcrede b\u00fcy\u00fcd\u00fc.<\/p>\n\n\n\n<p>Samsun&#8217;un Bafra il\u00e7esinde geri d\u00f6n\u00fc\u015f\u00fcm fabrikas\u0131nda \u00e7\u0131kan yang\u0131na m\u00fcdahale ediliyor.<\/p>\n\n\n\n<p>Organize Sanayi B\u00f6lgesi&#8217;ndeki geri d\u00f6n\u00fc\u015f\u00fcm fabrikas\u0131nda hen\u00fcz belirlenemeyen nedenle yang\u0131n \u00e7\u0131kt\u0131. K\u0131sa s\u00fcrede alevlerin tesisteki di\u011fer b\u00f6l\u00fcmlere s\u0131\u00e7ramas\u0131yla yang\u0131n b\u00fcy\u00fcd\u00fc.<\/p>\n\n\n\n<p>\u0130hbar \u00fczerine olay yerine \u00e7ok say\u0131da itfaiye ve jandarma ekibi sevk edildi. Fabrikan\u0131n \u00e7evresinde g\u00fcvenlik \u00f6nlemi al\u0131nd\u0131.<\/p>\n\n\n\n<p>\u0130tfaiye ekiplerinin yang\u0131na m\u00fcdahalesi s\u00fcr\u00fcyor.<\/p>\n\n\n\n<p>\u00d6te yandan, \u00e7evre il\u00e7elerdeki itfaiye ekiplerinin de b\u00f6lgeye sevk edildi\u011fi bildirildi.<\/p>\n\n\n\n<p>Kaynak:AA<\/p>\n","protected":false},"excerpt":{"rendered":"<p>Samsun\u2019un Bafra il\u00e7esindeki Organize Sanayi B\u00f6lgesi\u2019nde bulunan geri d\u00f6n\u00fc\u015f\u00fcm fabrikas\u0131nda \u00e7\u0131kan yang\u0131n k\u0131sa s\u00fcrede b\u00fcy\u00fcd\u00fc. Samsun&#8217;un Bafra il\u00e7esinde geri d\u00f6n\u00fc\u015f\u00fcm fabrikas\u0131nda \u00e7\u0131kan yang\u0131na m\u00fcdahale ediliyor. Organize Sanayi B\u00f6lgesi&#8217;ndeki geri d\u00f6n\u00fc\u015f\u00fcm fabrikas\u0131nda hen\u00fcz belirlenemeyen nedenle yang\u0131n \u00e7\u0131kt\u0131. K\u0131sa s\u00fcrede alevlerin tesisteki di\u011fer b\u00f6l\u00fcmlere s\u0131\u00e7ramas\u0131yla yang\u0131n b\u00fcy\u00fcd\u00fc. \u0130hbar \u00fczerine olay yerine \u00e7ok say\u0131da itfaiye ve jandarma ekibi [&hellip;]<\/p>\n","protected":false},"author":1,"featured_media":6170,"comment_status":"open","ping_status":"open","sticky":false,"template":"","format":"standard","meta":{"footnotes":""},"categories":[1],"tags":[1097,606,609,712],"class_list":["post-6169","post","type-post","status-publish","format-standard","has-post-thumbnail","hentry","category-gundem","tag-jandarma","tag-samsun","tag-samsun-yangin","tag-trabzon-manset"],"_links":{"self":[{"href":"https:\/\/www.trabzonmanset.com\/index.php\/wp-json\/wp\/v2\/posts\/6169","targetHints":{"allow":["GET"]}}],"collection":[{"href":"https:\/\/www.trabzonmanset.com\/index.php\/wp-json\/wp\/v2\/posts"}],"about":[{"href":"https:\/\/www.trabzonmanset.com\/index.php\/wp-json\/wp\/v2\/types\/post"}],"author":[{"embeddable":true,"href":"https:\/\/www.trabzonmanset.com\/index.php\/wp-json\/wp\/v2\/users\/1"}],"replies":[{"embeddable":true,"href":"https:\/\/www.trabzonmanset.com\/index.php\/wp-json\/wp\/v2\/comments?post=6169"}],"version-history":[{"count":1,"href":"https:\/\/www.trabzonmanset.com\/index.php\/wp-json\/wp\/v2\/posts\/6169\/revisions"}],"predecessor-version":[{"id":6171,"href":"https:\/\/www.trabzonmanset.com\/index.php\/wp-json\/wp\/v2\/posts\/6169\/revisions\/6171"}],"wp:featuredmedia":[{"embeddable":true,"href":"https:\/\/www.trabzonmanset.com\/index.php\/wp-json\/wp\/v2\/media\/6170"}],"wp:attachment":[{"href":"https:\/\/www.trabzonmanset.com\/index.php\/wp-json\/wp\/v2\/media?parent=6169"}],"wp:term":[{"taxonomy":"category","embeddable":true,"href":"https:\/\/www.trabzonmanset.com\/index.php\/wp-json\/wp\/v2\/categories?post=6169"},{"taxonomy":"post_tag","embeddable":true,"href":"https:\/\/www.trabzonmanset.com\/index.php\/wp-json\/wp\/v2\/tags?post=6169"}],"curies":[{"name":"wp","href":"https:\/\/api.w.org\/{rel}","templated":true}]}}