{"id":6133,"date":"2025-10-28T23:04:01","date_gmt":"2025-10-28T20:04:01","guid":{"rendered":"https:\/\/www.trabzonmanset.com\/?p=6133"},"modified":"2025-10-28T23:04:03","modified_gmt":"2025-10-28T20:04:03","slug":"israil-basbakani-netanyahu-orduya-gazzeye-saldiri-emri-verdi","status":"publish","type":"post","link":"https:\/\/www.trabzonmanset.com\/index.php\/2025\/10\/28\/israil-basbakani-netanyahu-orduya-gazzeye-saldiri-emri-verdi\/","title":{"rendered":"\u0130srail Ba\u015fbakan\u0131 Netanyahu, orduya Gazze&#8217;ye sald\u0131r\u0131 emri verdi"},"content":{"rendered":"\n<p>\u0130srail Ba\u015fbakan\u0131 Binyamin Netanyahu, ate\u015fkesin devam etti\u011fi Gazze \u015eeridi&#8217;ne derhal g\u00fc\u00e7l\u00fc sald\u0131r\u0131lar d\u00fczenlenmesi talimat\u0131 verdi. Yerel bas\u0131n, a\u00e7\u0131klaman\u0131n yay\u0131nland\u0131\u011f\u0131 s\u0131ralarda \u0130srail ordusunun Gazze ve Refah kentlerine hava sald\u0131r\u0131s\u0131 d\u00fczenledi\u011fini aktard\u0131. Hamas ise geli\u015fmelerin ard\u0131ndan bug\u00fcn yap\u0131lmas\u0131 planlanan esir cenazelerinin tesliminin ertelendi\u011fini duyurdu.<\/p>\n\n\n\n<p>D\u00fcn kendilerine teslim edilen esir cesedinin \u0130srail ordusunun Aral\u0131k 2023&#8217;te Gazze \u015eeridi&#8217;nde buldu\u011fu esir Ofir Tzarfati&#8217;ne ait kal\u0131nt\u0131lar oldu\u011funu \u00f6ne s\u00fcrerek Hamas&#8217;\u0131 &#8220;ate\u015fkesi ihlal etmekle&#8221; su\u00e7layan Tel Aviv y\u00f6netimi, Gazze&#8217;ye yeniden sald\u0131r\u0131 d\u00fczenledi.<\/p>\n\n\n\n<h3 class=\"wp-block-heading\">NETANYAHU&#8217;DAN GAZZE&#8217;YE &#8216;G\u00dc\u00c7L\u00dc SALDIRI&#8217; EMR\u0130<\/h3>\n\n\n\n<p>S\u00f6zde &#8220;ate\u015fkes ihlaline&#8221; yan\u0131t olarak at\u0131lacak ad\u0131mlar\u0131 g\u00f6r\u00fc\u015fmek \u00fczere g\u00fcvenlik yetkilileriyle bir toplant\u0131 ger\u00e7ekle\u015ftiren \u0130srail Ba\u015fbakan Binyamin Netanyahu, zirvenin ard\u0131ndan ate\u015fkesin devam etti\u011fi Gazze \u015eeridi&#8217;ne derhal g\u00fc\u00e7l\u00fc sald\u0131r\u0131lar d\u00fczenlenmesi talimat\u0131 verdi.<\/p>\n\n\n\n<h3 class=\"wp-block-heading\">GAZZE VE REFAH&#8217;A HAVA SALDIRISI<\/h3>\n\n\n\n<p>Yerel bas\u0131n, a\u00e7\u0131klaman\u0131n yay\u0131nland\u0131\u011f\u0131 s\u0131ralarda \u0130srail ordusunun Gazze ve g\u00fcneydeki Refah kentlerine hava sald\u0131r\u0131s\u0131 d\u00fczenledi\u011fini aktard\u0131. G\u00fcnd\u00fcz saatlerinde, Refah&#8217;ta \u0130srail askerlerine ate\u015f a\u00e7\u0131ld\u0131\u011f\u0131 iddia edilmi\u015fti.<\/p>\n\n\n\n<figure class=\"wp-block-image size-full\"><img loading=\"lazy\" decoding=\"async\" width=\"640\" height=\"360\" src=\"https:\/\/www.trabzonmanset.com\/wp-content\/uploads\/2025\/10\/israil-basbakani-netanyahu-orduya-gazze-ye-19196165_1294_m.png?wsr\" alt=\"\" class=\"wp-image-6134\" srcset=\"https:\/\/www.trabzonmanset.com\/wp-content\/uploads\/2025\/10\/israil-basbakani-netanyahu-orduya-gazze-ye-19196165_1294_m.png 640w, https:\/\/www.trabzonmanset.com\/wp-content\/uploads\/2025\/10\/israil-basbakani-netanyahu-orduya-gazze-ye-19196165_1294_m-300x169.png 300w\" sizes=\"auto, (max-width: 640px) 100vw, 640px\" \/><\/figure>\n\n\n\n<h3 class=\"wp-block-heading\">2 F\u0130L\u0130ST\u0130NL\u0130 \u00d6LD\u00dc, 4 K\u0130\u015e\u0130 DE YARALANDI<\/h3>\n\n\n\n<p>\u0130srail ordusuna ait insans\u0131z hava arac\u0131 Gazze kentinin bat\u0131s\u0131nda \u015eifa Hastanesinin \u00e7evresini ve arka bah\u00e7esini f\u00fczelerle hedef ald\u0131. \u0130srail sava\u015f u\u00e7aklar\u0131 Gazze kentinin bat\u0131s\u0131ndaki \u015eati M\u00fclteci Kamp\u0131&#8217;na hava sald\u0131r\u0131s\u0131 d\u00fczenledi. Gazze kentinin g\u00fcneyindeki Sabra Mahallesinde \u0130srail ordusunun bir evi bombalamas\u0131 sonucu \u00f6len ve yaralananlar oldu. Hedef al\u0131nan 3 katl\u0131 evin &#8220;El-Bena&#8221; ailesine ait oldu\u011fu \u00f6\u011frenildi. Gazze&#8217;deki Sivil Savunma M\u00fcd\u00fcrl\u00fc\u011f\u00fc, hedef al\u0131nan evde 2 Filistinlinin hayat\u0131n\u0131 kaybetti\u011fini, aralar\u0131nda bir bebek ve \u00e7ocu\u011fun da bulundu\u011fu 4 ki\u015finin yaraland\u0131\u011f\u0131n\u0131 duyurdu.<\/p>\n\n\n\n<h3 class=\"wp-block-heading\">ABD &#8220;GAZZE&#8217;DEK\u0130 \u0130\u015eGAL\u0130N GEN\u0130\u015eLET\u0130LMES\u0130NE&#8221; ONAY VERD\u0130<\/h3>\n\n\n\n<p>\u0130srail&#8217;de yay\u0131n yapan Kanal 13 televizyonuna konu\u015fan \u0130srailli bir yetkili, Netanyahu&#8217;nun toplant\u0131da, Gazze&#8217;de \u0130srail ordusunun i\u015fgalindeki &#8220;Sar\u0131 Hat&#8221;t\u0131n geni\u015fletilmesini g\u00f6r\u00fc\u015ft\u00fc\u011f\u00fcn\u00fc ve ABD y\u00f6netiminin bu konuda bilgilendirildi\u011fini aktard\u0131. Washington&#8217;\u0131n da \u0130srail ordusunun Gazze&#8217;deki i\u015fgalini geni\u015fletmesi anlam\u0131na gelen bu plana onay verdi\u011fi \u00f6ne s\u00fcr\u00fcld\u00fc.<\/p>\n\n\n\n<h3 class=\"wp-block-heading\">NETANYAHU &#8220;ABD \u0130LE KOORD\u0130NASYONA&#8221; \u0130\u015eARET ETT\u0130<\/h3>\n\n\n\n<p>\u00d6te yandan Kanal 12 televizyonuna konu\u015fan \u00fcst d\u00fczey \u0130srailli bir yetkili ise ate\u015fkesi ihlal etti\u011fi \u00f6ne s\u00fcr\u00fclen Hamas&#8217;a verilecek yan\u0131ta ili\u015fkin bir karara var\u0131lmad\u0131\u011f\u0131n\u0131 s\u00f6yledi. \u0130srail ordu yetkililerinin, g\u00fcvenlik isti\u015fare toplant\u0131s\u0131nda, Gazze&#8217;ye sald\u0131r\u0131lar\u0131n yeniden ba\u015flat\u0131lmas\u0131 dahil olmak \u00fczere bir dizi \u00f6neride bulundu\u011funu aktaran s\u00f6z konusu \u00fcst d\u00fczey yetkili, Netanyahu&#8217;nun toplant\u0131 sonunda hangi ad\u0131mlar\u0131n at\u0131labilece\u011fine ili\u015fkin ABD&#8217;lilerle koordinasyonun gerekli oldu\u011funa i\u015faret etti\u011fini kaydetti.<\/p>\n\n\n\n<h3 class=\"wp-block-heading\">HAMAS&#8217;I SU\u00c7LAYAN BAZI G\u00d6R\u00dcNT\u00dcLER YAYINLANDI<\/h3>\n\n\n\n<p>\u0130srail, Hamas&#8217;\u0131 Gazze&#8217;deki esirleri bir yere g\u00f6m\u00fclm\u00fc\u015f gibi g\u00f6sterip daha sonra Uluslaras\u0131 K\u0131z\u0131lha\u00e7 \u00d6rg\u00fct\u00fc ile kazarak bulmu\u015f gibi yapmakla su\u00e7lad\u0131\u011f\u0131 baz\u0131 g\u00f6r\u00fcnt\u00fcler yay\u0131nlad\u0131.<\/p>\n\n\n\n<h3 class=\"wp-block-heading\">HAMAS: ES\u0130R CENAZELER\u0130N\u0130N TESL\u0130M\u0130N\u0130 ERTELED\u0130K<\/h3>\n\n\n\n<p>S\u00f6z konusu geli\u015fmelerin ard\u0131ndan Hamas cephesinden bir a\u00e7\u0131klama geldi. A\u00e7\u0131klamada, bug\u00fcn yap\u0131lmas\u0131 planlanan esir cenazelerinin tesliminin \u0130srail&#8217;in ate\u015fkesi ihlali nedeniyle ertelendi\u011fi belirtildi.<\/p>\n\n\n\n<h3 class=\"wp-block-heading\">&#8220;ATE\u015eKESE BA\u011eLIYIZ&#8221;<\/h3>\n\n\n\n<p>Hamas&#8217;\u0131n Telegram hesab\u0131ndan yap\u0131lan a\u00e7\u0131klamada, hareketin Gazze&#8217;de ate\u015fkes ve esir takas\u0131 anla\u015fmas\u0131na ba\u011fl\u0131 oldu\u011fu da belirtildi. Gazze&#8217;nin g\u00fcneyindeki Refah kentinde \u0130srail askerlerine ate\u015f a\u00e7\u0131lmas\u0131yla ilgili olaya ili\u015fkin a\u00e7\u0131klamada, &#8220;Hamas, Refah&#8217;taki silahl\u0131 sald\u0131r\u0131yla hi\u00e7bir ba\u011flant\u0131s\u0131n\u0131n olmad\u0131\u011f\u0131n\u0131 do\u011frulamakta ve ate\u015fkes anla\u015fmas\u0131na ba\u011fl\u0131l\u0131\u011f\u0131n\u0131 yinelemektedir.&#8221; ifadesi kullan\u0131ld\u0131.<\/p>\n\n\n\n<p>\u0130srail ordusunun Gazze \u015eeridi&#8217;nin \u00e7e\u015fitli b\u00f6lgelerine d\u00fczenledi\u011fi cani sald\u0131r\u0131lar\u0131n ABD Ba\u015fkan\u0131 Donald Trump&#8217;\u0131n g\u00f6zetiminde M\u0131s\u0131r&#8217;da imzalanan ate\u015fkes anla\u015fmas\u0131n\u0131n a\u00e7\u0131k bir ihlali oldu\u011fu aktar\u0131ld\u0131.<\/p>\n\n\n\n<p>Gazze&#8217;de \u0130srail&#8217;in \u00f6l\u00fcm ve yaralanmalara yol a\u00e7an sald\u0131r\u0131lar\u0131n\u0131n Refah S\u0131n\u0131r Kap\u0131s\u0131&#8217;n\u0131 kapal\u0131 tutmaya devam etmesi gibi bir dizi ihlalin devam\u0131 oldu\u011funa dikkati \u00e7ekildi.<\/p>\n\n\n\n<h3 class=\"wp-block-heading\">GAZZE&#8217;DE ATE\u015eKES VE ES\u0130R TAKASI ANLA\u015eMASI<\/h3>\n\n\n\n<p>\u0130srail ile Hamas aras\u0131nda var\u0131lan ate\u015fkes ve esir takas\u0131 anla\u015fmas\u0131 10 Ekim&#8217;de devreye girmi\u015fti. \u0130srail ordusunun anla\u015fmada belirtildi\u011fi \u00fczere &#8220;Sar\u0131 Hat&#8221;ta \u00e7ekilmesinin ard\u0131ndan Gazze \u015eeridi&#8217;nde ate\u015fkesin ayn\u0131 g\u00fcn 12.00 itibar\u0131yla y\u00fcr\u00fcrl\u00fc\u011fe girdi\u011fi a\u00e7\u0131klanm\u0131\u015ft\u0131. Ancak \u0130srail ordusu, Gazze \u015eeridi&#8217;nde var\u0131lan ate\u015fkese ra\u011fmen ara ara \u00e7e\u015fitli iddialarla Filistinlilere y\u00f6nelik sald\u0131r\u0131lar\u0131n\u0131 s\u00fcrd\u00fcrm\u00fc\u015ft\u00fc.<\/p>\n\n\n\n<p>Sa\u011f \u0130srailli esirlerin teslim edilmesinin ard\u0131ndan Gazze \u015eeridi&#8217;nde 28 \u0130srailli esirin cesedi kalm\u0131\u015ft\u0131. Hamas daha \u00f6nce ate\u015fkes ve esir takas\u0131 anla\u015fmas\u0131 kapsam\u0131nda \u0130srail&#8217;e 17 ceset teslim etmi\u015f, \u0130srail yap\u0131lan test sonucunda cesetlerden birisinin Gazze&#8217;de kalan herhangi bir esire ait olmad\u0131\u011f\u0131n\u0131, birinin ise daha \u00f6nce al\u0131nan bir esire ait ceset par\u00e7alar\u0131 oldu\u011funu iddia etmi\u015fti. Gazze \u015eeridi&#8217;nde 13 \u0130srailli esirin cesedinin bulundu\u011fu bildirilmi\u015fti.<\/p>\n\n\n\n<p>\u0130srail ise \u015fu ana kadar 195 Filistinlinin cenazesini K\u0131z\u0131lha\u00e7 arac\u0131l\u0131\u011f\u0131yla kimlik bilgilerini vermeksizin Gazze&#8217;deki yetkililere teslim etmi\u015fti. Gazze&#8217;deki Filistin Sa\u011fl\u0131k Bakanl\u0131\u011f\u0131n\u0131n verilerine g\u00f6re, \u0130srail&#8217;in teslim etti\u011fi cenazelerden sadece 72&#8217;sinin kimli\u011fi belirlenebilmi\u015fti.<\/p>\n\n\n\n<p>Gazze&#8217;deki h\u00fck\u00fcmetin Medya Ofis M\u00fcd\u00fcr\u00fc \u0130smail es-Sevabite, \u0130srail&#8217;in verdi\u011fi cenazelerin \u00fczerinde i\u015fkence ve yak\u0131n mesafeden ate\u015f edilme gibi izlere rastland\u0131\u011f\u0131n\u0131, bu bulgular\u0131n \u0130srail&#8217;in Filistinli esirlere kar\u015f\u0131 &#8220;saha infazlar\u0131&#8221; uygulad\u0131\u011f\u0131n\u0131n kan\u0131t\u0131 oldu\u011funu s\u00f6ylemi\u015fti.<\/p>\n\n\n\n<p>Hamas ile \u0130srail aras\u0131nda 10 Ekim&#8217;de var\u0131lan ate\u015fkes ve esir takas\u0131 anla\u015fmas\u0131ndaki garant\u00f6r \u00fclkeler, \u0130srail&#8217;in Gazze&#8217;de b\u0131rakt\u0131\u011f\u0131 y\u0131k\u0131m kar\u015f\u0131s\u0131nda buradaki t\u00fcm \u0130srailli \u00f6l\u00fc esirlerin cenazesinin bulunmas\u0131n\u0131n zorlu\u011funu kabul ettiklerini payla\u015fm\u0131\u015ft\u0131. Birle\u015fmi\u015f Milletlerin a\u00e7\u0131klad\u0131\u011f\u0131 rakamlara g\u00f6re, \u0130srail&#8217;in Gazze&#8217;de iki y\u0131ld\u0131r devam eden sald\u0131r\u0131lar\u0131 geride 55 milyon ton kadar enkaz b\u0131rakt\u0131.<\/p>\n\n\n\n<p>Bunun yan\u0131 s\u0131ra, \u0130srail&#8217;in Gazze&#8217;ye uygulad\u0131\u011f\u0131 s\u0131k\u0131 ambargo kar\u015f\u0131s\u0131nda, i\u00e7eride yeterli a\u011f\u0131r i\u015f makinesi, yol ve di\u011fer altyap\u0131 eksikliklerinin de \u0130srailli esirlerin cenazelerine ve enkaz alt\u0131nda oldu\u011fu d\u00fc\u015f\u00fcn\u00fclen 10 bin kadar Filistinlinin naa\u015f\u0131na ula\u015f\u0131lmas\u0131n\u0131 zorla\u015ft\u0131r\u0131yor.<\/p>\n\n\n\n<p><\/p>\n","protected":false},"excerpt":{"rendered":"<p>\u0130srail Ba\u015fbakan\u0131 Binyamin Netanyahu, ate\u015fkesin devam etti\u011fi Gazze \u015eeridi&#8217;ne derhal g\u00fc\u00e7l\u00fc sald\u0131r\u0131lar d\u00fczenlenmesi talimat\u0131 verdi. Yerel bas\u0131n, a\u00e7\u0131klaman\u0131n yay\u0131nland\u0131\u011f\u0131 s\u0131ralarda \u0130srail ordusunun Gazze ve Refah kentlerine hava sald\u0131r\u0131s\u0131 d\u00fczenledi\u011fini aktard\u0131. Hamas ise geli\u015fmelerin ard\u0131ndan bug\u00fcn yap\u0131lmas\u0131 planlanan esir cenazelerinin tesliminin ertelendi\u011fini duyurdu. D\u00fcn kendilerine teslim edilen esir cesedinin \u0130srail ordusunun Aral\u0131k 2023&#8217;te Gazze \u015eeridi&#8217;nde buldu\u011fu [&hellip;]<\/p>\n","protected":false},"author":1,"featured_media":6135,"comment_status":"open","ping_status":"open","sticky":false,"template":"","format":"standard","meta":{"footnotes":""},"categories":[127],"tags":[1069,176,543,545,172,2005],"class_list":["post-6133","post","type-post","status-publish","format-standard","has-post-thumbnail","hentry","category-dunya","tag-binyamin-netanyahu","tag-dunya","tag-gazze","tag-guncel","tag-israil","tag-refah"],"_links":{"self":[{"href":"https:\/\/www.trabzonmanset.com\/index.php\/wp-json\/wp\/v2\/posts\/6133","targetHints":{"allow":["GET"]}}],"collection":[{"href":"https:\/\/www.trabzonmanset.com\/index.php\/wp-json\/wp\/v2\/posts"}],"about":[{"href":"https:\/\/www.trabzonmanset.com\/index.php\/wp-json\/wp\/v2\/types\/post"}],"author":[{"embeddable":true,"href":"https:\/\/www.trabzonmanset.com\/index.php\/wp-json\/wp\/v2\/users\/1"}],"replies":[{"embeddable":true,"href":"https:\/\/www.trabzonmanset.com\/index.php\/wp-json\/wp\/v2\/comments?post=6133"}],"version-history":[{"count":1,"href":"https:\/\/www.trabzonmanset.com\/index.php\/wp-json\/wp\/v2\/posts\/6133\/revisions"}],"predecessor-version":[{"id":6136,"href":"https:\/\/www.trabzonmanset.com\/index.php\/wp-json\/wp\/v2\/posts\/6133\/revisions\/6136"}],"wp:featuredmedia":[{"embeddable":true,"href":"https:\/\/www.trabzonmanset.com\/index.php\/wp-json\/wp\/v2\/media\/6135"}],"wp:attachment":[{"href":"https:\/\/www.trabzonmanset.com\/index.php\/wp-json\/wp\/v2\/media?parent=6133"}],"wp:term":[{"taxonomy":"category","embeddable":true,"href":"https:\/\/www.trabzonmanset.com\/index.php\/wp-json\/wp\/v2\/categories?post=6133"},{"taxonomy":"post_tag","embeddable":true,"href":"https:\/\/www.trabzonmanset.com\/index.php\/wp-json\/wp\/v2\/tags?post=6133"}],"curies":[{"name":"wp","href":"https:\/\/api.w.org\/{rel}","templated":true}]}}