{"id":6078,"date":"2025-10-27T20:35:00","date_gmt":"2025-10-27T17:35:00","guid":{"rendered":"https:\/\/www.trabzonmanset.com\/?p=6078"},"modified":"2025-10-27T21:04:45","modified_gmt":"2025-10-27T18:04:45","slug":"cumhurbaskani-erdogan-eurofighter-icin-anlasmalar-imzalandi","status":"publish","type":"post","link":"https:\/\/www.trabzonmanset.com\/index.php\/2025\/10\/27\/cumhurbaskani-erdogan-eurofighter-icin-anlasmalar-imzalandi\/","title":{"rendered":"Cumhurba\u015fkan\u0131 Erdo\u011fan: &#8220;Eurofighter i\u00e7in anla\u015fmalar imzaland\u0131&#8221;"},"content":{"rendered":"\n<p>Cumhurba\u015fkan\u0131 Recep Tayyip Erdo\u011fan, &#8220;Eurofighter Typhonn sava\u015f u\u00e7aklar\u0131n\u0131n tedarikine dair uygulama d\u00fczenlemeleri heyetleraras\u0131 g\u00f6r\u00fc\u015fmelerde imzaland\u0131. Bu mutabakat\u0131 iki yak\u0131n m\u00fcttefik olarak aram\u0131zdaki stratejik ili\u015fkilerin yeni bir ni\u015fanesi olarak g\u00f6r\u00fcyorum. Birle\u015fik Krall\u0131k ile bu i\u015f birli\u011fimizin savunma sanayiinde m\u00fc\u015fterek projelere de kap\u0131 aralayaca\u011f\u0131na inan\u0131yorum&#8221; dedi.<\/p>\n\n\n\n<p>Cumhurba\u015fkan\u0131 Recep Tayyip Erdo\u011fan ve \u0130ngiltere Ba\u015fbakan\u0131 Keir Starmer, iki \u00fclke aras\u0131nda Eurofighter Typhoon sava\u015f u\u00e7a\u011f\u0131 konusunda i\u015fbirli\u011fi anla\u015fmas\u0131 imzalad\u0131. \u0130ngiltere Ba\u015fbakan\u0131 Starmer\u2019i T\u00fcrkiye\u2019de a\u011f\u0131rlamaktan memnuniyet duydu\u011funu belirten Cumhurba\u015fkan\u0131 Erdo\u011fan, &#8220;Stratejik ortak ve m\u00fcttefik \u00fclkeler olarak ikili konular\u0131n \u00f6tesinde uluslararas\u0131 g\u00fcndemi me\u015fgul eden bir\u00e7ok meselede kendisiyle yak\u0131n diyalo\u011fumuz var. Bug\u00fcnk\u00fc g\u00f6r\u00fc\u015fmelerimizin oda\u011f\u0131n\u0131 ticaret ve savunma ili\u015fkilerimiz te\u015fkil etti. Malumunuz Birle\u015fik Krall\u0131k \u00fclkemizin en b\u00fcy\u00fck ticaret ve yat\u0131r\u0131m ortaklar\u0131 aras\u0131nda. Ticaret hacmimizi ilk etapta 30 milyar dolar, ard\u0131ndan 40 milyar dolara \u00e7\u0131karma kararl\u0131l\u0131\u011f\u0131nday\u0131z&#8221; dedi.<\/p>\n\n\n\n<p>Cumhurba\u015fkan\u0131 Erdo\u011fan, \u0130ngiltere ve T\u00fcrkiye aras\u0131ndaki ekonomik ili\u015fkileri daha da g\u00fc\u00e7lendirmek hususunda kararl\u0131 olduklar\u0131n\u0131 vurgulad\u0131. Serbest ticaret anla\u015fmas\u0131n\u0131n g\u00fcncellenmesi dahil bir\u00e7ok tedbiri ilgili kurum ve kurulu\u015flar\u0131n ele ald\u0131\u011f\u0131n\u0131n alt\u0131n\u0131 \u00e7izen Cumhurba\u015fkan\u0131 Erdo\u011fan, &#8220;\u00dc\u00e7\u00fcnc\u00fc \u00fclkelerde ortak yat\u0131r\u0131mlar yapma imkanlar\u0131 \u00fczerinde de duruyoruz. Enerji ve savunma sanayii alan\u0131nda yeni ortakl\u0131klar kurmay\u0131 hedefliyoruz. Ayr\u0131ca \u00e7ok say\u0131da Birle\u015fik Krall\u0131k vatanda\u015f\u0131n\u0131n T\u00fcrkiye\u2019yi ikinci evi olarak g\u00f6rmesinden b\u00fcy\u00fck memnuniyet duyuyoruz. Bu potansiyeli en iyi \u015fekilde de\u011ferlendirmek amac\u0131yla aram\u0131zda ikili i\u015fbirli\u011fi \u00e7er\u00e7eve belgesi imzalanmas\u0131na y\u00f6nelik m\u00fczakerelere de ba\u015flad\u0131k. \u0130nan\u0131yorum ki bu ad\u0131mlarla ili\u015fkilerimizi ve stratejik ortakl\u0131\u011f\u0131m\u0131z\u0131 \u00e7ok daha ileri bir seviyeye s\u00fcratle ta\u015f\u0131yaca\u011f\u0131z&#8221; de\u011ferlendirmesini yapt\u0131.<\/p>\n\n\n\n<p>Cumhurba\u015fkan\u0131 Erdo\u011fan, Eurofighter Typhoon sava\u015f u\u00e7aklar\u0131n\u0131n tedarikine dair uygulama d\u00fczenlemelerinin heyetler aras\u0131 g\u00f6r\u00fc\u015fmelerde imzaland\u0131\u011f\u0131n\u0131 belirterek, &#8220;Biz de az \u00f6nce Say\u0131n Starmer\u2019la bu konudaki i\u015f birli\u011fi beyan\u0131na huzurlar\u0131n\u0131zda imza att\u0131k. Bu mutabakat\u0131 iki yak\u0131n m\u00fcttefik olarak aram\u0131zdaki stratejik ili\u015fkilerin yeni bir ni\u015fanesi olarak g\u00f6r\u00fcyorum. S\u00fcre\u00e7 boyunca Eurofighter Konsorsiyumu nezdinde Birle\u015fik Krall\u0131k\u2019\u0131n y\u00fcr\u00fctt\u00fc\u011f\u00fc \u00e7al\u0131\u015fmalardan \u00f6t\u00fcr\u00fc Say\u0131n Starmer ve ekibine te\u015fekk\u00fcr ediyorum. Konsorsiyum \u00fcyesi di\u011fer m\u00fcttefik \u00fclkelerin liderlerine de yap\u0131c\u0131 tutumlar\u0131ndan dolay\u0131 takdirlerimi bildiriyorum&#8221; diye konu\u015ftu.<\/p>\n\n\n\n<p>\u0130ngiltere ile yap\u0131lan bu i\u015fbirli\u011finin savunma sanayiinde m\u00fc\u015fterek projelere de kap\u0131 aralayaca\u011f\u0131na inand\u0131\u011f\u0131n\u0131 kaydeden Cumhurba\u015fkan\u0131 Erdo\u011fan, &#8220;Bug\u00fcn ayr\u0131ca de\u011ferli dostumla birlikte Gazze\u2019deki geli\u015fmeleri bir kez daha de\u011ferlendirme imkan\u0131 bulduk. Bu vesileyle Say\u0131n Ba\u015fbakan\u0131, Filistin Devleti\u2019ni tan\u0131ma karar\u0131 almalar\u0131ndan \u00f6t\u00fcr\u00fc bir kez de sizlerin huzurunda \u015fahs\u0131m, milletim ad\u0131na tebrik ediyorum. Biz bu karara iki devletli \u00e7\u00f6z\u00fcm yolunda cesur bir ad\u0131m olarak bak\u0131yoruz. Yakla\u015fan k\u0131\u015f \u015fartlar\u0131n\u0131 dikkate alarak Gazze halk\u0131n\u0131n ihtiya\u00e7 duydu\u011fu insani yard\u0131mlar\u0131n ula\u015ft\u0131r\u0131lmas\u0131 b\u00fcy\u00fck \u00f6nem arz ediyor. Bu konuda Birle\u015fik Krall\u0131k\u2019la da birlikte ad\u0131mlar ataca\u011f\u0131m\u0131za inan\u0131yorum. Gazze\u2019de sa\u011flanan ate\u015fkesin korunmas\u0131 ve ihlallerin \u00f6nlenmesi noktas\u0131nda da hepimize sorumluluklar d\u00fc\u015f\u00fcyor. Bunun i\u00e7in \u00f6zellikle \u0130srail\u2019deki mevcut h\u00fck\u00fcmetin dizginlenmesi gerekiyor&#8221; dedi.<\/p>\n\n\n\n<p>Ukrayna\u2019daki son geli\u015fmeleri de Starmer ile de\u011ferlendirdiklerini s\u00f6zlerine ekleyen Cumhurba\u015fkan\u0131 Erdo\u011fan, &#8220;D\u00f6rd\u00fcnc\u00fc y\u0131l\u0131n\u0131 tamamlamakta olan bu sava\u015f\u0131n bir an \u00f6nce adil bir bar\u0131\u015fla \u00e7\u00f6z\u00fcme kavu\u015fturulmas\u0131 y\u00f6n\u00fcnde ortak duru\u015fumuzu teyit ettik. Suriye\u2019deyse kal\u0131c\u0131 istikrar\u0131n Suriye h\u00fck\u00fcmetinin desteklenmesiyle m\u00fcmk\u00fcn olaca\u011f\u0131n\u0131 bug\u00fcnk\u00fc g\u00f6r\u00fc\u015fmelerimizde vurgulad\u0131k. Tabiat\u0131yla bu \u00e7abalar s\u00fcrd\u00fcr\u00fcl\u00fcrken i\u00e7 ve d\u0131\u015f akt\u00f6rlerin \u00fclkeyi istikrars\u0131zl\u0131\u011fa s\u00fcr\u00fckleme \u00e7abalar\u0131n\u0131n da \u00f6nlenmesi gerekti\u011finin \u00f6nemi \u00fczerinde durduk&#8221; \u015feklinde konu\u015ftu.<\/p>\n\n\n\n<p><strong>&#8220;Bir\u00e7ok farkl\u0131 konuda birlikte yapabilece\u011fimiz \u015feyler var&#8221;<\/strong><\/p>\n\n\n\n<p>T\u00fcrkiye-\u0130ngiltere ili\u015fkilerinde yakalanan ivmenin \u00f6nemine de\u011finen \u0130ngiltere Ba\u015fbakan\u0131 Keir Starmer ise, &#8220;Bu ger\u00e7ekten \u00e7ok \u00f6nemli ili\u015fkiyi g\u00fc\u00e7lendirme f\u0131rsat\u0131m\u0131z var. Her iki \u00fclke Avrupa\u2019n\u0131n iki ucunda olabilir ancak birlikte \u015fu anda eskisine oranla \u00e7ok daha yak\u0131n \u00e7al\u0131\u015fan iki \u00fclkeyiz. Avrupa\u2019n\u0131n ortak g\u00fcvenli\u011fi i\u00e7in NATO m\u00fcttefikleri olarak \u00e7al\u0131\u015f\u0131yoruz. Ukrayna\u2019y\u0131 yine G\u00f6n\u00fcll\u00fcler Koalisyonu \u00e7er\u00e7evesinde destekliyoruz. Ve Orta Do\u011fu\u2019da da bar\u0131\u015f i\u00e7in birlikte \u00e7al\u0131\u015f\u0131yoruz. Bu anlamda sizin oynam\u0131\u015f oldu\u011funuz rol\u00fcn \u00f6zellikle alt\u0131n\u0131 \u00e7izmek isterim. Gazze\u2019deki bar\u0131\u015f plan\u0131n\u0131n ilk a\u015famas\u0131 yerine geliyor. \u015eu anda da bu anla\u015fman\u0131n m\u00fcmk\u00fcn oldu\u011funca k\u0131sa bir s\u00fcre i\u00e7erisinde uygulanmas\u0131 a\u015famas\u0131nday\u0131z ve b\u00f6lgeyi \u00e7ok daha iyi bir noktaya getirmeye \u00e7al\u0131\u015f\u0131yoruz. Tabii ki ortakl\u0131\u011f\u0131m\u0131z, ticaret, yeni modern bir serbest ticaret anla\u015fmas\u0131n\u0131n m\u00fczakeresi dahil olmak \u00fczere g\u00fcvenlik, ter\u00f6rizmle m\u00fccadele, g\u00f6\u00e7, enerji ve bir\u00e7ok farkl\u0131 konuda birlikte yapabilece\u011fimiz \u015feyler var&#8221; dedi.<\/p>\n\n\n\n<p><strong>&#8220;T\u00fcrkiye giderek artan ekonomik ve stratejik \u00f6neme sahip&#8221;<\/strong><\/p>\n\n\n\n<p>T\u00fcrkiye \u2019nin giderek artan ekonomik ve stratejik \u00f6neme sahip oldu\u011funu vurgulayan Starmer, &#8220;Burada \u00e7ok b\u00fcy\u00fck bir ad\u0131m att\u0131k bug\u00fcn ve stratejik bir ortakl\u0131\u011f\u0131 duyuruyoruz. \u0130lk Birle\u015fik Krall\u0131k-T\u00fcrkiye ikili i\u015fbirli\u011fi \u00e7er\u00e7evesini burada duyuruyoruz. Ve bu ger\u00e7ekten \u00e7ok \u00f6nemli, \u015fu anda mevcut olan i\u015fbirli\u011fimizin derinli\u011fini art\u0131racak ve bunu daha ileriye ta\u015f\u0131yacak bir ad\u0131m. B\u00fct\u00fcn bunun kalbinde bug\u00fcn imzalam\u0131\u015f oldu\u011fumuz anla\u015fma var. Birle\u015fik Krall\u0131k, T\u00fcrkiye\u2019ye 20 Eurofighter Typhoon u\u00e7a\u011f\u0131 sa\u011flayacak ve gelecekte de daha fazlas\u0131n\u0131 sa\u011flama tercihi var. Bu NATO\u2019daki g\u00fcvenli\u011fi derinle\u015ftirecek, art\u0131racak, ikili savunma sanayiindeki i\u015fbirli\u011fimizi art\u0131racak ve ayn\u0131 zamanda hem burada hem de Birle\u015fik Krall\u0131k\u2019ta ekonomik b\u00fcy\u00fcmeyi art\u0131racak ve bu \u00e7er\u00e7evede 20 bin istihdam imkan\u0131 sa\u011flanacak ve bu u\u00e7aklar\u0131n birlikte olu\u015fturulmas\u0131, birlikte in\u015fas\u0131nda \u00e7al\u0131\u015faca\u011f\u0131z. Bu anlamda ger\u00e7ekten stratejik \u00f6nemi olan bir \u00e7al\u0131\u015fma. T\u00fcrk Hava Kuvvetlerini de \u00f6n\u00fcm\u00fczdeki y\u0131llarda NATO\u2019nun g\u00fcneydo\u011fu kanad\u0131n\u0131 hepimizin \u00e7\u0131kar\u0131na siz korurken destekleyecek&#8221; dedi.<\/p>\n\n\n\n<p><strong>&#8220;Birlikte \u00e7al\u0131\u015fmay\u0131 destekleme konusunda \u00e7ok b\u00fcy\u00fck istek duyuyorum&#8221;<\/strong><\/p>\n\n\n\n<p>Bug\u00fcn \u00e7ok ileri a\u015famalarda m\u00fczakereler ger\u00e7ekle\u015ftirdiklerini belirten Starmer, &#8220;Yine Tatl\u0131 Dil Forumu\u2019nun yeniden lanse edilmesiyle ilgili olarak \u00e7al\u0131\u015fmalar\u0131m\u0131z\u0131 ba\u015flatmaya karar verdik. Bu sadece iki \u00fclke aras\u0131nda de\u011fil, i\u015f adamlar\u0131, parlamenterler, akademisyenler ve bilim adamlar\u0131 aras\u0131nda bir diyalog olu\u015fturulacak ve bu da her iki \u00fclkede bilim ve yenilik\u00e7ili\u011fin desteklenmesi ve ortakl\u0131\u011fa dayan\u0131\u015fmam\u0131z\u0131n bir sonraki a\u015famaya ta\u015f\u0131nmas\u0131 sa\u011flanacak. Bu bizim bu konudaki taahh\u00fcd\u00fcm\u00fcz ve niyetin \u00e7ok \u00f6nemli bir sembol\u00fc. Dolay\u0131s\u0131yla bu tarihi bir g\u00fcn ve bu anlamda Say\u0131n Cumhurba\u015fkan\u0131na g\u00f6stermi\u015f oldu\u011fu misafirperverlikten dolay\u0131, s\u0131cak kar\u015f\u0131lamadan dolay\u0131 ve ortakl\u0131\u011f\u0131 i\u00e7in te\u015fekk\u00fcr etmek istiyorum. Gelecekte bu ortak \u00e7\u0131karlar\u0131m\u0131z ve ortak niyetlerimizi yerine getirmek ve birlikte \u00e7al\u0131\u015fmay\u0131 destekleme konusunda \u00e7ok b\u00fcy\u00fck istek duyuyorum. \u00d6n\u00fcm\u00fczdeki y\u0131l NATO zirvesinde tekrar Ankara\u2019da olmaktan b\u00fcy\u00fck bir mutluluk duyaca\u011f\u0131m\u0131 ifade etmek istiyorum&#8221; ifadelerini kulland\u0131.<\/p>\n\n\n\n<p>Kaynak: \u0130HA<\/p>\n\n\n\n<p><\/p>\n","protected":false},"excerpt":{"rendered":"<p>Cumhurba\u015fkan\u0131 Recep Tayyip Erdo\u011fan, &#8220;Eurofighter Typhonn sava\u015f u\u00e7aklar\u0131n\u0131n tedarikine dair uygulama d\u00fczenlemeleri heyetleraras\u0131 g\u00f6r\u00fc\u015fmelerde imzaland\u0131. Bu mutabakat\u0131 iki yak\u0131n m\u00fcttefik olarak aram\u0131zdaki stratejik ili\u015fkilerin yeni bir ni\u015fanesi olarak g\u00f6r\u00fcyorum. Birle\u015fik Krall\u0131k ile bu i\u015f birli\u011fimizin savunma sanayiinde m\u00fc\u015fterek projelere de kap\u0131 aralayaca\u011f\u0131na inan\u0131yorum&#8221; dedi. Cumhurba\u015fkan\u0131 Recep Tayyip Erdo\u011fan ve \u0130ngiltere Ba\u015fbakan\u0131 Keir Starmer, iki \u00fclke [&hellip;]<\/p>\n","protected":false},"author":1,"featured_media":6080,"comment_status":"open","ping_status":"open","sticky":false,"template":"","format":"standard","meta":{"footnotes":""},"categories":[11],"tags":[1977,1978,1979,620],"class_list":["post-6078","post","type-post","status-publish","format-standard","has-post-thumbnail","hentry","category-manset","tag-eurofighter","tag-eurofighter-typhonn","tag-ingiltere-turkiye","tag-recep-tayyip-erdogan"],"_links":{"self":[{"href":"https:\/\/www.trabzonmanset.com\/index.php\/wp-json\/wp\/v2\/posts\/6078","targetHints":{"allow":["GET"]}}],"collection":[{"href":"https:\/\/www.trabzonmanset.com\/index.php\/wp-json\/wp\/v2\/posts"}],"about":[{"href":"https:\/\/www.trabzonmanset.com\/index.php\/wp-json\/wp\/v2\/types\/post"}],"author":[{"embeddable":true,"href":"https:\/\/www.trabzonmanset.com\/index.php\/wp-json\/wp\/v2\/users\/1"}],"replies":[{"embeddable":true,"href":"https:\/\/www.trabzonmanset.com\/index.php\/wp-json\/wp\/v2\/comments?post=6078"}],"version-history":[{"count":1,"href":"https:\/\/www.trabzonmanset.com\/index.php\/wp-json\/wp\/v2\/posts\/6078\/revisions"}],"predecessor-version":[{"id":6081,"href":"https:\/\/www.trabzonmanset.com\/index.php\/wp-json\/wp\/v2\/posts\/6078\/revisions\/6081"}],"wp:featuredmedia":[{"embeddable":true,"href":"https:\/\/www.trabzonmanset.com\/index.php\/wp-json\/wp\/v2\/media\/6080"}],"wp:attachment":[{"href":"https:\/\/www.trabzonmanset.com\/index.php\/wp-json\/wp\/v2\/media?parent=6078"}],"wp:term":[{"taxonomy":"category","embeddable":true,"href":"https:\/\/www.trabzonmanset.com\/index.php\/wp-json\/wp\/v2\/categories?post=6078"},{"taxonomy":"post_tag","embeddable":true,"href":"https:\/\/www.trabzonmanset.com\/index.php\/wp-json\/wp\/v2\/tags?post=6078"}],"curies":[{"name":"wp","href":"https:\/\/api.w.org\/{rel}","templated":true}]}}