{"id":6065,"date":"2025-10-26T22:02:00","date_gmt":"2025-10-26T19:02:00","guid":{"rendered":"https:\/\/www.trabzonmanset.com\/?p=6065"},"modified":"2025-10-26T23:04:43","modified_gmt":"2025-10-26T20:04:43","slug":"bilmiyorum-tanimiyorum-demisti-casusluk-sorusturmasinda-imamogluna-tutuklama-talebi","status":"publish","type":"post","link":"https:\/\/www.trabzonmanset.com\/index.php\/2025\/10\/26\/bilmiyorum-tanimiyorum-demisti-casusluk-sorusturmasinda-imamogluna-tutuklama-talebi\/","title":{"rendered":"&#8220;Bilmiyorum, tan\u0131m\u0131yorum&#8221; demi\u015fti&#8230; Casusluk soru\u015fturmas\u0131nda \u0130mamo\u011flu&#8217;na tutuklama talebi"},"content":{"rendered":"\n<p>Ekrem \u0130mamo\u011flu, Merdan Yanarda\u011f ve Necati \u00d6zkan, \u2018Casusluk&#8217; soru\u015fturmas\u0131 kapsam\u0131nda tutuklama istemiyle hakimli\u011fe sevk edildi.<\/p>\n\n\n\n<p>&#8220;Casusluk&#8221; su\u00e7undan ba\u015flat\u0131lan soru\u015fturmada, tutuklanmas\u0131n\u0131n ard\u0131ndan \u0130stanbul B\u00fcy\u00fck\u015fehir Belediye (\u0130BB) Ba\u015fkanl\u0131\u011f\u0131 g\u00f6revinden uzakla\u015ft\u0131r\u0131lan Ekrem \u0130mamo\u011flu ile Necati \u00d6zkan ve Merdan Yanarda\u011f, &#8220;siyasal casusluk&#8221; su\u00e7undan tutuklanmalar\u0131 talebiyle sulh ceza hakimli\u011fine sevk edildi.<\/p>\n\n\n\n<p>\u0130stanbul Cumhuriyet Ba\u015fsavc\u0131l\u0131\u011f\u0131nca, tutuklanmas\u0131n\u0131n ard\u0131ndan \u0130BB Ba\u015fkanl\u0131\u011f\u0131 g\u00f6revinden uzakla\u015ft\u0131r\u0131lan Ekrem \u0130mamo\u011flu ile Necati \u00d6zkan, Merdan Yanarda\u011f ve Melih Ge\u00e7ek hakk\u0131nda &#8220;casusluk&#8221; su\u00e7undan ba\u015flat\u0131lan soru\u015fturma s\u00fcr\u00fcyor.<\/p>\n\n\n\n<p>Soru\u015fturma kapsam\u0131nda \u0130mamo\u011flu, \u00d6zkan, Yanarda\u011f, Ge\u00e7ek ile H\u00fcseyin G\u00fcn&#8217;\u00fcn savc\u0131l\u0131ktaki ifadeleri tamamland\u0131.<\/p>\n\n\n\n<p>\u015e\u00fcpheliler \u0130mamo\u011flu, \u00d6zkan ve Yanarda\u011f, \u00fczerlerine at\u0131l\u0131 &#8220;siyasal casusluk&#8221; su\u00e7undan tutuklanmalar\u0131 talebiyle sulh ceza hakimli\u011fine sevk edildi.<\/p>\n\n\n\n<p>H\u00fcseyin G\u00fcn&#8217;\u00fcn etkin pi\u015fmanl\u0131k h\u00fck\u00fcmlerinden yararlanma talebiyle Ekrem \u0130mamo\u011flu&#8217;nun eleba\u015f\u0131 oldu\u011fu iddia edilen su\u00e7 \u00f6rg\u00fct\u00fc ve casusluk ba\u011flant\u0131lar\u0131 hakk\u0131nda emniyette ve savc\u0131l\u0131kta ayr\u0131nt\u0131l\u0131 ifade verdi\u011fi \u00f6\u011frenildi.<\/p>\n\n\n\n<p>G\u00fcn ve soru\u015fturma kapsam\u0131nda ifade veren Melih Ge\u00e7ek, ba\u015fka su\u00e7tan tutuklu olmalar\u0131ndan dolay\u0131 bulunduklar\u0131 cezaevine g\u00f6nderildi. <\/p>\n\n\n\n<p><strong>\u0130FADES\u0130 ORTAYA \u00c7IKTI<\/strong> <\/p>\n\n\n\n<p>Casusluk soru\u015fturmas\u0131 kapsam\u0131nda \u015f\u00fcpheli olarak ifade veren Ekrem \u0130mamo\u011flu&#8217;nun ifadesinin detaylar\u0131 ortaya \u00e7\u0131kt\u0131. H\u00fcseyin G\u00fcn&#8217;\u00fc tan\u0131y\u0131p tan\u0131mad\u0131\u011f\u0131 sorulan \u0130mamo\u011flu, &#8220;Hakk\u0131nda bu soru\u015fturma kapsam\u0131nda soru\u015fturma ba\u015flat\u0131ld\u0131\u011f\u0131n\u0131 \u00f6\u011frendikten sonra medyaya d\u00fc\u015fen bu \u015fahs\u0131n ve yan\u0131nda bulunan kad\u0131n bir \u015fahs\u0131n benimle olan foto\u011fraf\u0131m\u0131n avukatlar\u0131m taraf\u0131ndan bana g\u00f6sterilmesinden sonra da H\u00fcseyin G\u00fcn ismi \u015fahs\u0131 tekraren an\u0131msayamad\u0131m. Fakat s\u00f6z konusu ziyareti hat\u0131rlad\u0131m. Hat\u0131rlad\u0131\u011f\u0131m kadar\u0131yla bu ziyaret 2019 y\u0131l\u0131nda \u0130stanbul B\u00fcy\u00fck\u015fehir Belediye Ba\u015fkan\u0131 olarak se\u00e7ildikten sonra tebrik ama\u00e7l\u0131 yap\u0131lm\u0131\u015f bir ziyaretti. Fakat her ne kadar ziyareti hat\u0131rlasam da foto\u011frafta bulunan kad\u0131n \u015fahs\u0131n ismini hat\u0131rlam\u0131yorum, ama sadece bu kad\u0131n\u0131n \u015f\u0131k giyimli ve adeta evlat yakla\u015f\u0131ml\u0131 bir kad\u0131n oldu\u011funu hat\u0131rl\u0131yorum. Bu hat\u0131rlad\u0131\u011f\u0131m anekdot haricinde belirtti\u011fim \u00fczere H\u00fcseyin G\u00fcn isimli \u015fahs\u0131 tan\u0131mam&#8221; dedi.<\/p>\n\n\n\n<p><strong>&#8220;\u0130LG\u0130M VE B\u0130LG\u0130M YOK&#8221;<\/strong><\/p>\n\n\n\n<p>\u0130mamo\u011flu&#8217;na &#8220;Wickr Me uygulamas\u0131n\u0131 hi\u00e7 kullan\u0131p kullanmad\u0131\u011f\u0131, bu uygulamada \u00fcyeli\u011finin ve kullan\u0131c\u0131 ad\u0131n\u0131n olup olmad\u0131\u011f\u0131; g\u00f6r\u00fc\u015fmelerde &#8216;Mr Mayor&#8217;, &#8216;\u0130mamo\u011flu&#8217;, &#8216;Ba\u015fkan&#8217;, &#8216;Ba\u015fkan Bey&#8217;, &#8216;Ekrem&#8217;, &#8216;Ekrem Bey&#8217;, &#8216;Ekrem Ba\u015fkan&#8217; \u015feklinde ge\u00e7en ifadelerle kastedilen ki\u015finin o olup olmad\u0131\u011f\u0131; g\u00f6r\u00fc\u015fmelerde yer alan verilerin kim taraf\u0131ndan, nas\u0131l temin edildi\u011fi, payla\u015f\u0131m\u0131na dair bir talimat\u0131 veya bilgisinin bulunup bulunmad\u0131\u011f\u0131; bu verilerin analiz i\u015flemlerinin kim taraf\u0131ndan ger\u00e7ekle\u015ftirildi\u011fi ve bu konuda bir talimat\u0131 olup olmad\u0131\u011f\u0131; g\u00f6r\u00fc\u015fmelerde ge\u00e7en &#8216;PPTX&#8217; dosyalar\u0131n\u0131n \u0130mamo\u011flu&#8217;na iletilip iletilmedi\u011fi, i\u00e7eriklerinin neler oldu\u011fu ve haz\u0131rlanmas\u0131 y\u00f6n\u00fcnde bir talimat\u0131n\u0131n bulunup bulunmad\u0131\u011f\u0131; ayr\u0131ca yaz\u0131\u015fmalarda ge\u00e7en &#8216;150 bin ki\u015filik dijital ordu&#8217;, &#8216;ger\u00e7ek zamanl\u0131 dijital istihbarat&#8217;, &#8216;organik olmayan yollar&#8217;, &#8216;TAO birimi&#8217;, &#8216;bilgi hazinesi&#8217;, &#8216;s\u00fcr\u00fc (swarm) sald\u0131r\u0131s\u0131&#8217;, &#8216;g\u00f6n\u00fcll\u00fclerimiz&#8217;, &#8216;\u0130stanbul Belediyesi veri taban\u0131 kopyalama sorunu&#8217; ve &#8216;hassas \u00f6zel kampanya toplant\u0131lar\u0131&#8217; gibi ifadelerin neyi ifade etti\u011fi sorulmas\u0131 \u00fczerine \u0130mamo\u011flu, &#8220;Sormu\u015f oldu\u011funuz &#8216;Wickr Me&#8217; isimli mesajla\u015fma program\u0131n\u0131 ilk defa duydum. Dolay\u0131s\u0131yla bu programda \u00fcyeli\u011fim daha \u00f6nce hi\u00e7bir \u015fekilde olmam\u0131\u015ft\u0131r. Belirtti\u011finiz tespitlerde &#8216;Bluestar81&#8217; kullan\u0131c\u0131 isimli ki\u015fi oldu\u011funu iddia etti\u011finiz Necati \u00d6zkan ve &#8216;Jupiter1881&#8217; kullan\u0131c\u0131 isimli H\u00fcseyin G\u00fcn oldu\u011funu iddia etti\u011finiz ki\u015filer aras\u0131nda ger\u00e7ekle\u015fen yaz\u0131\u015fma i\u00e7eriklerindeki &#8216;Mr Mayor, \u0130mamo\u011flu, Ba\u015fkan, Ba\u015fkan Bey, Ekrem Ba\u015fkan&#8217; \u015feklinde yap\u0131lan yaz\u0131\u015fmalarda kastedilen ki\u015finin ben olup olmad\u0131\u011f\u0131m\u0131 bilmiyorum. Ama tahminimce Ekrem \u0130mamo\u011flu ismi ile kastedilen ben olabilirim fakat bu yaz\u0131\u015fmalar ile bir ilgim yoktur, ad\u0131ma bu \u015fekilde yap\u0131ld\u0131\u011f\u0131 iddia edilen yaz\u0131\u015fmalarla alakal\u0131 hi\u00e7bir \u015fekilde bilgim yoktur. Yaz\u0131\u015fmalarda ge\u00e7en, sordu\u011funuz &#8216;150 bin ki\u015filik dijital ordu&#8217; \u015feklindeki ibare ile ne kastedildi\u011fini bilmiyorum. Ama tahminimce \u0130stanbul g\u00f6n\u00fcll\u00fcleri kastedilmi\u015f olabilir&#8221; dedi.<\/p>\n\n\n\n<p><strong>&#8220;YAZI\u015eMALAR NECAT\u0130 \u00d6ZKAN VE H\u00dcSEY\u0130N G\u00dcN ARASINDA&#8221;<\/strong><\/p>\n\n\n\n<p>H\u00fcseyin G\u00fcn&#8217;\u00fcn ifadeleri de kendisine sorulan \u0130mamo\u011flu, &#8220;Yaz\u0131\u015fma i\u00e7eriklerinden anlad\u0131\u011f\u0131m kadar\u0131yla Necati \u00d6zkan ile H\u00fcseyin G\u00fcn aras\u0131ndaki iddia edilen temas, H\u00fcseyin G\u00fcn&#8217;\u00fcn &#8216;May\u0131s sonu Haziran ba\u015f\u0131&#8217; \u015feklindeki ifadesi ile se\u00e7imden 15-20 g\u00fcn \u00f6ncesine dayanmaktad\u0131r. Dolay\u0131s\u0131yla 15-20 g\u00fcnl\u00fck bir temas ile benim se\u00e7im kampanyama ne \u015fekilde katk\u0131n\u0131n verildi\u011fi ya da tan\u0131mad\u0131\u011f\u0131m Aaron Barr isimli \u015fah\u0131s ile H\u00fcseyin G\u00fcn&#8217;\u00fcn iddia etti\u011fi temas kurularak se\u00e7im kampanyama verildi\u011fi s\u00f6ylenen katk\u0131 ile alakal\u0131 benim o d\u00f6nemlerde yo\u011fun bir se\u00e7im trafi\u011fi de ya\u015fad\u0131\u011f\u0131m g\u00f6z \u00f6n\u00fcne al\u0131narak bilmem ve ilgilenmem m\u00fcmk\u00fcn de\u011fildir&#8221; dedi.<\/p>\n\n\n\n<p><strong>&#8220;\u0130LG\u0130LENM\u0130YORUM&#8221;<\/strong><\/p>\n\n\n\n<p>H\u00fcseyin G\u00fcn&#8217;\u00fcn ifadeyle alakal\u0131 diyecek bir hususunun olmad\u0131\u011f\u0131na de\u011finen \u0130mamo\u011flu, &#8220;\u0130lgilenmiyorum. Ayn\u0131 zamanda H\u00fcseyin G\u00fcn&#8217;\u00fcn manevi annesi olarak belirtti\u011fi \u015fah\u0131s ile beni ziyareti sonras\u0131nda benim kendisine kampanya s\u00fcrecindeki yard\u0131mlar\u0131 i\u00e7in te\u015fekk\u00fcr etti\u011fime dair hususu da \u015fuan hat\u0131rlam\u0131yorum. \u00c7\u00fcnk\u00fc o d\u00f6nem ba\u015fkan se\u00e7ildi\u011fim i\u00e7in \u00e7ok say\u0131da insana te\u015fekk\u00fcr etmi\u015fimdir. Kendisini destek sundu\u011funu s\u00f6ylemi\u015f ise nezaketen te\u015fekk\u00fcr etmi\u015fimdir&#8221; dedi.<\/p>\n","protected":false},"excerpt":{"rendered":"<p>Ekrem \u0130mamo\u011flu, Merdan Yanarda\u011f ve Necati \u00d6zkan, \u2018Casusluk&#8217; soru\u015fturmas\u0131 kapsam\u0131nda tutuklama istemiyle hakimli\u011fe sevk edildi. &#8220;Casusluk&#8221; su\u00e7undan ba\u015flat\u0131lan soru\u015fturmada, tutuklanmas\u0131n\u0131n ard\u0131ndan \u0130stanbul B\u00fcy\u00fck\u015fehir Belediye (\u0130BB) Ba\u015fkanl\u0131\u011f\u0131 g\u00f6revinden uzakla\u015ft\u0131r\u0131lan Ekrem \u0130mamo\u011flu ile Necati \u00d6zkan ve Merdan Yanarda\u011f, &#8220;siyasal casusluk&#8221; su\u00e7undan tutuklanmalar\u0131 talebiyle sulh ceza hakimli\u011fine sevk edildi. \u0130stanbul Cumhuriyet Ba\u015fsavc\u0131l\u0131\u011f\u0131nca, tutuklanmas\u0131n\u0131n ard\u0131ndan \u0130BB Ba\u015fkanl\u0131\u011f\u0131 g\u00f6revinden uzakla\u015ft\u0131r\u0131lan [&hellip;]<\/p>\n","protected":false},"author":1,"featured_media":6066,"comment_status":"open","ping_status":"open","sticky":false,"template":"","format":"standard","meta":{"footnotes":""},"categories":[1],"tags":[1973,1794,506,1971,1972],"class_list":["post-6065","post","type-post","status-publish","format-standard","has-post-thumbnail","hentry","category-gundem","tag-casusluk","tag-ekrem-imamoglu","tag-ibb","tag-merdan-yanardag","tag-necati-ozkan"],"_links":{"self":[{"href":"https:\/\/www.trabzonmanset.com\/index.php\/wp-json\/wp\/v2\/posts\/6065","targetHints":{"allow":["GET"]}}],"collection":[{"href":"https:\/\/www.trabzonmanset.com\/index.php\/wp-json\/wp\/v2\/posts"}],"about":[{"href":"https:\/\/www.trabzonmanset.com\/index.php\/wp-json\/wp\/v2\/types\/post"}],"author":[{"embeddable":true,"href":"https:\/\/www.trabzonmanset.com\/index.php\/wp-json\/wp\/v2\/users\/1"}],"replies":[{"embeddable":true,"href":"https:\/\/www.trabzonmanset.com\/index.php\/wp-json\/wp\/v2\/comments?post=6065"}],"version-history":[{"count":1,"href":"https:\/\/www.trabzonmanset.com\/index.php\/wp-json\/wp\/v2\/posts\/6065\/revisions"}],"predecessor-version":[{"id":6067,"href":"https:\/\/www.trabzonmanset.com\/index.php\/wp-json\/wp\/v2\/posts\/6065\/revisions\/6067"}],"wp:featuredmedia":[{"embeddable":true,"href":"https:\/\/www.trabzonmanset.com\/index.php\/wp-json\/wp\/v2\/media\/6066"}],"wp:attachment":[{"href":"https:\/\/www.trabzonmanset.com\/index.php\/wp-json\/wp\/v2\/media?parent=6065"}],"wp:term":[{"taxonomy":"category","embeddable":true,"href":"https:\/\/www.trabzonmanset.com\/index.php\/wp-json\/wp\/v2\/categories?post=6065"},{"taxonomy":"post_tag","embeddable":true,"href":"https:\/\/www.trabzonmanset.com\/index.php\/wp-json\/wp\/v2\/tags?post=6065"}],"curies":[{"name":"wp","href":"https:\/\/api.w.org\/{rel}","templated":true}]}}