{"id":6027,"date":"2025-10-26T20:42:20","date_gmt":"2025-10-26T17:42:20","guid":{"rendered":"https:\/\/www.trabzonmanset.com\/?p=6027"},"modified":"2025-10-26T20:42:21","modified_gmt":"2025-10-26T17:42:21","slug":"son-dakika-deprem-haberi-istanbulda-hissedilen-bir-deprem-meydana-geldi","status":"publish","type":"post","link":"https:\/\/www.trabzonmanset.com\/index.php\/2025\/10\/26\/son-dakika-deprem-haberi-istanbulda-hissedilen-bir-deprem-meydana-geldi\/","title":{"rendered":"Son dakika deprem haberi: \u0130stanbul&#8217;da hissedilen bir deprem meydana geldi!"},"content":{"rendered":"\n<p>Son dakika deprem haberi: \u0130stanbul merkezli 3.7 b\u00fcy\u00fckl\u00fc\u011f\u00fcnde bir deprem meydana geldi.<\/p>\n\n\n\n<p>\u0130stanbul merkezli 3.7 b\u00fcy\u00fckl\u00fc\u011f\u00fcnde bir deprem meydana geldi. 19:44&#8217;te Ormanl\u0131 a\u00e7\u0131klar\u0131nda meydana gelen deprem yerin 13.57 km derinli\u011finde olu\u015ftu.<\/p>\n\n\n\n<figure class=\"wp-block-image size-full\"><img loading=\"lazy\" decoding=\"async\" width=\"590\" height=\"352\" src=\"https:\/\/www.trabzonmanset.com\/wp-content\/uploads\/2025\/10\/niiuM_1761497803_3174.webp?wsr\" alt=\"\" class=\"wp-image-6028\" srcset=\"https:\/\/www.trabzonmanset.com\/wp-content\/uploads\/2025\/10\/niiuM_1761497803_3174.webp 590w, https:\/\/www.trabzonmanset.com\/wp-content\/uploads\/2025\/10\/niiuM_1761497803_3174-300x179.webp 300w\" sizes=\"auto, (max-width: 590px) 100vw, 590px\" \/><\/figure>\n\n\n\n<p>Afet ve Acil Durum Y\u00f6netimi Ba\u015fkanl\u0131\u011f\u0131&#8217;n\u0131n (AFAD) internet sitesinde yer alan bilgiye g\u00f6re, merkez \u00fcss\u00fc Karadeniz olan 3.7 b\u00fcy\u00fckl\u00fc\u011f\u00fcnde bir sars\u0131nt\u0131 kaydedildi. Saat 19.44&#8217;te ger\u00e7ekle\u015fen depremin, 13,57 kilometre derinlikte meydana geldi\u011fi belirlendi. Kandilli Rasathanesi ise depremin b\u00fcy\u00fckl\u00fc\u011f\u00fcn\u00fc 3.9 olarak a\u00e7\u0131klad\u0131.<\/p>\n\n\n\n<figure class=\"wp-block-image size-full\"><img loading=\"lazy\" decoding=\"async\" width=\"640\" height=\"496\" src=\"https:\/\/www.trabzonmanset.com\/wp-content\/uploads\/2025\/10\/5am6Q_1761499073_7406.webp?wsr\" alt=\"\" class=\"wp-image-6029\" srcset=\"https:\/\/www.trabzonmanset.com\/wp-content\/uploads\/2025\/10\/5am6Q_1761499073_7406.webp 640w, https:\/\/www.trabzonmanset.com\/wp-content\/uploads\/2025\/10\/5am6Q_1761499073_7406-300x233.webp 300w\" sizes=\"auto, (max-width: 640px) 100vw, 640px\" \/><\/figure>\n\n\n\n<p><\/p>\n","protected":false},"excerpt":{"rendered":"<p>Son dakika deprem haberi: \u0130stanbul merkezli 3.7 b\u00fcy\u00fckl\u00fc\u011f\u00fcnde bir deprem meydana geldi. \u0130stanbul merkezli 3.7 b\u00fcy\u00fckl\u00fc\u011f\u00fcnde bir deprem meydana geldi. 19:44&#8217;te Ormanl\u0131 a\u00e7\u0131klar\u0131nda meydana gelen deprem yerin 13.57 km derinli\u011finde olu\u015ftu. Afet ve Acil Durum Y\u00f6netimi Ba\u015fkanl\u0131\u011f\u0131&#8217;n\u0131n (AFAD) internet sitesinde yer alan bilgiye g\u00f6re, merkez \u00fcss\u00fc Karadeniz olan 3.7 b\u00fcy\u00fckl\u00fc\u011f\u00fcnde bir sars\u0131nt\u0131 kaydedildi. Saat 19.44&#8217;te [&hellip;]<\/p>\n","protected":false},"author":1,"featured_media":6030,"comment_status":"open","ping_status":"open","sticky":false,"template":"","format":"standard","meta":{"footnotes":""},"categories":[11],"tags":[734,862,1241],"class_list":["post-6027","post","type-post","status-publish","format-standard","has-post-thumbnail","hentry","category-manset","tag-afad","tag-deprem","tag-istanbul-deprem"],"_links":{"self":[{"href":"https:\/\/www.trabzonmanset.com\/index.php\/wp-json\/wp\/v2\/posts\/6027","targetHints":{"allow":["GET"]}}],"collection":[{"href":"https:\/\/www.trabzonmanset.com\/index.php\/wp-json\/wp\/v2\/posts"}],"about":[{"href":"https:\/\/www.trabzonmanset.com\/index.php\/wp-json\/wp\/v2\/types\/post"}],"author":[{"embeddable":true,"href":"https:\/\/www.trabzonmanset.com\/index.php\/wp-json\/wp\/v2\/users\/1"}],"replies":[{"embeddable":true,"href":"https:\/\/www.trabzonmanset.com\/index.php\/wp-json\/wp\/v2\/comments?post=6027"}],"version-history":[{"count":1,"href":"https:\/\/www.trabzonmanset.com\/index.php\/wp-json\/wp\/v2\/posts\/6027\/revisions"}],"predecessor-version":[{"id":6031,"href":"https:\/\/www.trabzonmanset.com\/index.php\/wp-json\/wp\/v2\/posts\/6027\/revisions\/6031"}],"wp:featuredmedia":[{"embeddable":true,"href":"https:\/\/www.trabzonmanset.com\/index.php\/wp-json\/wp\/v2\/media\/6030"}],"wp:attachment":[{"href":"https:\/\/www.trabzonmanset.com\/index.php\/wp-json\/wp\/v2\/media?parent=6027"}],"wp:term":[{"taxonomy":"category","embeddable":true,"href":"https:\/\/www.trabzonmanset.com\/index.php\/wp-json\/wp\/v2\/categories?post=6027"},{"taxonomy":"post_tag","embeddable":true,"href":"https:\/\/www.trabzonmanset.com\/index.php\/wp-json\/wp\/v2\/tags?post=6027"}],"curies":[{"name":"wp","href":"https:\/\/api.w.org\/{rel}","templated":true}]}}