{"id":5963,"date":"2025-10-24T16:48:00","date_gmt":"2025-10-24T13:48:00","guid":{"rendered":"https:\/\/www.trabzonmanset.com\/?p=5963"},"modified":"2025-10-24T21:52:06","modified_gmt":"2025-10-24T18:52:06","slug":"fatih-tekkenin-eyupu-imha-plani-hazir-sahne-yine-bitirim-ikilide-olacak","status":"publish","type":"post","link":"https:\/\/www.trabzonmanset.com\/index.php\/2025\/10\/24\/fatih-tekkenin-eyupu-imha-plani-hazir-sahne-yine-bitirim-ikilide-olacak\/","title":{"rendered":"Fatih Tekke&#8217;nin Ey\u00fcp&#8217;\u00fc imha plan\u0131 haz\u0131r! Sahne yine &#8216;bitirim ikilide&#8217; olacak"},"content":{"rendered":"\n<p>Trabzonspor teknik direkt\u00f6r\u00fc Fatih Tekke, Ey\u00fcpspor ma\u00e7\u0131 i\u00e7in oyun plan\u0131n\u0131 belirledi. Gen\u00e7 \u00e7al\u0131\u015ft\u0131r\u0131c\u0131n\u0131n ma\u00e7taki en b\u00fcy\u00fck kozu Paul Onuachu olacak.<\/p>\n\n\n\n<p>Trendyol S\u00fcper Lig\u2019in 10. haftas\u0131nda yar\u0131n Ey\u00fcpspor\u2019u konuk edecek olan Trabzonspor, rakibini yenerek zirve yolunda puan\u0131n\u0131 23\u2019e \u00e7\u0131karmay\u0131 hedefliyor.<br><br>Zorlu kar\u015f\u0131la\u015fma \u00f6ncesi Teknik Direkt\u00f6r Fatih Tekke ma\u00e7 plan\u0131n\u0131 haz\u0131rlad\u0131. Tekke&#8217;nin en b\u00fcy\u00fck kozu forvet hatt\u0131 olacak. Onuachu ve Augusto\u2019nun uyumundan memnun olan gen\u00e7 teknik adam\u0131n oyun plan\u0131nda ikilinin performans\u0131 belirleyici olacak.<\/p>\n\n\n\n<p><strong>EN B\u00dcY\u00dcK H\u00dcCUM KOZU ONUACHU<\/strong><br><br>Trendyol S\u00fcper Lig\u2019de 9 ma\u00e7ta 7 gol atan Nijeryal\u0131 golc\u00fc Paul Onuachu, tak\u0131m\u0131n skor y\u00fck\u00fcn\u00fc b\u00fcy\u00fck \u00f6l\u00e7\u00fcde s\u0131rtlad\u0131.<br><br>Sezon ba\u015f\u0131nda 5.6 milyon Euro bonservis bedeliyle yeniden kadroya kat\u0131lan Onuachu, hava toplar\u0131ndaki \u00fcst\u00fcnl\u00fc\u011f\u00fc ve ceza sahas\u0131ndaki etkinli\u011fiyle Trabzonspor\u2019un en \u00f6nemli kozlar\u0131ndan biri haline geldi.<\/p>\n\n\n\n<figure class=\"wp-block-image size-full\"><img loading=\"lazy\" decoding=\"async\" width=\"679\" height=\"330\" src=\"https:\/\/www.trabzonmanset.com\/wp-content\/uploads\/2025\/10\/eTYzQ_1761315571_6039.webp?wsr\" alt=\"\" class=\"wp-image-5964\" srcset=\"https:\/\/www.trabzonmanset.com\/wp-content\/uploads\/2025\/10\/eTYzQ_1761315571_6039.webp 679w, https:\/\/www.trabzonmanset.com\/wp-content\/uploads\/2025\/10\/eTYzQ_1761315571_6039-300x146.webp 300w\" sizes=\"auto, (max-width: 679px) 100vw, 679px\" \/><\/figure>\n\n\n\n<p><strong>ONUACHU&#8217;NUN H\u00dcCUMDAK\u0130 PARTNER\u0130 AUGUSTO<\/strong><br><br>Onuachu\u2019nun yan\u0131 s\u0131ra yaz transfer d\u00f6neminde 5 milyon Euro bedelle transfer edilen Felipe Augusto da bordo-mavili formayla k\u0131sa s\u00fcrede uyum sa\u011flayarak 9 ma\u00e7ta 4 gol kaydetti. Brezilyal\u0131 forvetin enerjik oyunu ve bitiricili\u011fi, Fatih Tekke\u2019nin elini h\u00fccum hatt\u0131nda g\u00fc\u00e7lendiriyor.<br><br>Trabzonspor, yar\u0131n oynayaca\u011f\u0131 Ey\u00fcpspor m\u00fccadelesinde en b\u00fcy\u00fck g\u00fcc\u00fcn\u00fc yine h\u00fccum hatt\u0131ndan alacak.\u00a0<br><br>Trabzonspor, yar\u0131n saat 20.00&#8217;de sahas\u0131nda Ey\u00fcpspor&#8217;u konuk edecek.<\/p>\n","protected":false},"excerpt":{"rendered":"<p>Trabzonspor teknik direkt\u00f6r\u00fc Fatih Tekke, Ey\u00fcpspor ma\u00e7\u0131 i\u00e7in oyun plan\u0131n\u0131 belirledi. Gen\u00e7 \u00e7al\u0131\u015ft\u0131r\u0131c\u0131n\u0131n ma\u00e7taki en b\u00fcy\u00fck kozu Paul Onuachu olacak. Trendyol S\u00fcper Lig\u2019in 10. haftas\u0131nda yar\u0131n Ey\u00fcpspor\u2019u konuk edecek olan Trabzonspor, rakibini yenerek zirve yolunda puan\u0131n\u0131 23\u2019e \u00e7\u0131karmay\u0131 hedefliyor. Zorlu kar\u015f\u0131la\u015fma \u00f6ncesi Teknik Direkt\u00f6r Fatih Tekke ma\u00e7 plan\u0131n\u0131 haz\u0131rlad\u0131. Tekke&#8217;nin en b\u00fcy\u00fck kozu forvet hatt\u0131 [&hellip;]<\/p>\n","protected":false},"author":1,"featured_media":5965,"comment_status":"open","ping_status":"open","sticky":false,"template":"","format":"standard","meta":{"footnotes":""},"categories":[14],"tags":[1938,1010,448,746],"class_list":["post-5963","post","type-post","status-publish","format-standard","has-post-thumbnail","hentry","category-spor","tag-eyupspor","tag-fatih-tekke","tag-trabzonspor","tag-trendyol-super-lig"],"_links":{"self":[{"href":"https:\/\/www.trabzonmanset.com\/index.php\/wp-json\/wp\/v2\/posts\/5963","targetHints":{"allow":["GET"]}}],"collection":[{"href":"https:\/\/www.trabzonmanset.com\/index.php\/wp-json\/wp\/v2\/posts"}],"about":[{"href":"https:\/\/www.trabzonmanset.com\/index.php\/wp-json\/wp\/v2\/types\/post"}],"author":[{"embeddable":true,"href":"https:\/\/www.trabzonmanset.com\/index.php\/wp-json\/wp\/v2\/users\/1"}],"replies":[{"embeddable":true,"href":"https:\/\/www.trabzonmanset.com\/index.php\/wp-json\/wp\/v2\/comments?post=5963"}],"version-history":[{"count":1,"href":"https:\/\/www.trabzonmanset.com\/index.php\/wp-json\/wp\/v2\/posts\/5963\/revisions"}],"predecessor-version":[{"id":5966,"href":"https:\/\/www.trabzonmanset.com\/index.php\/wp-json\/wp\/v2\/posts\/5963\/revisions\/5966"}],"wp:featuredmedia":[{"embeddable":true,"href":"https:\/\/www.trabzonmanset.com\/index.php\/wp-json\/wp\/v2\/media\/5965"}],"wp:attachment":[{"href":"https:\/\/www.trabzonmanset.com\/index.php\/wp-json\/wp\/v2\/media?parent=5963"}],"wp:term":[{"taxonomy":"category","embeddable":true,"href":"https:\/\/www.trabzonmanset.com\/index.php\/wp-json\/wp\/v2\/categories?post=5963"},{"taxonomy":"post_tag","embeddable":true,"href":"https:\/\/www.trabzonmanset.com\/index.php\/wp-json\/wp\/v2\/tags?post=5963"}],"curies":[{"name":"wp","href":"https:\/\/api.w.org\/{rel}","templated":true}]}}