{"id":5938,"date":"2025-10-23T16:36:00","date_gmt":"2025-10-23T13:36:00","guid":{"rendered":"https:\/\/www.trabzonmanset.com\/?p=5938"},"modified":"2025-10-23T21:35:09","modified_gmt":"2025-10-23T18:35:09","slug":"bakanliktan-sari-kodlu-uyari-8-ile-kuvvetli-yagis-geliyor","status":"publish","type":"post","link":"https:\/\/www.trabzonmanset.com\/index.php\/2025\/10\/23\/bakanliktan-sari-kodlu-uyari-8-ile-kuvvetli-yagis-geliyor\/","title":{"rendered":"Bakanl\u0131ktan sar\u0131 kodlu uyar\u0131&#8230; 8 ile kuvvetli ya\u011f\u0131\u015f geliyor"},"content":{"rendered":"\n<p>\u0130\u00e7i\u015fleri Bakanl\u0131\u011f\u0131, Manisa, Ayd\u0131n, Edirne, K\u0131rklareli, Tekirda\u011f, Bal\u0131kesir, \u0130zmir ve \u00c7anakkale i\u00e7in &#8220;sar\u0131&#8221; kodlu sa\u011fanak uyar\u0131s\u0131 verildi\u011fini duyurdu.<\/p>\n\n\n\n<p>Bakanl\u0131\u011f\u0131n NSosyal&#8217;deki hesab\u0131ndan yap\u0131lan a\u00e7\u0131klamada, Meteoroloji Genel M\u00fcd\u00fcrl\u00fc\u011f\u00fcnden al\u0131nan son bilgilere g\u00f6re, bug\u00fcn k\u0131y\u0131 Ege&#8217;de halen devam eden sa\u011fanak ve g\u00f6k g\u00fcr\u00fclt\u00fcl\u00fc sa\u011fana\u011f\u0131n, gece saatlerine kadar Manisa ve Ayd\u0131n&#8217;\u0131n bat\u0131 il\u00e7elerinde yerel kuvvetli olmas\u0131n\u0131n beklendi\u011fi belirtildi.<\/p>\n\n\n\n<p>A\u00e7\u0131klamada, Edirne ve K\u0131rklareli&#8217;nin g\u00fcneyi, Tekirda\u011f&#8217;\u0131n bat\u0131s\u0131, Bal\u0131kesir&#8217;in bat\u0131 k\u0131y\u0131lar\u0131 ile \u0130zmir ve \u00c7anakkale \u00e7evrelerinde g\u00f6r\u00fclecek sa\u011fanak ve g\u00f6k g\u00fcr\u00fclt\u00fcl\u00fc sa\u011fana\u011f\u0131n yerel kuvvetli olmas\u0131n\u0131n beklendi\u011fi aktar\u0131ld\u0131.<\/p>\n\n\n\n<p>Vatanda\u015flar\u0131n, ani sel, su bask\u0131n\u0131, y\u0131ld\u0131r\u0131m, ya\u011f\u0131\u015f an\u0131nda kuvvetli r\u00fczgar ve ula\u015f\u0131mda aksamalar gibi olumsuzluklara kar\u015f\u0131 dikkatli ve tedbirli olmas\u0131 istenen a\u00e7\u0131klamada, yetkili mercilerin uyar\u0131lar\u0131n\u0131n dikkate al\u0131nmas\u0131 gerekti\u011fi kaydedildi.<\/p>\n\n\n\n<p><\/p>\n","protected":false},"excerpt":{"rendered":"<p>\u0130\u00e7i\u015fleri Bakanl\u0131\u011f\u0131, Manisa, Ayd\u0131n, Edirne, K\u0131rklareli, Tekirda\u011f, Bal\u0131kesir, \u0130zmir ve \u00c7anakkale i\u00e7in &#8220;sar\u0131&#8221; kodlu sa\u011fanak uyar\u0131s\u0131 verildi\u011fini duyurdu. Bakanl\u0131\u011f\u0131n NSosyal&#8217;deki hesab\u0131ndan yap\u0131lan a\u00e7\u0131klamada, Meteoroloji Genel M\u00fcd\u00fcrl\u00fc\u011f\u00fcnden al\u0131nan son bilgilere g\u00f6re, bug\u00fcn k\u0131y\u0131 Ege&#8217;de halen devam eden sa\u011fanak ve g\u00f6k g\u00fcr\u00fclt\u00fcl\u00fc sa\u011fana\u011f\u0131n, gece saatlerine kadar Manisa ve Ayd\u0131n&#8217;\u0131n bat\u0131 il\u00e7elerinde yerel kuvvetli olmas\u0131n\u0131n beklendi\u011fi belirtildi. A\u00e7\u0131klamada, [&hellip;]<\/p>\n","protected":false},"author":1,"featured_media":5939,"comment_status":"open","ping_status":"open","sticky":false,"template":"","format":"standard","meta":{"footnotes":""},"categories":[530,1],"tags":[474,1832,1931,623,1516,1418,1932,1795,1933,712],"class_list":["post-5938","post","type-post","status-publish","format-standard","has-post-thumbnail","hentry","category-cevre","category-gundem","tag-aydin","tag-balikesir","tag-edirne","tag-hava-durumu","tag-icisleri-bakanligi","tag-izmir","tag-kirklareli","tag-manisa","tag-tekirdag","tag-trabzon-manset"],"_links":{"self":[{"href":"https:\/\/www.trabzonmanset.com\/index.php\/wp-json\/wp\/v2\/posts\/5938","targetHints":{"allow":["GET"]}}],"collection":[{"href":"https:\/\/www.trabzonmanset.com\/index.php\/wp-json\/wp\/v2\/posts"}],"about":[{"href":"https:\/\/www.trabzonmanset.com\/index.php\/wp-json\/wp\/v2\/types\/post"}],"author":[{"embeddable":true,"href":"https:\/\/www.trabzonmanset.com\/index.php\/wp-json\/wp\/v2\/users\/1"}],"replies":[{"embeddable":true,"href":"https:\/\/www.trabzonmanset.com\/index.php\/wp-json\/wp\/v2\/comments?post=5938"}],"version-history":[{"count":1,"href":"https:\/\/www.trabzonmanset.com\/index.php\/wp-json\/wp\/v2\/posts\/5938\/revisions"}],"predecessor-version":[{"id":5940,"href":"https:\/\/www.trabzonmanset.com\/index.php\/wp-json\/wp\/v2\/posts\/5938\/revisions\/5940"}],"wp:featuredmedia":[{"embeddable":true,"href":"https:\/\/www.trabzonmanset.com\/index.php\/wp-json\/wp\/v2\/media\/5939"}],"wp:attachment":[{"href":"https:\/\/www.trabzonmanset.com\/index.php\/wp-json\/wp\/v2\/media?parent=5938"}],"wp:term":[{"taxonomy":"category","embeddable":true,"href":"https:\/\/www.trabzonmanset.com\/index.php\/wp-json\/wp\/v2\/categories?post=5938"},{"taxonomy":"post_tag","embeddable":true,"href":"https:\/\/www.trabzonmanset.com\/index.php\/wp-json\/wp\/v2\/tags?post=5938"}],"curies":[{"name":"wp","href":"https:\/\/api.w.org\/{rel}","templated":true}]}}