{"id":5934,"date":"2025-10-23T16:32:00","date_gmt":"2025-10-23T13:32:00","guid":{"rendered":"https:\/\/www.trabzonmanset.com\/?p=5934"},"modified":"2025-10-23T20:34:38","modified_gmt":"2025-10-23T17:34:38","slug":"bakan-isikhan-sehitlerimizin-evlatlarina-457-milyon-lira-egitim-odemesi-yapacagiz","status":"publish","type":"post","link":"https:\/\/www.trabzonmanset.com\/index.php\/2025\/10\/23\/bakan-isikhan-sehitlerimizin-evlatlarina-457-milyon-lira-egitim-odemesi-yapacagiz\/","title":{"rendered":"Bakan I\u015f\u0131khan: \u015eehitlerimizin evlatlar\u0131na 457 milyon lira e\u011fitim \u00f6demesi yapaca\u011f\u0131z"},"content":{"rendered":"\n<p>\u00c7al\u0131\u015fma ve Sosyal G\u00fcvenlik Bakan\u0131 Vedat I\u015f\u0131khan, &#8220;Aziz \u015fehitlerimizin bizlere emaneti evlatlar\u0131m\u0131za, harp-vazife malullerimize ve \u00e7ocuklar\u0131na e\u011fitim-\u00f6\u011fretim yard\u0131m\u0131n\u0131 24 Ekim Cuma g\u00fcn\u00fc \u00f6d\u00fcyoruz&#8221; dedi.<\/p>\n\n\n\n<p>\u00c7al\u0131\u015fma ve Sosyal G\u00fcvenlik Bakan\u0131 Vedat I\u015f\u0131khan, sosyal medya hesab\u0131ndan yapt\u0131\u011f\u0131 a\u00e7\u0131klamada, &#8220;Aziz \u015fehitlerimizin bizlere emaneti evlatlar\u0131m\u0131za, harp-vazife malullerimize ve \u00e7ocuklar\u0131na e\u011fitim-\u00f6\u011fretim yard\u0131m\u0131n\u0131 24 Ekim Cuma g\u00fcn\u00fc \u00f6d\u00fcyoruz. 2025-2026 e\u011fitim-\u00f6\u011fretim d\u00f6neminde yakla\u015f\u0131k 20 bin \u00f6\u011frencimize toplamda 457 milyon liral\u0131k \u00f6deme yapaca\u011f\u0131z. Sevgili \u00f6\u011frencilerimize ba\u015far\u0131l\u0131 bir e\u011fitim hayat\u0131 diliyorum. Biz, her zaman yan\u0131n\u0131zday\u0131z&#8221; ifadelerini kulland\u0131.<\/p>\n\n\n\n<p>Kaynak: DHA<\/p>\n","protected":false},"excerpt":{"rendered":"<p>\u00c7al\u0131\u015fma ve Sosyal G\u00fcvenlik Bakan\u0131 Vedat I\u015f\u0131khan, &#8220;Aziz \u015fehitlerimizin bizlere emaneti evlatlar\u0131m\u0131za, harp-vazife malullerimize ve \u00e7ocuklar\u0131na e\u011fitim-\u00f6\u011fretim yard\u0131m\u0131n\u0131 24 Ekim Cuma g\u00fcn\u00fc \u00f6d\u00fcyoruz&#8221; dedi. \u00c7al\u0131\u015fma ve Sosyal G\u00fcvenlik Bakan\u0131 Vedat I\u015f\u0131khan, sosyal medya hesab\u0131ndan yapt\u0131\u011f\u0131 a\u00e7\u0131klamada, &#8220;Aziz \u015fehitlerimizin bizlere emaneti evlatlar\u0131m\u0131za, harp-vazife malullerimize ve \u00e7ocuklar\u0131na e\u011fitim-\u00f6\u011fretim yard\u0131m\u0131n\u0131 24 Ekim Cuma g\u00fcn\u00fc \u00f6d\u00fcyoruz. 2025-2026 e\u011fitim-\u00f6\u011fretim d\u00f6neminde [&hellip;]<\/p>\n","protected":false},"author":1,"featured_media":5935,"comment_status":"open","ping_status":"open","sticky":false,"template":"","format":"standard","meta":{"footnotes":""},"categories":[7],"tags":[1930,712,970],"class_list":["post-5934","post","type-post","status-publish","format-standard","has-post-thumbnail","hentry","category-ekonomi","tag-sehit","tag-trabzon-manset","tag-vedat-isikhan"],"_links":{"self":[{"href":"https:\/\/www.trabzonmanset.com\/index.php\/wp-json\/wp\/v2\/posts\/5934","targetHints":{"allow":["GET"]}}],"collection":[{"href":"https:\/\/www.trabzonmanset.com\/index.php\/wp-json\/wp\/v2\/posts"}],"about":[{"href":"https:\/\/www.trabzonmanset.com\/index.php\/wp-json\/wp\/v2\/types\/post"}],"author":[{"embeddable":true,"href":"https:\/\/www.trabzonmanset.com\/index.php\/wp-json\/wp\/v2\/users\/1"}],"replies":[{"embeddable":true,"href":"https:\/\/www.trabzonmanset.com\/index.php\/wp-json\/wp\/v2\/comments?post=5934"}],"version-history":[{"count":1,"href":"https:\/\/www.trabzonmanset.com\/index.php\/wp-json\/wp\/v2\/posts\/5934\/revisions"}],"predecessor-version":[{"id":5936,"href":"https:\/\/www.trabzonmanset.com\/index.php\/wp-json\/wp\/v2\/posts\/5934\/revisions\/5936"}],"wp:featuredmedia":[{"embeddable":true,"href":"https:\/\/www.trabzonmanset.com\/index.php\/wp-json\/wp\/v2\/media\/5935"}],"wp:attachment":[{"href":"https:\/\/www.trabzonmanset.com\/index.php\/wp-json\/wp\/v2\/media?parent=5934"}],"wp:term":[{"taxonomy":"category","embeddable":true,"href":"https:\/\/www.trabzonmanset.com\/index.php\/wp-json\/wp\/v2\/categories?post=5934"},{"taxonomy":"post_tag","embeddable":true,"href":"https:\/\/www.trabzonmanset.com\/index.php\/wp-json\/wp\/v2\/tags?post=5934"}],"curies":[{"name":"wp","href":"https:\/\/api.w.org\/{rel}","templated":true}]}}