{"id":5928,"date":"2025-10-23T14:23:00","date_gmt":"2025-10-23T11:23:00","guid":{"rendered":"https:\/\/www.trabzonmanset.com\/?p=5928"},"modified":"2025-10-23T20:25:10","modified_gmt":"2025-10-23T17:25:10","slug":"turkiye-ve-umman-arasinda-16-belge-imzalandi","status":"publish","type":"post","link":"https:\/\/www.trabzonmanset.com\/index.php\/2025\/10\/23\/turkiye-ve-umman-arasinda-16-belge-imzalandi\/","title":{"rendered":"T\u00fcrkiye ve Umman aras\u0131nda 16 belge imzaland\u0131"},"content":{"rendered":"\n<p>Cumhurba\u015fkan\u0131 Recep Tayyip Erdo\u011fan ile Umman Sultan\u0131 Heysem bin Tar\u0131k bin Teymur Al Said huzurunda d\u00fczenlenen t\u00f6rende, iki \u00fclke aras\u0131nda toplam 16 belge imzaland\u0131.<\/p>\n\n\n\n<p>Cumhurba\u015fkan\u0131 Recep Tayyip Erdo\u011fan, Umman temaslar\u0131n\u0131 s\u00fcrd\u00fcr\u00fcyor. Ba\u015fkent Maskat&#8217;taki Al Alam Saray\u0131&#8217;nda Erdo\u011fan ile Umman Sultan\u0131 Heysem bin Tar\u0131k bin Teymur Al Said&#8217;in ba\u015fkanl\u0131k etti\u011fi heyetleraras\u0131 toplant\u0131n\u0131n ard\u0131ndan imza t\u00f6reni d\u00fczenlendi. T\u00f6rende iki \u00fclke aras\u0131nda &#8220;Medya ve \u0130leti\u015fim Alan\u0131nda \u0130\u015f Birli\u011fine \u0130li\u015fkin Mutabakat Zapt\u0131&#8221; dahil 16 belge imzaland\u0131. Cumhurba\u015fkan\u0131 Erdo\u011fan&#8217;\u0131n, Umman Sultan\u0131 Heysem bin Tar\u0131k bin Teymur Al Said taraf\u0131ndan onuruna verilen resmi yeme\u011fe kat\u0131larak, \u00fclkeye d\u00f6nmesi bekleniyor.<\/p>\n","protected":false},"excerpt":{"rendered":"<p>Cumhurba\u015fkan\u0131 Recep Tayyip Erdo\u011fan ile Umman Sultan\u0131 Heysem bin Tar\u0131k bin Teymur Al Said huzurunda d\u00fczenlenen t\u00f6rende, iki \u00fclke aras\u0131nda toplam 16 belge imzaland\u0131. Cumhurba\u015fkan\u0131 Recep Tayyip Erdo\u011fan, Umman temaslar\u0131n\u0131 s\u00fcrd\u00fcr\u00fcyor. Ba\u015fkent Maskat&#8217;taki Al Alam Saray\u0131&#8217;nda Erdo\u011fan ile Umman Sultan\u0131 Heysem bin Tar\u0131k bin Teymur Al Said&#8217;in ba\u015fkanl\u0131k etti\u011fi heyetleraras\u0131 toplant\u0131n\u0131n ard\u0131ndan imza t\u00f6reni d\u00fczenlendi. [&hellip;]<\/p>\n","protected":false},"author":1,"featured_media":5929,"comment_status":"open","ping_status":"open","sticky":false,"template":"","format":"standard","meta":{"footnotes":""},"categories":[11],"tags":[620,1926,154,1858],"class_list":["post-5928","post","type-post","status-publish","format-standard","has-post-thumbnail","hentry","category-manset","tag-recep-tayyip-erdogan","tag-teymur-al-said","tag-turkiye","tag-umman"],"_links":{"self":[{"href":"https:\/\/www.trabzonmanset.com\/index.php\/wp-json\/wp\/v2\/posts\/5928","targetHints":{"allow":["GET"]}}],"collection":[{"href":"https:\/\/www.trabzonmanset.com\/index.php\/wp-json\/wp\/v2\/posts"}],"about":[{"href":"https:\/\/www.trabzonmanset.com\/index.php\/wp-json\/wp\/v2\/types\/post"}],"author":[{"embeddable":true,"href":"https:\/\/www.trabzonmanset.com\/index.php\/wp-json\/wp\/v2\/users\/1"}],"replies":[{"embeddable":true,"href":"https:\/\/www.trabzonmanset.com\/index.php\/wp-json\/wp\/v2\/comments?post=5928"}],"version-history":[{"count":1,"href":"https:\/\/www.trabzonmanset.com\/index.php\/wp-json\/wp\/v2\/posts\/5928\/revisions"}],"predecessor-version":[{"id":5930,"href":"https:\/\/www.trabzonmanset.com\/index.php\/wp-json\/wp\/v2\/posts\/5928\/revisions\/5930"}],"wp:featuredmedia":[{"embeddable":true,"href":"https:\/\/www.trabzonmanset.com\/index.php\/wp-json\/wp\/v2\/media\/5929"}],"wp:attachment":[{"href":"https:\/\/www.trabzonmanset.com\/index.php\/wp-json\/wp\/v2\/media?parent=5928"}],"wp:term":[{"taxonomy":"category","embeddable":true,"href":"https:\/\/www.trabzonmanset.com\/index.php\/wp-json\/wp\/v2\/categories?post=5928"},{"taxonomy":"post_tag","embeddable":true,"href":"https:\/\/www.trabzonmanset.com\/index.php\/wp-json\/wp\/v2\/tags?post=5928"}],"curies":[{"name":"wp","href":"https:\/\/api.w.org\/{rel}","templated":true}]}}