{"id":5906,"date":"2025-10-22T20:25:00","date_gmt":"2025-10-22T17:25:00","guid":{"rendered":"https:\/\/www.trabzonmanset.com\/?p=5906"},"modified":"2025-10-22T21:05:55","modified_gmt":"2025-10-22T18:05:55","slug":"osimhen-3-dakikada-tarihe-gecti-iki-rekor-birden","status":"publish","type":"post","link":"https:\/\/www.trabzonmanset.com\/index.php\/2025\/10\/22\/osimhen-3-dakikada-tarihe-gecti-iki-rekor-birden\/","title":{"rendered":"Osimhen 3 dakikada tarihe ge\u00e7ti! \u0130ki rekor birden"},"content":{"rendered":"\n<p>Victor Osimhen&#8217;in Bodo\/Glimt&#8217;e att\u0131\u011f\u0131 gol, Galatasaray&#8217;\u0131n \u015eampiyonlar Ligi tarihinde att\u0131\u011f\u0131 en erken gol oldu.<\/p>\n\n\n\n<p>Galatasaray, UEFA \u015eampiyonlar Ligi&#8217;nin \u00fc\u00e7\u00fcnc\u00fc haftas\u0131nda Norve\u00e7&#8217;in Bodo\/Glimt tak\u0131m\u0131n\u0131 a\u011f\u0131rlad\u0131.<\/p>\n\n\n\n<p>Galatasaray, Bodo\/Glimt ma\u00e7\u0131nda 3. dakikada Victor Osimhen ile 1-0 \u00f6ne ge\u00e7ti.<\/p>\n\n\n\n<p>Nijeryal\u0131 y\u0131ld\u0131z, bu gol\u00fcyle birlikte rekor k\u0131rd\u0131.<\/p>\n\n\n\n<p>Sar\u0131 k\u0131rm\u0131z\u0131l\u0131 tak\u0131mda, 2012 y\u0131l\u0131nda \u00fcst \u00fcste \u00e7\u0131kt\u0131\u011f\u0131 6 Avrupa ma\u00e7\u0131nda fileleri sarsan Burak Y\u0131lmaz ile birlikte bu rekorun sahibi olan Osimhen, Bodo\/Glimt&#8217;e kar\u015f\u0131 gol atarak Burak Y\u0131lmaz&#8217;\u0131n rekorunu k\u0131rd\u0131 (7) ve Galatasaray tarihine ge\u00e7ti.<\/p>\n\n\n\n<p>Osimhen&#8217;in Bodo\/Glimt ma\u00e7\u0131nda att\u0131\u011f\u0131 bu gol, ayn\u0131 zamanda Galatasaray&#8217;\u0131n \u015eampiyonlar Ligi tarihinde att\u0131\u011f\u0131 en erken gol oldu.<\/p>\n\n\n\n<figure class=\"wp-block-image size-large\"><img loading=\"lazy\" decoding=\"async\" width=\"1024\" height=\"682\" src=\"https:\/\/www.trabzonmanset.com\/wp-content\/uploads\/2025\/10\/Iou7p_1761153430_3251-1024x682.webp?wsr\" alt=\"\" class=\"wp-image-5907\" srcset=\"https:\/\/www.trabzonmanset.com\/wp-content\/uploads\/2025\/10\/Iou7p_1761153430_3251-1024x682.webp 1024w, https:\/\/www.trabzonmanset.com\/wp-content\/uploads\/2025\/10\/Iou7p_1761153430_3251-300x200.webp 300w, https:\/\/www.trabzonmanset.com\/wp-content\/uploads\/2025\/10\/Iou7p_1761153430_3251-768x512.webp 768w, https:\/\/www.trabzonmanset.com\/wp-content\/uploads\/2025\/10\/Iou7p_1761153430_3251.webp 1280w\" sizes=\"auto, (max-width: 1024px) 100vw, 1024px\" \/><\/figure>\n\n\n\n<p><\/p>\n","protected":false},"excerpt":{"rendered":"<p>Victor Osimhen&#8217;in Bodo\/Glimt&#8217;e att\u0131\u011f\u0131 gol, Galatasaray&#8217;\u0131n \u015eampiyonlar Ligi tarihinde att\u0131\u011f\u0131 en erken gol oldu. Galatasaray, UEFA \u015eampiyonlar Ligi&#8217;nin \u00fc\u00e7\u00fcnc\u00fc haftas\u0131nda Norve\u00e7&#8217;in Bodo\/Glimt tak\u0131m\u0131n\u0131 a\u011f\u0131rlad\u0131. Galatasaray, Bodo\/Glimt ma\u00e7\u0131nda 3. dakikada Victor Osimhen ile 1-0 \u00f6ne ge\u00e7ti. Nijeryal\u0131 y\u0131ld\u0131z, bu gol\u00fcyle birlikte rekor k\u0131rd\u0131. Sar\u0131 k\u0131rm\u0131z\u0131l\u0131 tak\u0131mda, 2012 y\u0131l\u0131nda \u00fcst \u00fcste \u00e7\u0131kt\u0131\u011f\u0131 6 Avrupa ma\u00e7\u0131nda fileleri sarsan [&hellip;]<\/p>\n","protected":false},"author":1,"featured_media":5908,"comment_status":"open","ping_status":"open","sticky":false,"template":"","format":"standard","meta":{"footnotes":""},"categories":[14],"tags":[451,1087,485],"class_list":["post-5906","post","type-post","status-publish","format-standard","has-post-thumbnail","hentry","category-spor","tag-galatasaray","tag-osimhen","tag-spor"],"_links":{"self":[{"href":"https:\/\/www.trabzonmanset.com\/index.php\/wp-json\/wp\/v2\/posts\/5906","targetHints":{"allow":["GET"]}}],"collection":[{"href":"https:\/\/www.trabzonmanset.com\/index.php\/wp-json\/wp\/v2\/posts"}],"about":[{"href":"https:\/\/www.trabzonmanset.com\/index.php\/wp-json\/wp\/v2\/types\/post"}],"author":[{"embeddable":true,"href":"https:\/\/www.trabzonmanset.com\/index.php\/wp-json\/wp\/v2\/users\/1"}],"replies":[{"embeddable":true,"href":"https:\/\/www.trabzonmanset.com\/index.php\/wp-json\/wp\/v2\/comments?post=5906"}],"version-history":[{"count":1,"href":"https:\/\/www.trabzonmanset.com\/index.php\/wp-json\/wp\/v2\/posts\/5906\/revisions"}],"predecessor-version":[{"id":5909,"href":"https:\/\/www.trabzonmanset.com\/index.php\/wp-json\/wp\/v2\/posts\/5906\/revisions\/5909"}],"wp:featuredmedia":[{"embeddable":true,"href":"https:\/\/www.trabzonmanset.com\/index.php\/wp-json\/wp\/v2\/media\/5908"}],"wp:attachment":[{"href":"https:\/\/www.trabzonmanset.com\/index.php\/wp-json\/wp\/v2\/media?parent=5906"}],"wp:term":[{"taxonomy":"category","embeddable":true,"href":"https:\/\/www.trabzonmanset.com\/index.php\/wp-json\/wp\/v2\/categories?post=5906"},{"taxonomy":"post_tag","embeddable":true,"href":"https:\/\/www.trabzonmanset.com\/index.php\/wp-json\/wp\/v2\/tags?post=5906"}],"curies":[{"name":"wp","href":"https:\/\/api.w.org\/{rel}","templated":true}]}}