{"id":5875,"date":"2025-10-22T18:54:46","date_gmt":"2025-10-22T15:54:46","guid":{"rendered":"https:\/\/www.trabzonmanset.com\/?p=5875"},"modified":"2025-10-22T18:54:49","modified_gmt":"2025-10-22T15:54:49","slug":"iki-ulkenin-nato-uyeliginde-turkiye-detayi-anahtar-cumhurbaskani-erdoganin-elindeydi","status":"publish","type":"post","link":"https:\/\/www.trabzonmanset.com\/index.php\/2025\/10\/22\/iki-ulkenin-nato-uyeliginde-turkiye-detayi-anahtar-cumhurbaskani-erdoganin-elindeydi\/","title":{"rendered":"\u0130ki \u00fclkenin NATO \u00fcyeli\u011finde T\u00fcrkiye detay\u0131: &#8220;Anahtar, Cumhurba\u015fkan\u0131 Erdo\u011fan&#8217;\u0131n elindeydi&#8221;"},"content":{"rendered":"\n<p>Eski NATO Genel Sekreteri Jens Stoltenberg kitab\u0131nda, Finlandiya ve \u0130sve\u00e7&#8217;in \u00fcyelik s\u00fcrecinde T\u00fcrkiye&#8217;nin oynad\u0131\u011f\u0131 role de de\u011findi. \u0130ki \u00fclkenin ayn\u0131 anda \u00fcye olmas\u0131ndan yana oldu\u011funu vurgulayan Stoltenberg, &#8220;Anahtar, Cumhurba\u015fkan\u0131 Erdo\u011fan&#8217;\u0131n elindeydi.&#8221; ifadesini kulland\u0131.<\/p>\n\n\n\n<p>Stoltenberg&#8217;in, 1 Ekim 2014-1 Ekim 2024 d\u00f6neminde s\u00fcrd\u00fcrd\u00fc\u011f\u00fc g\u00f6revine ili\u015fkin &#8220;Benim D\u00f6nemimde: Sava\u015f Zaman\u0131nda NATO&#8217;ya Liderlik (On My Watch\/Leading NATO in a Time Of War)&#8221; adl\u0131 kitab\u0131nda, Ba\u015fkan Recep Tayyip Erdo\u011fan&#8217;la ilgili de\u011ferlendirmeleri ve an\u0131lar\u0131 dikkati \u00e7ekti.<\/p>\n\n\n\n<p>2015&#8217;te Rus u\u00e7a\u011f\u0131n\u0131n d\u00fc\u015f\u00fcr\u00fclmesi hadisesine de\u011finen Stoltenberg, &#8220;NATO&#8217;nun askeri makamlar\u0131, u\u00e7a\u011f\u0131n ger\u00e7ekten T\u00fcrk hava sahas\u0131na girdi\u011fini teyit etmi\u015fti ve olaya ili\u015fkin tepkimizi kamuoyuna duyurmam\u0131z gerekiyordu.&#8221; ifadesini kulland\u0131.<\/p>\n\n\n\n<p>Eski NATO Genel Sekteri, &#8220;G\u00f6reve ba\u015flamam\u0131n \u00fczerinden sadece bir y\u0131l ge\u00e7mi\u015fti ve art\u0131k i\u015fin ne kadar b\u00fcy\u00fck bir k\u0131sm\u0131n\u0131n siyasi bir denge oyunu oldu\u011funu ke\u015ffediyordum.&#8221; de\u011ferlendirmesini yapt\u0131.<\/p>\n\n\n\n<p><strong>&#8220;\u0130STANBUL, TAR\u0130H\u0130 B\u0130R KAV\u015eAK N\u0130TEL\u0130\u011e\u0130NDE&#8221;<\/strong><\/p>\n\n\n\n<p>T\u00fcrkiye&#8217;ye resmi ziyarette bulunmak ve Ba\u015fkan Recep Tayyip Erdo\u011fan&#8217;la g\u00f6r\u00fc\u015fmek i\u00e7in 2019&#8217;da \u0130stanbul&#8217;a geldi\u011fini anlatan Stotlenberg, \u0130stanbul&#8217;u &#8220;Do\u011fu ile Bat\u0131 aras\u0131nda, ruhani ve d\u00fcnyevi aras\u0131nda, Hristiyanl\u0131k ve \u0130slam aras\u0131nda tarihi bir kav\u015fak niteli\u011finde her zaman k\u00fclt\u00fcrel ve ticari al\u0131\u015fveri\u015fin yan\u0131 s\u0131ra sava\u015flar\u0131n ve \u00e7at\u0131\u015fmalar\u0131n oldu\u011fu bir yer&#8221; olarak niteledi.<\/p>\n\n\n\n<p>Ba\u015fkan Erdo\u011fan ile Bo\u011faz&#8217;\u0131n Anadolu yakas\u0131n\u0131 seyrettiklerini aktararak hizmete a\u00e7\u0131lan \u00c7aml\u0131ca Camisi&#8217;ne de\u011finen Stoltenberg, caminin Erdo\u011fan i\u00e7in &#8220;\u0130slam&#8217;\u0131n \u00f6nemini simgeledi\u011fini&#8221; yazd\u0131.<\/p>\n\n\n\n<p>Erdo\u011fan ile tan\u0131\u015f\u0131kl\u0131\u011f\u0131n\u0131n eskiye dayand\u0131\u011f\u0131n\u0131 ve kendisinin Norve\u00e7 Ba\u015fbakan\u0131 oldu\u011fu d\u00f6nemde g\u00f6r\u00fc\u015ft\u00fcklerini hat\u0131rlatan Stoltenberg, 2012&#8217;de Ankara&#8217;ya yapt\u0131\u011f\u0131 resmi bir ziyarette e\u015fiyle birlikte Erdo\u011fan&#8217;\u0131n evinde a\u011f\u0131rland\u0131klar\u0131n\u0131 ve \u00e7ay e\u015fli\u011finde &#8220;ho\u015f bir \u00f6\u011fleden sonra&#8221; ge\u00e7irdiklerini belirtti.<\/p>\n\n\n\n<p>Stoltenberg, &#8220;Erdo\u011fan, konulara derinlemesine hakim olan kararl\u0131 ve bilgili bir adam. Onunla ileti\u015fim kurmak kolay.&#8221; vurgusunu yaparak, T\u00fcrkiye&#8217;nin &#8220;NATO i\u00e7in her zaman \u00f6nemli bir \u00fclke oldu\u011funu ve DEA\u015e&#8217;la m\u00fccadelede kilit rol oynad\u0131\u011f\u0131n\u0131&#8221; yazd\u0131.<\/p>\n\n\n\n<p><strong>&#8220;YPG, B\u0130R TER\u00d6R \u00d6RG\u00dcT\u00dcD\u00dcR. S\u0130Z DE BUNU DAHA \u00d6NCE KABUL ETM\u0130\u015eT\u0130N\u0130Z. NEDEN F\u0130KR\u0130N\u0130Z\u0130 DE\u011e\u0130\u015eT\u0130RD\u0130N\u0130Z?&#8221;<\/strong><\/p>\n\n\n\n<p>Stoltenberg, Ba\u015fkan Erdo\u011fan&#8217;\u0131n 2019&#8217;daki Bar\u0131\u015f P\u0131nar\u0131 Harekat\u0131 \u00f6ncesinde Suriye&#8217;nin kuzeyinde g\u00fcvenli b\u00f6lge olu\u015fturma hedefine dair an\u0131lar\u0131n\u0131 \u015f\u00f6yle anlatt\u0131:<\/p>\n\n\n\n<p>&#8220;Her defas\u0131nda y\u00fcz y\u00fcze ya da telefonda yap\u0131lan g\u00f6r\u00fc\u015fmelerde, Erdo\u011fan ayn\u0131 fikre d\u00f6n\u00fcyordu: Suriye&#8217;de bir g\u00fcvenlik b\u00f6lgesi olu\u015fturmak. T\u00fcrkiye&#8217;yi farkl\u0131 silahl\u0131 gruplardan koruyacak bir tampon b\u00f6lge. NATO&#8217;nun ve ABD&#8217;nin deste\u011fiyle kurulacak bir askeri b\u00f6lge. Ancak ben ona s\u00fcrekli olarak, \u0130ttifak&#8217;\u0131n (NATO&#8217;nun) hi\u00e7bir zaman Suriye&#8217;nin toprak b\u00fct\u00fcnl\u00fc\u011f\u00fcne y\u00f6nelik bir ihlali onaylamayaca\u011f\u0131n\u0131 hat\u0131rlatmak zorundayd\u0131m.&#8221;<\/p>\n\n\n\n<p>Erdo\u011fan&#8217;\u0131n bu nedenle tek ba\u015f\u0131na hareket etmeye karar verdi\u011fini belirten Stoltenberg, d\u00f6nemin ABD Ba\u015fkan\u0131 Donald Trump&#8217;a, Suriye&#8217;nin kuzeyinde b\u00fcy\u00fck bir askeri operasyon ba\u015flatma karar\u0131n\u0131 bildirdi\u011fini, bunun \u00fczerine ABD&#8217;nin birliklerini bu b\u00f6lgeden \u00e7ekece\u011fini duyurdu\u011funu aktard\u0131.<\/p>\n\n\n\n<p>Stoltenberg, Ba\u015fkan Erdo\u011fan&#8217;\u0131n konuya ili\u015fkin s\u00f6yleminin kesin oldu\u011funu \u015fu s\u00f6zlerde aktard\u0131:<\/p>\n\n\n\n<p>&#8220;T\u00fcrk operasyonu, zorunluydu. YPG, bir ter\u00f6r \u00f6rg\u00fct\u00fcd\u00fcr. Siz de bunu daha \u00f6nce kabul etmi\u015ftiniz. Neden fikrinizi de\u011fi\u015ftirdiniz? Onlara DEA\u015e&#8217;la sava\u015fmak i\u00e7in ihtiya\u00e7 duyuyorsunuz ama bu onlar\u0131 daha az ter\u00f6rist yapm\u0131yor.&#8221;<\/p>\n\n\n\n<p>Stoltenberg, &#8220;Erdo\u011fan &#8216;siz&#8217; derken, Bat\u0131&#8217;y\u0131 genel olarak kastediyordu. Ona g\u00f6re, Bat\u0131, yine ayn\u0131 korkun\u00e7 hatalar\u0131 yap\u0131yordu.&#8221; ifadelerini kulland\u0131.<\/p>\n\n\n\n<p><strong>&#8220;T\u00dcRK\u0130YE&#8217;N\u0130N NATO \u00dcLKELER\u0130 ARASINDA EN \u00c7OK TER\u00d6RDEN ETK\u0130LENENLERDEN B\u0130R\u0130 OLDU\u011eU \u0130NKAR ED\u0130LEMEZD\u0130&#8221;<\/strong><\/p>\n\n\n\n<p>Stoltenberg, Ba\u015fkan Erdo\u011fan&#8217;\u0131n T\u00fcrkiye&#8217;de ger\u00e7ekle\u015fen farkl\u0131 ter\u00f6r sald\u0131r\u0131lar\u0131ndan ve hayat\u0131n\u0131 kaybedenlerden uzunca bahsetti\u011fini kaydederek, &#8220;B\u00fct\u00fcn bu say\u0131lar\u0131 kendim teyit edemezdim ancak birka\u00e7 saat \u00f6nceki bas\u0131n toplant\u0131s\u0131nda da dahil olmak \u00fczere daha \u00f6nce benim de bir\u00e7ok defa alt\u0131n\u0131 \u00e7izdi\u011fim gibi, T\u00fcrkiye&#8217;nin NATO \u00fclkeleri aras\u0131nda en \u00e7ok ter\u00f6rden etkilenenlerden biri oldu\u011fu inkar edilemezdi.&#8221; ifadesini kulland\u0131.<\/p>\n\n\n\n<p>ABD ve bir\u00e7ok ortaklar\u0131n\u0131n, uzun bir s\u00fcre ter\u00f6r \u00f6rg\u00fctleri PKK ve PKK\/YPG&#8217;yi ayn\u0131 \u00f6rg\u00fct\u00fcn farkl\u0131 kollar\u0131 olarak g\u00f6rd\u00fc\u011f\u00fcn\u00fc belirten Stoltenberg, &#8220;ABD ve NATO&#8217;nun ba\u015fka \u00fclkeleri i\u00e7in, ter\u00f6r devletini ortadan kald\u0131rmak i\u00e7in YPG&#8217;lileri silahland\u0131rmaya ba\u015flad\u0131ktan sonra onlar\u0131n ter\u00f6rist oldu\u011funu savunmak art\u0131k m\u00fcmk\u00fcn de\u011fildi.&#8221; de\u011ferlendirmesinde bulundu.<\/p>\n\n\n\n<p><strong>&#8220;O HALDE MISIR Y\u0130YECE\u011e\u0130Z&#8221;<\/strong><\/p>\n\n\n\n<p>Stoltenberg, Ba\u015fkan Erdo\u011fan&#8217;la birlikte geleneksel bardaklarla \u00e7ay i\u00e7tikleri bir an\u0131y\u0131 da payla\u015farak, \u015funlar\u0131 kaydetti:<\/p>\n\n\n\n<p>&#8220;\u015ea\u015f\u0131rm\u0131\u015f bir ifade tak\u0131nm\u0131\u015f olmal\u0131y\u0131m \u00e7\u00fcnk\u00fc Erdo\u011fan sorusunu tekrarlad\u0131: &#8216;M\u0131s\u0131r&#8217;\u0131 sever misiniz? Tam da m\u0131s\u0131r sezonunday\u0131z.&#8217; dedi. &#8216;M\u0131s\u0131r\u0131 severim.&#8217; dedim. &#8216;O halde m\u0131s\u0131r yiyece\u011fiz.&#8217; dedi Erdo\u011fan, kap\u0131n\u0131n yan\u0131ndaki bir g\u00f6revliye i\u015faret ederek. Birka\u00e7 dakika sonra, \u00f6n\u00fcm\u00fcze alt\u0131n sar\u0131s\u0131 m\u0131s\u0131r ko\u00e7anlar\u0131yla dolu b\u00fcy\u00fck bir tepsi getirildi ve onlar\u0131 avu\u00e7lad\u0131k. 8-10 ki\u015fi kadard\u0131k; herkes ne\u015feyle m\u0131s\u0131rlar\u0131n\u0131 yedi. Ayr\u0131ca kavrulmu\u015f kestaneler de ikram edilmi\u015fti.&#8221;<\/p>\n\n\n\n<p>Ba\u015fkan Erdo\u011fan&#8217;\u0131n ABD&#8217;nin Suriye&#8217;de bulunmak i\u00e7in yasal bir dayana\u011f\u0131 olabiliyorsa, T\u00fcrkiye&#8217;nin neden olamayaca\u011f\u0131n\u0131 sordu\u011fundan bahseden Stoltenberg, Ba\u015fkan Erdo\u011fan&#8217;\u0131n, ter\u00f6r sald\u0131r\u0131lar\u0131 nedeniyle binlerce T\u00fcrk vatanda\u015f\u0131n\u0131n hayat\u0131n\u0131 kaybetti\u011fini dile getirdi\u011fini belirtti.<\/p>\n\n\n\n<p><strong>&#8220;B\u0130R KEZ DAHA ERDO\u011eAN HAKLIYDI&#8221;<\/strong><\/p>\n\n\n\n<p>Stoltenberg, Ba\u015fkan Erdo\u011fan&#8217;\u0131n kendisine &#8220;Ter\u00f6ristleri etkisiz hale getirmek i\u00e7in Suriye&#8217;ye gitmek e\u011fer uluslararas\u0131 hukuka ihlal te\u015fkil ediyorsa, o zaman ABD, \u0130ngiltere ve NATO&#8217;nun di\u011fer \u00fclkeleri hangi hakla DEA\u015e&#8217;\u0131n ter\u00f6ristleriyle m\u00fccadele etmek i\u00e7in askerler ve sava\u015f u\u00e7aklar\u0131 g\u00f6nderiyor?&#8221; diye sordu\u011funu aktararak, \u015fu de\u011ferlendirmelerde bulundu:<\/p>\n\n\n\n<p>&#8220;Bir kez daha Erdo\u011fan hakl\u0131yd\u0131. NATO&#8217;nun da destekledi\u011fi ve ABD&#8217;nin y\u00fcr\u00fctt\u00fc\u011f\u00fc koalisyon arac\u0131l\u0131\u011f\u0131yla DEA\u015e&#8217;\u0131 yok etmek i\u00e7in karadan ve havadan b\u00fcy\u00fck \u00e7apl\u0131 askeri bir operasyon y\u00fcr\u00fct\u00fcyorduk. Bunu, Birle\u015fmi\u015f Milletler G\u00fcvenlik Konseyi&#8217;nden a\u00e7\u0131k bir yetki olmadan y\u00fcr\u00fct\u00fcyorduk. T\u0131pk\u0131 T\u00fcrkiye&#8217;nin savundu\u011fu gibi, biz de me\u015fru m\u00fcdafaa ilkesi \u00e7er\u00e7evesinde hareket ediyorduk.&#8221;<\/p>\n\n\n\n<p><strong>&#8220;ANAHTAR, CUMHURBA\u015eKANI ERDO\u011eAN&#8217;IN EL\u0130NDEYD\u0130&#8221;<\/strong><\/p>\n\n\n\n<p>Stoltenberg, kitab\u0131nda, Finlandiya ve \u0130sve\u00e7&#8217;in \u00fcyelik s\u00fcrecinde T\u00fcrkiye&#8217;nin oynad\u0131\u011f\u0131 role de de\u011findi.<\/p>\n\n\n\n<p>2022 Kas\u0131m ay\u0131n\u0131n ba\u015flar\u0131nda \u0130stanbul&#8217;u ziyaret etti\u011fini, Ba\u015fkan Erdo\u011fan ile e\u015fi Emine Erdo\u011fan&#8217;\u0131n kendilerini en iyi \u015fekilde a\u011f\u0131rlad\u0131\u011f\u0131n\u0131 \u015fu s\u00f6zlerle anlatt\u0131:<\/p>\n\n\n\n<p>&#8220;(Bo\u011faz turunda) \u0130stanbul&#8217;un eski belediye ba\u015fkan\u0131 olan Erdo\u011fan&#8217;\u0131n anlatt\u0131\u011f\u0131 say\u0131s\u0131z anekdotla da yolculuk daha da ilgin\u00e7le\u015fti. Normalde k\u0131rm\u0131z\u0131 \u0131\u015f\u0131klarla ayd\u0131nlat\u0131lan k\u00f6pr\u00fcler, bu kez NATO mavisine b\u00fcr\u00fcnm\u00fc\u015ft\u00fc. Hava keyifliydi, sohbet kolayca akt\u0131.&#8221;<\/p>\n\n\n\n<p>Stoltenberg, Erdo\u011fan&#8217;\u0131n kendisine, &#8220;Ter\u00f6rle m\u00fccadelede yeterince ad\u0131m atmad\u0131lar. Onay s\u00fcrecinin nas\u0131l ilerleyece\u011fini belirleyecek olan atacaklar\u0131 bu ad\u0131mlard\u0131r.&#8221; dedi\u011fini aktard\u0131.<\/p>\n\n\n\n<p>\u0130ki \u00fclkenin ayn\u0131 anda \u00fcye olmas\u0131ndan yana oldu\u011funu vurgulayan Stoltenberg, &#8220;Anahtar, Cumhurba\u015fkan\u0131 Erdo\u011fan&#8217;\u0131n elindeydi.&#8221; ifadesini kulland\u0131.<\/p>\n\n\n\n<p>Stoltenberg, Stockholm&#8217;deki T\u00fcrk B\u00fcy\u00fckel\u00e7ili\u011fi \u00f6n\u00fcnde Kur&#8217;an-\u0131 Kerim yak\u0131lmas\u0131 olay\u0131na de\u011finerek, &#8220;Erdo\u011fan, b\u00f6yle bir sayg\u0131s\u0131zl\u0131\u011fa izin veren bir \u00fclkenin, NATO&#8217;ya kat\u0131lma talebini destekleyemeyece\u011fini a\u00e7\u0131k\u00e7a belirtti. Bu olaydan sonra T\u00fcrkiye, Finlandiya ve \u0130sve\u00e7 aras\u0131ndaki t\u00fcm g\u00f6r\u00fc\u015fmeler ask\u0131ya al\u0131nd\u0131.&#8221; de\u011ferlendirmesinde bulundu.<\/p>\n\n\n\n<p><strong>&#8220;PORO\u015eENKO, T\u00dcRK\u0130YE&#8217;N\u0130N UKRAYNA&#8217;YA BAYRAKTAR \u0130HA&#8217;LARINI TESL\u0130M ETMES\u0130NDEN MEMNUNDU&#8221;<\/strong><\/p>\n\n\n\n<p>Jens Stoltenberg, kitab\u0131nda, tarih belirtmeksizin, eski Ukrayna Devlet Ba\u015fkan\u0131 Petro Poro\u015fenko ile Kiev&#8217;e d\u00f6n\u00fc\u015f u\u00e7u\u015funda yapt\u0131\u011f\u0131 bir konu\u015fmaya da yer verdi.<\/p>\n\n\n\n<p>Stoltenberg, Ukrayna&#8217;n\u0131n NATO \u00fcyeli\u011finin zaman alaca\u011f\u0131n\u0131, \u0130sve\u00e7 ile Finlandiya \u00f6rne\u011finde oldu\u011fu gibi ad\u0131m ad\u0131m ilerlenmesi gerekti\u011fini vurgulad\u0131\u011f\u0131n\u0131, Poro\u015fenko&#8217;nun ise bu yakla\u015f\u0131m\u0131 yeterli bulmad\u0131\u011f\u0131n\u0131 anlatt\u0131.<\/p>\n\n\n\n<p>Poro\u015fenko&#8217;nun kendisini dikkatle dinledi\u011fini ancak temel g\u00f6r\u00fc\u015flerinden \u00f6d\u00fcn vermedi\u011fini vurgulayan Stoltenberg, \u015fu ifadeleri kulland\u0131:<\/p>\n\n\n\n<p>&#8220;Ukrayna&#8217;n\u0131n daha fazla silaha ve te\u00e7hizata ihtiyac\u0131 vard\u0131. Dronlara, tanksavar savunmalar\u0131na ve modern hava savunma sistemlerine acil ihtiya\u00e7 duyuyorlard\u0131. T\u00fcrkiye&#8217;nin geli\u015fmi\u015f Bayraktar dronlar\u0131n\u0131 tedarik etmesinden dolay\u0131 minnettard\u0131, fakat ABD ve di\u011fer NATO \u00fclkelerinin Ukrayna&#8217;ya silah satmay\u0131 reddetmelerinden ho\u015fnut de\u011fildi. Norve\u00e7&#8217;ten s\u00f6z etti; ben ise \u00fclkemin, devam eden \u00e7at\u0131\u015fmalarda yer alan \u00fclkelere silah satmama politikas\u0131 oldu\u011funu a\u00e7\u0131klad\u0131m.&#8221;<\/p>\n\n\n\n<p>Bu noktada Poro\u015fenko&#8217;nun, &#8220;Tam da sava\u015fta oldu\u011fumuz i\u00e7in silaha ihtiyac\u0131m\u0131z var.&#8221; diye itiraz etti\u011fini aktaran Stoltenberg, ancak her \u015feyden daha \u00f6nemli olan\u0131n, Ukrayna&#8217;n\u0131n NATO&#8217;ya kat\u0131lmas\u0131na izin verilmesi oldu\u011funu belirtti.<\/p>\n\n\n\n<p>Stoltenberg, kitab\u0131nda, Poro\u015fenko&#8217;nun, &#8220;Biz Rusya&#8217;ya g\u00fcvenmiyoruz. Ukrayna, NATO \u00fcyesi olmad\u0131k\u00e7a g\u00fcvende olmayacak.&#8221; ifadelerine yer verdi.<\/p>\n\n\n\n<p><strong>&#8220;BA\u015eARISIZ DARBE G\u0130R\u0130\u015e\u0130M\u0130N\u0130N NE DENL\u0130 YIKICI OLDU\u011eUNU B\u0130ZZAT G\u00d6RD\u00dcM&#8221;<\/strong><\/p>\n\n\n\n<p>Eski NATO Genel Sekreteri Stoltenberg, kitab\u0131nda 15 Temmuz darbe giri\u015fimine de de\u011finerek, Ankara&#8217;ya yapt\u0131\u011f\u0131 ziyarette, ba\u015far\u0131s\u0131z darbe giri\u015fiminin ne denli y\u0131k\u0131c\u0131 oldu\u011funu bizzat g\u00f6rd\u00fc\u011f\u00fcn\u00fc anlatt\u0131.<\/p>\n\n\n\n<p>Stoltenberg, kitab\u0131nda, ziyaretteki izlenimlerini \u015fu s\u00f6zlerle aktard\u0131:<\/p>\n\n\n\n<p>&#8220;TBMM&#8217;nin Genel Kurul salonunda beton ve moloz y\u0131\u011f\u0131nlar\u0131 etrafa da\u011f\u0131lm\u0131\u015ft\u0131. \u00dcst\u00fcmde, bir bomban\u0131n \u00e7at\u0131y\u0131 delip ge\u00e7ti\u011fi kocaman bir delik vard\u0131. O s\u0131rada yan odada bulunmu\u015f olan bir\u00e7ok milletvekili, bana oray\u0131 g\u00f6steren parlamenter taraf\u0131ndan anlat\u0131lm\u0131\u015ft\u0131. Milletvekilleri, o ak\u015fam boyunca parlamentoyu korumak i\u00e7in orada toplanm\u0131\u015flard\u0131. Bomba birka\u00e7 santim daha yak\u0131na d\u00fc\u015fseydi, pek \u00e7o\u011fu hayat\u0131n\u0131 kaybedecekti. Bu, Norve\u00e7 Parlamentosu&#8217;ndaki en b\u00fcy\u00fck salonlardan birinin parampar\u00e7a edilmesine denk bir olayd\u0131.&#8221;<\/p>\n\n\n\n<p>Stoltenberg, 16 Temmuz sabaha kar\u015f\u0131 darbecilerin bast\u0131r\u0131ld\u0131\u011f\u0131n\u0131, yakla\u015f\u0131k 300 ki\u015finin hayat\u0131n\u0131 kaybetti\u011fini ve 2 bin 100 ki\u015finin yaraland\u0131\u011f\u0131n\u0131 kaydetti.<\/p>\n\n\n\n<p>Eski NATO Genel Sekreteri, kitab\u0131nda, &#8220;Darbe gecesi, T\u00fcrkiye&#8217;nin me\u015fru h\u00fck\u00fcmetine deste\u011fimi a\u00e7\u0131klad\u0131m. T\u00fcrkler, Bat\u0131&#8217;daki tepkilerden derin bir hayal k\u0131r\u0131kl\u0131\u011f\u0131na u\u011fram\u0131\u015flard\u0131; bu tepkilerin \u00e7ok zay\u0131f ve \u00e7ok ge\u00e7 oldu\u011funu d\u00fc\u015f\u00fcn\u00fcyorlard\u0131. Erdo\u011fan bana, &#8216;Sadece Theresa May, Carl Bildt ve siz arkam\u0131zda durdunuz.&#8217; dedi.&#8221; ifadelerine yer verdi.<\/p>\n\n\n\n<p>Stoltenberg, T\u00fcrklerin, di\u011fer m\u00fcttefiklerden farkl\u0131 muamele g\u00f6rd\u00fcklerini d\u00fc\u015f\u00fcnd\u00fcklerini dile getirerek, \u015funlar\u0131 yazd\u0131:<\/p>\n\n\n\n<p>&#8220;T\u00fcrkler, di\u011fer m\u00fcttefiklerden farkl\u0131 muamele g\u00f6rd\u00fcklerini hissediyorlard\u0131. Erdo\u011fan, T\u00fcrkiye&#8217;nin ayn\u0131 \u015fekilde g\u00f6r\u00fclmedi\u011fine, e\u011fer di\u011fer NATO \u00fclkeleri benzer bir trajedi ya\u015fam\u0131\u015f olsayd\u0131, tepkilerin \u00e7ok farkl\u0131 olaca\u011f\u0131na inan\u0131yordu. Erdo\u011fan ve halk\u0131, darbe giri\u015fimini bir ter\u00f6r eylemi olarak de\u011ferlendiriyor ve daha geni\u015f d\u00fcnyadan destek ar\u0131yorlard\u0131. Erdo\u011fan bana, &#8216;Her seferinde biz ter\u00f6rizmin kurban\u0131 oldu\u011fumuzda hangi dayan\u0131\u015fma g\u00f6sterileri d\u00fczenleniyor?&#8217; diye sormu\u015ftu.&#8221;<\/p>\n\n\n\n<p><strong>&#8220;T\u00dcRK\u0130YE, NATO GENEL SEKRETER\u0130 OLDU\u011eUM D\u00d6NEMDE \u0130LG\u0130 ODA\u011eIM HAL\u0130NE GELD\u0130&#8221;<\/strong><\/p>\n\n\n\n<p>Stoltenberg, Norve\u00e7 Ba\u015fbakan\u0131 oldu\u011fu d\u00f6nemde, T\u00fcrkiye ile ili\u015fkisinin di\u011fer Bat\u0131 Avrupa liderlerinden farkl\u0131 olmad\u0131\u011f\u0131n\u0131, ancak NATO Genel Sekreteri olarak g\u00f6rev yapt\u0131\u011f\u0131 d\u00f6nemde bunun de\u011fi\u015fti\u011fini vurgulad\u0131.<\/p>\n\n\n\n<p>Eski NATO Genel Sekreteri, &#8220;T\u00fcrkiye, I\u015e\u0130D (DEA\u015e) ile m\u00fccadelede ve nihayetinde NATO&#8217;ya yeni \u00fclkelerin kabul\u00fc konusunda \u00fclkenin stratejik \u00f6nemi nedeniyle ilgi oda\u011f\u0131m haline geldi.&#8221; de\u011ferlendirmesinde bulundu.<\/p>\n","protected":false},"excerpt":{"rendered":"<p>Eski NATO Genel Sekreteri Jens Stoltenberg kitab\u0131nda, Finlandiya ve \u0130sve\u00e7&#8217;in \u00fcyelik s\u00fcrecinde T\u00fcrkiye&#8217;nin oynad\u0131\u011f\u0131 role de de\u011findi. \u0130ki \u00fclkenin ayn\u0131 anda \u00fcye olmas\u0131ndan yana oldu\u011funu vurgulayan Stoltenberg, &#8220;Anahtar, Cumhurba\u015fkan\u0131 Erdo\u011fan&#8217;\u0131n elindeydi.&#8221; ifadesini kulland\u0131. Stoltenberg&#8217;in, 1 Ekim 2014-1 Ekim 2024 d\u00f6neminde s\u00fcrd\u00fcrd\u00fc\u011f\u00fc g\u00f6revine ili\u015fkin &#8220;Benim D\u00f6nemimde: Sava\u015f Zaman\u0131nda NATO&#8217;ya Liderlik (On My Watch\/Leading NATO in a [&hellip;]<\/p>\n","protected":false},"author":1,"featured_media":5876,"comment_status":"open","ping_status":"open","sticky":false,"template":"","format":"standard","meta":{"footnotes":""},"categories":[11],"tags":[846,1909,900,1908],"class_list":["post-5875","post","type-post","status-publish","format-standard","has-post-thumbnail","hentry","category-manset","tag-cumhurbaskani-erdogan","tag-deas","tag-nato","tag-stoltenberg"],"_links":{"self":[{"href":"https:\/\/www.trabzonmanset.com\/index.php\/wp-json\/wp\/v2\/posts\/5875","targetHints":{"allow":["GET"]}}],"collection":[{"href":"https:\/\/www.trabzonmanset.com\/index.php\/wp-json\/wp\/v2\/posts"}],"about":[{"href":"https:\/\/www.trabzonmanset.com\/index.php\/wp-json\/wp\/v2\/types\/post"}],"author":[{"embeddable":true,"href":"https:\/\/www.trabzonmanset.com\/index.php\/wp-json\/wp\/v2\/users\/1"}],"replies":[{"embeddable":true,"href":"https:\/\/www.trabzonmanset.com\/index.php\/wp-json\/wp\/v2\/comments?post=5875"}],"version-history":[{"count":1,"href":"https:\/\/www.trabzonmanset.com\/index.php\/wp-json\/wp\/v2\/posts\/5875\/revisions"}],"predecessor-version":[{"id":5877,"href":"https:\/\/www.trabzonmanset.com\/index.php\/wp-json\/wp\/v2\/posts\/5875\/revisions\/5877"}],"wp:featuredmedia":[{"embeddable":true,"href":"https:\/\/www.trabzonmanset.com\/index.php\/wp-json\/wp\/v2\/media\/5876"}],"wp:attachment":[{"href":"https:\/\/www.trabzonmanset.com\/index.php\/wp-json\/wp\/v2\/media?parent=5875"}],"wp:term":[{"taxonomy":"category","embeddable":true,"href":"https:\/\/www.trabzonmanset.com\/index.php\/wp-json\/wp\/v2\/categories?post=5875"},{"taxonomy":"post_tag","embeddable":true,"href":"https:\/\/www.trabzonmanset.com\/index.php\/wp-json\/wp\/v2\/tags?post=5875"}],"curies":[{"name":"wp","href":"https:\/\/api.w.org\/{rel}","templated":true}]}}