{"id":5841,"date":"2025-10-21T15:22:00","date_gmt":"2025-10-21T12:22:00","guid":{"rendered":"https:\/\/www.trabzonmanset.com\/?p=5841"},"modified":"2025-10-21T19:24:14","modified_gmt":"2025-10-21T16:24:14","slug":"sergen-yalcinin-kupon-paylasimi-bardagi-tasirdi-taraftarlar-kazan-kaldirdi","status":"publish","type":"post","link":"https:\/\/www.trabzonmanset.com\/index.php\/2025\/10\/21\/sergen-yalcinin-kupon-paylasimi-bardagi-tasirdi-taraftarlar-kazan-kaldirdi\/","title":{"rendered":"Sergen Yal\u00e7\u0131n&#8217;\u0131n &#8216;kupon&#8217; payla\u015f\u0131m\u0131 barda\u011f\u0131 ta\u015f\u0131rd\u0131! Taraftarlar kazan kald\u0131rd\u0131!"},"content":{"rendered":"\n<p>Be\u015fikta\u015f Teknik Direkt\u00f6r\u00fc Sergen Yal\u00e7\u0131n, anla\u015fmal\u0131 oldu\u011fu bir at yar\u0131\u015f\u0131 sitesi \u00fczerinden \u0130stanbul 2. Alt\u0131l\u0131s\u0131 i\u00e7in haz\u0131rlanan kuponunu payla\u015ft\u0131. Bunun \u00fczerine taraftar isyan etti.<\/p>\n\n\n\n<p>Be\u015fikta\u015f&#8217;ta Teknik Direkt\u00f6r Sergen Yal\u00e7\u0131n&#8217;\u0131n anla\u015fmal\u0131 oldu\u011fu bir at yar\u0131\u015f\u0131 sitesi \u00fczerinden \u0130stanbul 2. Alt\u0131l\u0131s\u0131 i\u00e7in haz\u0131rlanan kuponunu payla\u015fmas\u0131 taraftar\u0131 isyan ettirdi.<\/p>\n\n\n\n<p>Siyah-beyazl\u0131 ekip, S\u00fcper Lig&#8217;in 9. haftas\u0131nda sahas\u0131nda Gen\u00e7lerbirli\u011fi&#8217;ne 2-1 ma\u011flup olarak taraftar\u0131n\u0131 hayal k\u0131r\u0131kl\u0131\u011f\u0131na u\u011fratt\u0131.<br><br>\u00dcst \u00fcste gelen ba\u015far\u0131s\u0131z sonu\u00e7lar sonras\u0131 Yal\u00e7\u0131n, ma\u00e7 sonu yapt\u0131\u011f\u0131 a\u00e7\u0131klamada, &#8220;Konu\u015facak \u00e7ok konu var ama zaman\u0131 de\u011fil&#8221; demi\u015fti. Ancak bu a\u00e7\u0131klamadan k\u0131sa s\u00fcre sonra yap\u0131lan bir &#8216;kupon&#8217; payla\u015f\u0131m\u0131, taraftarlar\u0131n sabr\u0131n\u0131 ta\u015f\u0131rd\u0131.<\/p>\n\n\n\n<figure class=\"wp-block-image size-full\"><img loading=\"lazy\" decoding=\"async\" width=\"579\" height=\"622\" src=\"https:\/\/www.trabzonmanset.com\/wp-content\/uploads\/2025\/10\/ZAo2n_1761041999_1291.webp?wsr\" alt=\"\" class=\"wp-image-5842\" srcset=\"https:\/\/www.trabzonmanset.com\/wp-content\/uploads\/2025\/10\/ZAo2n_1761041999_1291.webp 579w, https:\/\/www.trabzonmanset.com\/wp-content\/uploads\/2025\/10\/ZAo2n_1761041999_1291-279x300.webp 279w\" sizes=\"auto, (max-width: 579px) 100vw, 579px\" \/><\/figure>\n\n\n\n<p><strong>&#8220;KUPON PAYLA\u015eIMI&#8221; TEPK\u0130 \u00c7EKT\u0130<\/strong><\/p>\n\n\n\n<p>Sergen Yal\u00e7\u0131n&#8217;\u0131n ismini ta\u015f\u0131yan ve i\u015f birli\u011fi yapt\u0131\u011f\u0131 at yar\u0131\u015f\u0131 sitesi, \u0130stanbul 2. Alt\u0131l\u0131s\u0131 i\u00e7in haz\u0131rlanan kuponu sosyal medya hesaplar\u0131ndan duyurdu.<br><br>&#8220;Sergen Yal\u00e7\u0131n&#8217;\u0131n ortak kuponu yay\u0131nda&#8221; ifadeleriyle yap\u0131lan payla\u015f\u0131m, k\u0131sa s\u00fcrede binlerce yorum ald\u0131. Be\u015fikta\u015f taraftarlar\u0131n\u0131n bir b\u00f6l\u00fcm\u00fc, tak\u0131m k\u00f6t\u00fc giderken tak\u0131m\u0131n teknik direkt\u00f6r\u00fcn\u00fcn b\u00f6yle bir payla\u015f\u0131m yapmas\u0131na b\u00fcy\u00fck tepki g\u00f6sterdi.<\/p>\n\n\n\n<p>Yal\u00e7\u0131n&#8217;\u0131n kupon payla\u015f\u0131m\u0131, X ve Instagram&#8217;da g\u00fcndem olurken bir\u00e7ok taraftar, &#8220;Tak\u0131m d\u00fc\u015f\u00fc\u015fteyken bu payla\u015f\u0131mlar yak\u0131\u015fm\u0131yor&#8221; \u015feklinde yorumlarda bulundu.<\/p>\n\n\n\n<p><\/p>\n","protected":false},"excerpt":{"rendered":"<p>Be\u015fikta\u015f Teknik Direkt\u00f6r\u00fc Sergen Yal\u00e7\u0131n, anla\u015fmal\u0131 oldu\u011fu bir at yar\u0131\u015f\u0131 sitesi \u00fczerinden \u0130stanbul 2. Alt\u0131l\u0131s\u0131 i\u00e7in haz\u0131rlanan kuponunu payla\u015ft\u0131. Bunun \u00fczerine taraftar isyan etti. Be\u015fikta\u015f&#8217;ta Teknik Direkt\u00f6r Sergen Yal\u00e7\u0131n&#8217;\u0131n anla\u015fmal\u0131 oldu\u011fu bir at yar\u0131\u015f\u0131 sitesi \u00fczerinden \u0130stanbul 2. Alt\u0131l\u0131s\u0131 i\u00e7in haz\u0131rlanan kuponunu payla\u015fmas\u0131 taraftar\u0131 isyan ettirdi. Siyah-beyazl\u0131 ekip, S\u00fcper Lig&#8217;in 9. haftas\u0131nda sahas\u0131nda Gen\u00e7lerbirli\u011fi&#8217;ne 2-1 [&hellip;]<\/p>\n","protected":false},"author":1,"featured_media":5843,"comment_status":"open","ping_status":"open","sticky":false,"template":"","format":"standard","meta":{"footnotes":""},"categories":[14],"tags":[1889,915,1888,1887,712],"class_list":["post-5841","post","type-post","status-publish","format-standard","has-post-thumbnail","hentry","category-spor","tag-altili-ganyan","tag-besiktas","tag-kupon","tag-sergen-yalcin","tag-trabzon-manset"],"_links":{"self":[{"href":"https:\/\/www.trabzonmanset.com\/index.php\/wp-json\/wp\/v2\/posts\/5841","targetHints":{"allow":["GET"]}}],"collection":[{"href":"https:\/\/www.trabzonmanset.com\/index.php\/wp-json\/wp\/v2\/posts"}],"about":[{"href":"https:\/\/www.trabzonmanset.com\/index.php\/wp-json\/wp\/v2\/types\/post"}],"author":[{"embeddable":true,"href":"https:\/\/www.trabzonmanset.com\/index.php\/wp-json\/wp\/v2\/users\/1"}],"replies":[{"embeddable":true,"href":"https:\/\/www.trabzonmanset.com\/index.php\/wp-json\/wp\/v2\/comments?post=5841"}],"version-history":[{"count":1,"href":"https:\/\/www.trabzonmanset.com\/index.php\/wp-json\/wp\/v2\/posts\/5841\/revisions"}],"predecessor-version":[{"id":5844,"href":"https:\/\/www.trabzonmanset.com\/index.php\/wp-json\/wp\/v2\/posts\/5841\/revisions\/5844"}],"wp:featuredmedia":[{"embeddable":true,"href":"https:\/\/www.trabzonmanset.com\/index.php\/wp-json\/wp\/v2\/media\/5843"}],"wp:attachment":[{"href":"https:\/\/www.trabzonmanset.com\/index.php\/wp-json\/wp\/v2\/media?parent=5841"}],"wp:term":[{"taxonomy":"category","embeddable":true,"href":"https:\/\/www.trabzonmanset.com\/index.php\/wp-json\/wp\/v2\/categories?post=5841"},{"taxonomy":"post_tag","embeddable":true,"href":"https:\/\/www.trabzonmanset.com\/index.php\/wp-json\/wp\/v2\/tags?post=5841"}],"curies":[{"name":"wp","href":"https:\/\/api.w.org\/{rel}","templated":true}]}}