{"id":5834,"date":"2025-10-21T13:14:00","date_gmt":"2025-10-21T10:14:00","guid":{"rendered":"https:\/\/www.trabzonmanset.com\/?p=5834"},"modified":"2025-10-21T19:15:45","modified_gmt":"2025-10-21T16:15:45","slug":"mattia-ahmet-minguzzi-davasinda-karar-aciklandi","status":"publish","type":"post","link":"https:\/\/www.trabzonmanset.com\/index.php\/2025\/10\/21\/mattia-ahmet-minguzzi-davasinda-karar-aciklandi\/","title":{"rendered":"Mattia Ahmet Minguzzi davas\u0131nda karar a\u00e7\u0131kland\u0131"},"content":{"rendered":"\n<p>Kad\u0131k\u00f6y&#8217;de b\u0131\u00e7akl\u0131 sald\u0131r\u0131ya u\u011frayan 15 ya\u015f\u0131ndaki Mattia Ahmet Minguzzi&#8217;nin \u00f6l\u00fcm\u00fcne ili\u015fkin 4 san\u0131\u011f\u0131n yarg\u0131land\u0131\u011f\u0131 davada tutuklu san\u0131klar B.B. ve U.B. hakk\u0131nda 24 y\u0131l hapis cezas\u0131 verilirken, 2 san\u0131\u011f\u0131n beraatine h\u00fckmedildi. Karar\u0131n ard\u0131ndan fenala\u015fan anne Yasemin Minguzzi ambulansa al\u0131nd\u0131.<\/p>\n\n\n\n<p>Kad\u0131k\u00f6y&#8217;de, 24 Ocak 2025 tarihinde 15 ya\u015f\u0131ndaki Mattia Ahmet Minguzzi&#8217;nin pazarda b\u0131\u00e7aklanarak \u00f6ld\u00fcr\u00fclmesine ili\u015fkin tutuklu san\u0131klar B.B. ve U.B.&#8217;nin &#8216;\u00e7ocu\u011fa kar\u015f\u0131 kasten \u00f6ld\u00fcrme&#8217; su\u00e7undan 24&#8217;er y\u0131la kadar, san\u0131klara yard\u0131m eden M.A.D. ve A.\u00d6.&#8217;n\u00fcn ise 20 y\u0131la kadar hapis talebiyle yarg\u0131land\u0131\u011f\u0131 dava karara ba\u011fland\u0131. Kartal Anadolu 2. \u00c7ocuk A\u011f\u0131r Ceza Mahkemesi&#8217;nde g\u00f6r\u00fclen duru\u015fmaya, 4 tutuklu san\u0131k Ses ve G\u00f6r\u00fcnt\u00fcl\u00fc Bili\u015fim Sistemi (SEGB\u0130S) ile ba\u011flan\u0131rken, Minguzzi ailesi ve taraf avukatlar\u0131 salonda haz\u0131r bulundu.<br><br><strong>2 san\u0131\u011fa 24 y\u0131l, 2 san\u0131\u011fa beraat<\/strong><\/p>\n\n\n\n<p>Davay\u0131 karara ba\u011flayan mahkeme heyeti, tutuklu san\u0131klar B.B. ve U.B., en \u00fcst hadden 24 y\u0131l hapis cezas\u0131na \u00e7arpt\u0131r\u0131ld\u0131. \u2018\u00c7ocu\u011fa kar\u015f\u0131 kasten \u00f6ld\u00fcrme&#8217; su\u00e7undan 20 y\u0131la kadar hapsi istenen 2 san\u0131\u011f\u0131n ise beraatine karar verildi. Karar\u0131 duyunca g\u00f6zya\u015flar\u0131na bo\u011fulan anne Yasemin Minguzzi ve teyze Aylin Ak\u0131nc\u0131lar fenala\u015ft\u0131. Adliye d\u0131\u015f\u0131na \u00e7\u0131kar\u0131lan anne Yasemin Minguzzi ambulansa al\u0131nd\u0131.<\/p>\n\n\n\n<p><strong>Ba\u015fsavc\u0131l\u0131k, Minguzzi davas\u0131nda beraat kararlar\u0131na itiraz edilece\u011fini a\u00e7\u0131klad\u0131<\/strong><\/p>\n\n\n\n<p>\u0130stanbul Anadolu Cumhuriyet Ba\u015fsavc\u0131l\u0131\u011f\u0131 ise mahkemenin verdi\u011fi karara itiraz etti. Yap\u0131lan yaz\u0131l\u0131 bas\u0131n a\u00e7\u0131klamas\u0131nda, &#8220;Mahkemece yap\u0131lan 21\/10\/2025 tarihli duru\u015fmada Su\u00e7a S\u00fcr\u00fcklenen \u00e7ocuklar (B.B. ve U.B.)&#8217;n\u0131n \u00e7ocu\u011fu kasten \u00f6ld\u00fcrme su\u00e7undan T\u00fcrk Ceza Kanunu&#8217;nun 37\/1 maddesi delaletiyle TCK&#8217;n\u0131n 82\/1-e, 31\/3,63 maddeleri uyar\u0131nca 24 y\u0131l hapis cezas\u0131 ile cezaland\u0131r\u0131lmalar\u0131na ve tutukluluk hallerinin devam\u0131na, di\u011fer SS\u00c7&#8217;ler A.\u00d6. ve M.A.D. ise ayr\u0131 ayr\u0131 beraat ve tahliyelerine karar verilmi\u015ftir. M\u00fctalaaya ayk\u0131r\u0131 \u00e7\u0131kan hususlara ili\u015fkin ayr\u0131ca kanun yollar\u0131na ba\u015fvurulacakt\u0131r&#8221; denildi.<\/p>\n\n\n\n<p>Kaynak: \u0130HA<\/p>\n\n\n\n<p><\/p>\n","protected":false},"excerpt":{"rendered":"<p>Kad\u0131k\u00f6y&#8217;de b\u0131\u00e7akl\u0131 sald\u0131r\u0131ya u\u011frayan 15 ya\u015f\u0131ndaki Mattia Ahmet Minguzzi&#8217;nin \u00f6l\u00fcm\u00fcne ili\u015fkin 4 san\u0131\u011f\u0131n yarg\u0131land\u0131\u011f\u0131 davada tutuklu san\u0131klar B.B. ve U.B. hakk\u0131nda 24 y\u0131l hapis cezas\u0131 verilirken, 2 san\u0131\u011f\u0131n beraatine h\u00fckmedildi. Karar\u0131n ard\u0131ndan fenala\u015fan anne Yasemin Minguzzi ambulansa al\u0131nd\u0131. Kad\u0131k\u00f6y&#8217;de, 24 Ocak 2025 tarihinde 15 ya\u015f\u0131ndaki Mattia Ahmet Minguzzi&#8217;nin pazarda b\u0131\u00e7aklanarak \u00f6ld\u00fcr\u00fclmesine ili\u015fkin tutuklu san\u0131klar B.B. [&hellip;]<\/p>\n","protected":false},"author":1,"featured_media":5835,"comment_status":"open","ping_status":"open","sticky":false,"template":"","format":"standard","meta":{"footnotes":""},"categories":[1371,1],"tags":[1880,1881,1882,712],"class_list":["post-5834","post","type-post","status-publish","format-standard","has-post-thumbnail","hentry","category-asayis","category-gundem","tag-mattia-ahmet-minguzzi","tag-minguzzi","tag-minguzzi-davasi","tag-trabzon-manset"],"_links":{"self":[{"href":"https:\/\/www.trabzonmanset.com\/index.php\/wp-json\/wp\/v2\/posts\/5834","targetHints":{"allow":["GET"]}}],"collection":[{"href":"https:\/\/www.trabzonmanset.com\/index.php\/wp-json\/wp\/v2\/posts"}],"about":[{"href":"https:\/\/www.trabzonmanset.com\/index.php\/wp-json\/wp\/v2\/types\/post"}],"author":[{"embeddable":true,"href":"https:\/\/www.trabzonmanset.com\/index.php\/wp-json\/wp\/v2\/users\/1"}],"replies":[{"embeddable":true,"href":"https:\/\/www.trabzonmanset.com\/index.php\/wp-json\/wp\/v2\/comments?post=5834"}],"version-history":[{"count":1,"href":"https:\/\/www.trabzonmanset.com\/index.php\/wp-json\/wp\/v2\/posts\/5834\/revisions"}],"predecessor-version":[{"id":5836,"href":"https:\/\/www.trabzonmanset.com\/index.php\/wp-json\/wp\/v2\/posts\/5834\/revisions\/5836"}],"wp:featuredmedia":[{"embeddable":true,"href":"https:\/\/www.trabzonmanset.com\/index.php\/wp-json\/wp\/v2\/media\/5835"}],"wp:attachment":[{"href":"https:\/\/www.trabzonmanset.com\/index.php\/wp-json\/wp\/v2\/media?parent=5834"}],"wp:term":[{"taxonomy":"category","embeddable":true,"href":"https:\/\/www.trabzonmanset.com\/index.php\/wp-json\/wp\/v2\/categories?post=5834"},{"taxonomy":"post_tag","embeddable":true,"href":"https:\/\/www.trabzonmanset.com\/index.php\/wp-json\/wp\/v2\/tags?post=5834"}],"curies":[{"name":"wp","href":"https:\/\/api.w.org\/{rel}","templated":true}]}}