{"id":5716,"date":"2025-10-19T18:00:00","date_gmt":"2025-10-19T15:00:00","guid":{"rendered":"https:\/\/www.trabzonmanset.com\/?p=5716"},"modified":"2025-10-19T18:46:17","modified_gmt":"2025-10-19T15:46:17","slug":"cezaevinden-kactigi-ortaya-cikti","status":"publish","type":"post","link":"https:\/\/www.trabzonmanset.com\/index.php\/2025\/10\/19\/cezaevinden-kactigi-ortaya-cikti\/","title":{"rendered":"Cezaevinden ka\u00e7t\u0131\u011f\u0131 ortaya \u00e7\u0131kt\u0131"},"content":{"rendered":"\n<p>Bal\u0131kesir\u2019in Edremit il\u00e7esinde meydana gelen silahl\u0131 sald\u0131r\u0131 ve \u00e7at\u0131\u015fmalarda 3 ki\u015fi hayat\u0131n\u0131 kaybederken, 2\u2019si polis 7 ki\u015fi yaraland\u0131. Silahl\u0131 sald\u0131r\u0131da \u00f6lenlerin ve yaral\u0131lar\u0131n isimleri belli oldu.<\/p>\n\n\n\n<p>Edinilen bilgiye g\u00f6re, d\u00fcn ak\u015fam saat 22.30 s\u0131ralar\u0131nda Edremit il\u00e7esi Sar\u0131k\u0131z Mahallesi Ert\u00fcrk Caddesi \u00fczerinde Edremit 19. Motorlu Piyade Tugay Komutanl\u0131\u011f\u0131nda g\u00f6revli Uzman \u00c7avu\u015f Kemal Ekri, 46 AHZ 090 plakal\u0131 arac\u0131yla seyir halindeyken durdu\u011fu s\u0131rada Burhaniye T Tipi Kapal\u0131 Ceza \u0130nfaz Kurumu\u2019ndan firar eden ve &#8220;kasten \u00f6ld\u00fcrme&#8221; su\u00e7undan 20 y\u0131l 27 ay kesinle\u015fmi\u015f hapis cezas\u0131 bulunan, ayr\u0131ca &#8220;h\u00fck\u00fcml\u00fc veya tutuklunun ka\u00e7mas\u0131&#8221; su\u00e7undan da aranan Mustafa Emlik ile kar\u015f\u0131la\u015ft\u0131. <\/p>\n\n\n\n<p>\u0130kili aras\u0131nda \u00e7\u0131kan tart\u0131\u015fmada Mustafa Emlik, Uzman \u00c7avu\u015f Ekri\u2019yi silahla vurarak \u00f6ld\u00fcrd\u00fc. \u015e\u00fcpheli, ard\u0131ndan arac\u0131 gasbederek olay yerinden ka\u00e7t\u0131. Ka\u00e7\u0131\u015f s\u0131ras\u0131nda \u00e7evresine rastgele ate\u015f a\u00e7an Mustafa Emlik, Ert\u00fcrk Caddesi \u00fczerinde y\u00fcr\u00fcyen 4 ki\u015fiye de ate\u015f etti. Bu s\u0131rada V. A. bo\u011faz\u0131ndan yaraland\u0131. \u015e\u00fcpheli, E87 karayolundan G\u00fcre Mahallesi y\u00f6n\u00fcne ka\u00e7arken yol \u00fczerindeki ara\u00e7lara da ate\u015f a\u00e7t\u0131. G\u00fcre Mahallesi\u2019nde D.C. evinin \u00f6n\u00fcnde, bir i\u015f yerinin sahibi R.\u00d6. de vurulmas\u0131 sonucu yaraland\u0131. <\/p>\n\n\n\n<p>Tekrar Ak\u00e7ay y\u00f6n\u00fcne d\u00f6nen Emlik., Ak\u00e7ay \u0131\u015f\u0131klarda 35 VY 8106 plakal\u0131 araca yol vermedi\u011fi gerek\u00e7esiyle ate\u015f a\u00e7arak ara\u00e7ta bulunan G\u00f6ktu\u011f \u00c7al\u0131k ve M.N.\u2019yi yaralad\u0131. G\u00f6ktu\u011f \u00c7al\u0131k kald\u0131r\u0131ld\u0131\u011f\u0131 hastanede ya\u015fam\u0131n\u0131 yitirdi. \u015e\u00fcpheli, Ak\u00e7ay Mahallesi Zafer K\u00f6pr\u00fcs\u00fc yak\u0131nlar\u0131nda ise R.K. isimli kad\u0131n\u0131 bacaklar\u0131ndan vurarak yaralad\u0131. Emlik, ka\u00e7\u0131\u015f\u0131 s\u0131ras\u0131nda Sar\u0131k\u0131z, Ak\u00e7ay ve Alt\u0131nkum mahallelerinde Edremit \u0130l\u00e7e Emniyet M\u00fcd\u00fcrl\u00fc\u011f\u00fc ekipleriyle silahl\u0131 \u00e7at\u0131\u015fmaya girdi. <\/p>\n\n\n\n<p>Alt\u0131nkum Mahallesi\u2019nden Hamidiye y\u00f6n\u00fcne ilerlerken Yunus ekipleriyle kar\u015f\u0131la\u015fan \u015f\u00fcpheli, polis memuru \u0130.G.\u2019yi sa\u011f aya\u011f\u0131ndan, ard\u0131ndan Lukoil Kav\u015fa\u011f\u0131\u2019nda ya\u015fanan \u00e7at\u0131\u015fmada \u00c7ocuk B\u00fcro\u2019da g\u00f6revli polis memuru \u00dc.I.\u2019y\u0131 kar\u0131n b\u00f6lgesinden vurarak yaralad\u0131. Mustafa Emlik, polislerin kar\u015f\u0131 ate\u015fi sonucu vurularak etkisiz hale getirildi. \u015eahs\u0131n \u00fczerinde bir tabanca ve \u00e7ok say\u0131da mermi ele ge\u00e7irildi.<\/p>\n\n\n\n<p>Olay yerine gelen n\u00f6bet\u00e7i cumhuriyet savc\u0131s\u0131n\u0131n talimat\u0131yla tahkikat\u0131n Edremit \u0130l\u00e7e Jandarma Komutanl\u0131\u011f\u0131\u2019nca y\u00fcr\u00fct\u00fcld\u00fc\u011f\u00fc \u00f6\u011frenildi. Olayda 3 ki\u015finin hayat\u0131n\u0131 kaybetti\u011fi, 7 ki\u015finin yaraland\u0131\u011f\u0131, yaral\u0131 polis memurlar\u0131n\u0131n tedavilerinin s\u00fcrd\u00fc\u011f\u00fc ve durumlar\u0131n\u0131n iyi oldu\u011fu bildirildi. Sald\u0131r\u0131da hayat\u0131n\u0131 kaybeden Uzman \u00c7avu\u015f Kemal Ekri i\u00e7in yar\u0131n Ankara Etimesgut\u2019ta cenaze t\u00f6reni d\u00fczenlenecek.<\/p>\n","protected":false},"excerpt":{"rendered":"<p>Bal\u0131kesir\u2019in Edremit il\u00e7esinde meydana gelen silahl\u0131 sald\u0131r\u0131 ve \u00e7at\u0131\u015fmalarda 3 ki\u015fi hayat\u0131n\u0131 kaybederken, 2\u2019si polis 7 ki\u015fi yaraland\u0131. Silahl\u0131 sald\u0131r\u0131da \u00f6lenlerin ve yaral\u0131lar\u0131n isimleri belli oldu. Edinilen bilgiye g\u00f6re, d\u00fcn ak\u015fam saat 22.30 s\u0131ralar\u0131nda Edremit il\u00e7esi Sar\u0131k\u0131z Mahallesi Ert\u00fcrk Caddesi \u00fczerinde Edremit 19. Motorlu Piyade Tugay Komutanl\u0131\u011f\u0131nda g\u00f6revli Uzman \u00c7avu\u015f Kemal Ekri, 46 AHZ 090 [&hellip;]<\/p>\n","protected":false},"author":1,"featured_media":5718,"comment_status":"open","ping_status":"open","sticky":false,"template":"","format":"standard","meta":{"footnotes":""},"categories":[1371],"tags":[1832,1833,1834,1835],"class_list":["post-5716","post","type-post","status-publish","format-standard","has-post-thumbnail","hentry","category-asayis","tag-balikesir","tag-cezaevi","tag-mustafa-emlik","tag-uzman-cavus-ekri"],"_links":{"self":[{"href":"https:\/\/www.trabzonmanset.com\/index.php\/wp-json\/wp\/v2\/posts\/5716","targetHints":{"allow":["GET"]}}],"collection":[{"href":"https:\/\/www.trabzonmanset.com\/index.php\/wp-json\/wp\/v2\/posts"}],"about":[{"href":"https:\/\/www.trabzonmanset.com\/index.php\/wp-json\/wp\/v2\/types\/post"}],"author":[{"embeddable":true,"href":"https:\/\/www.trabzonmanset.com\/index.php\/wp-json\/wp\/v2\/users\/1"}],"replies":[{"embeddable":true,"href":"https:\/\/www.trabzonmanset.com\/index.php\/wp-json\/wp\/v2\/comments?post=5716"}],"version-history":[{"count":1,"href":"https:\/\/www.trabzonmanset.com\/index.php\/wp-json\/wp\/v2\/posts\/5716\/revisions"}],"predecessor-version":[{"id":5719,"href":"https:\/\/www.trabzonmanset.com\/index.php\/wp-json\/wp\/v2\/posts\/5716\/revisions\/5719"}],"wp:featuredmedia":[{"embeddable":true,"href":"https:\/\/www.trabzonmanset.com\/index.php\/wp-json\/wp\/v2\/media\/5718"}],"wp:attachment":[{"href":"https:\/\/www.trabzonmanset.com\/index.php\/wp-json\/wp\/v2\/media?parent=5716"}],"wp:term":[{"taxonomy":"category","embeddable":true,"href":"https:\/\/www.trabzonmanset.com\/index.php\/wp-json\/wp\/v2\/categories?post=5716"},{"taxonomy":"post_tag","embeddable":true,"href":"https:\/\/www.trabzonmanset.com\/index.php\/wp-json\/wp\/v2\/tags?post=5716"}],"curies":[{"name":"wp","href":"https:\/\/api.w.org\/{rel}","templated":true}]}}