{"id":5713,"date":"2025-10-19T16:38:00","date_gmt":"2025-10-19T13:38:00","guid":{"rendered":"https:\/\/www.trabzonmanset.com\/?p=5713"},"modified":"2025-10-19T18:40:42","modified_gmt":"2025-10-19T15:40:42","slug":"ambulansla-otomobil-carpisti-3u-saglik-gorevlisi-8-yarali","status":"publish","type":"post","link":"https:\/\/www.trabzonmanset.com\/index.php\/2025\/10\/19\/ambulansla-otomobil-carpisti-3u-saglik-gorevlisi-8-yarali\/","title":{"rendered":"Ambulansla otomobil \u00e7arp\u0131\u015ft\u0131: 3&#8217;\u00fc sa\u011fl\u0131k g\u00f6revlisi, 8 yaral\u0131"},"content":{"rendered":"\n<p>Ad\u0131yaman\u2019\u0131n Samsat il\u00e7esinde, kavgada yaralanan ki\u015fileri ta\u015f\u0131yan ambulans ile bir otomobilin \u00e7arp\u0131\u015ft\u0131\u011f\u0131 kazada 3\u2019\u00fc sa\u011fl\u0131k g\u00f6revlisi 6 ki\u015fi yaraland\u0131. 2\u2019si kavgada yaralanan toplam 8 ki\u015fi, hastaneye kald\u0131r\u0131ld\u0131.<ins><\/ins><\/p>\n\n\n\n<p>Kaza, \u00f6\u011fleden sonra G\u00f6ltarla k\u00f6y\u00fc yak\u0131nlar\u0131nda meydana geldi.<\/p>\n\n\n\n<p>Nar hasad\u0131 i\u00e7in b\u00f6lgeye gelen tar\u0131m i\u015f\u00e7ileri aras\u0131nda \u00e7\u0131kan tart\u0131\u015fma, k\u0131sa s\u00fcrede ta\u015fl\u0131 ve sopal\u0131 kavgaya d\u00f6n\u00fc\u015ft\u00fc. Kavgada 2 ki\u015fi yaraland\u0131. <\/p>\n\n\n\n<p>Yaral\u0131lar, ihbar \u00fczerine b\u00f6lgeye sevk edilen ambulansla Ad\u0131yaman E\u011fitim ve Ara\u015ft\u0131rma Hastanesi\u2019ne g\u00f6t\u00fcr\u00fclmek \u00fczere yola \u00e7\u0131kar\u0131ld\u0131. Ancak, Uzuntepe k\u00f6y\u00fc yol ayr\u0131m\u0131nda, H.B.\u00c7. y\u00f6netimindeki 02 AFH 579 plakal\u0131 ambulans ile s\u00fcr\u00fcc\u00fcs\u00fc \u00f6\u011frenilemeyen 06 ACR 656 plakal\u0131 otomobil \u00e7arp\u0131\u015ft\u0131. Kazada, 3\u2019\u00fc sa\u011fl\u0131k g\u00f6revlisi toplam 6 ki\u015fi yaraland\u0131. <\/p>\n\n\n\n<p>\u0130hbarla kaza yerine UMKE ve jandarma ekipleri sevk edildi. Ara\u00e7ta s\u0131k\u0131\u015fan yaral\u0131lar, UMKE ekipleri taraf\u0131ndan \u00e7\u0131kar\u0131ld\u0131. Toplam 8 yaral\u0131, ambulanslarla kentteki hastanelere sevk edildi. Acil servislerde tedavi alt\u0131na al\u0131nan yaral\u0131lar\u0131n sa\u011fl\u0131k durumlar\u0131n\u0131n iyi oldu\u011fu bildirildi.<\/p>\n\n\n\n<p>Kaynak:DHA<\/p>\n\n\n\n<p><\/p>\n","protected":false},"excerpt":{"rendered":"<p>Ad\u0131yaman\u2019\u0131n Samsat il\u00e7esinde, kavgada yaralanan ki\u015fileri ta\u015f\u0131yan ambulans ile bir otomobilin \u00e7arp\u0131\u015ft\u0131\u011f\u0131 kazada 3\u2019\u00fc sa\u011fl\u0131k g\u00f6revlisi 6 ki\u015fi yaraland\u0131. 2\u2019si kavgada yaralanan toplam 8 ki\u015fi, hastaneye kald\u0131r\u0131ld\u0131. Kaza, \u00f6\u011fleden sonra G\u00f6ltarla k\u00f6y\u00fc yak\u0131nlar\u0131nda meydana geldi. Nar hasad\u0131 i\u00e7in b\u00f6lgeye gelen tar\u0131m i\u015f\u00e7ileri aras\u0131nda \u00e7\u0131kan tart\u0131\u015fma, k\u0131sa s\u00fcrede ta\u015fl\u0131 ve sopal\u0131 kavgaya d\u00f6n\u00fc\u015ft\u00fc. Kavgada 2 ki\u015fi [&hellip;]<\/p>\n","protected":false},"author":1,"featured_media":5714,"comment_status":"open","ping_status":"open","sticky":false,"template":"","format":"standard","meta":{"footnotes":""},"categories":[530,1],"tags":[1321,1831,1830,712],"class_list":["post-5713","post","type-post","status-publish","format-standard","has-post-thumbnail","hentry","category-cevre","category-gundem","tag-adiyaman","tag-ambulans","tag-nar-hasadi","tag-trabzon-manset"],"_links":{"self":[{"href":"https:\/\/www.trabzonmanset.com\/index.php\/wp-json\/wp\/v2\/posts\/5713","targetHints":{"allow":["GET"]}}],"collection":[{"href":"https:\/\/www.trabzonmanset.com\/index.php\/wp-json\/wp\/v2\/posts"}],"about":[{"href":"https:\/\/www.trabzonmanset.com\/index.php\/wp-json\/wp\/v2\/types\/post"}],"author":[{"embeddable":true,"href":"https:\/\/www.trabzonmanset.com\/index.php\/wp-json\/wp\/v2\/users\/1"}],"replies":[{"embeddable":true,"href":"https:\/\/www.trabzonmanset.com\/index.php\/wp-json\/wp\/v2\/comments?post=5713"}],"version-history":[{"count":1,"href":"https:\/\/www.trabzonmanset.com\/index.php\/wp-json\/wp\/v2\/posts\/5713\/revisions"}],"predecessor-version":[{"id":5715,"href":"https:\/\/www.trabzonmanset.com\/index.php\/wp-json\/wp\/v2\/posts\/5713\/revisions\/5715"}],"wp:featuredmedia":[{"embeddable":true,"href":"https:\/\/www.trabzonmanset.com\/index.php\/wp-json\/wp\/v2\/media\/5714"}],"wp:attachment":[{"href":"https:\/\/www.trabzonmanset.com\/index.php\/wp-json\/wp\/v2\/media?parent=5713"}],"wp:term":[{"taxonomy":"category","embeddable":true,"href":"https:\/\/www.trabzonmanset.com\/index.php\/wp-json\/wp\/v2\/categories?post=5713"},{"taxonomy":"post_tag","embeddable":true,"href":"https:\/\/www.trabzonmanset.com\/index.php\/wp-json\/wp\/v2\/tags?post=5713"}],"curies":[{"name":"wp","href":"https:\/\/api.w.org\/{rel}","templated":true}]}}