{"id":5690,"date":"2025-10-19T10:28:00","date_gmt":"2025-10-19T07:28:00","guid":{"rendered":"https:\/\/www.trabzonmanset.com\/?p=5690"},"modified":"2025-10-19T17:31:00","modified_gmt":"2025-10-19T14:31:00","slug":"trabzonspordan-caykur-rizespora-tesekkur-mesaji","status":"publish","type":"post","link":"https:\/\/www.trabzonmanset.com\/index.php\/2025\/10\/19\/trabzonspordan-caykur-rizespora-tesekkur-mesaji\/","title":{"rendered":"Trabzonspor&#8217;dan \u00c7aykur Rizespor&#8217;a Te\u015fekk\u00fcr Mesaj\u0131"},"content":{"rendered":"\n<p>Trabzonspor Kul\u00fcb\u00fc, Trendyol S\u00fcper Lig Mehmet Ali Y\u0131lmaz Sezonu\u2019nun 9. haftas\u0131nda deplasmanda kar\u015f\u0131la\u015ft\u0131\u011f\u0131 \u00c7aykur Rizespor ma\u00e7\u0131 sonras\u0131 ev sahibi kul\u00fcbe bir te\u015fekk\u00fcr mesaj\u0131 yay\u0131mlad\u0131.<\/p>\n\n\n\n<p>A\u00e7\u0131klamada, bordo-mavili tak\u0131m\u0131n ve Y\u00f6netim Kurulu&#8217;nun Rize&#8217;de son derece samimi ve misafirperver bir \u015fekilde kar\u015f\u0131land\u0131\u011f\u0131 vurguland\u0131.<\/p>\n\n\n\n<p>Kul\u00fcp, ba\u015fta \u00c7aykur Rizespor Kul\u00fcb\u00fc Ba\u015fkan\u0131 \u0130brahim Turgut olmak \u00fczere t\u00fcm y\u00f6netim kurulu \u00fcyelerine g\u00f6sterdikleri dostane yakla\u015f\u0131mlar ve misafirperverlikten dolay\u0131 te\u015fekk\u00fcrlerini iletti.<\/p>\n\n\n\n<p>Trabzonspor Kul\u00fcb\u00fc ayr\u0131ca, ligin ikinci yar\u0131s\u0131nda Papara Park&#8217;ta oynanacak r\u00f6van\u015f kar\u015f\u0131la\u015fmas\u0131nda \u00c7aykur Rizespor Y\u00f6netim Kurulu&#8217;nu ayn\u0131 misafirperverlikle a\u011f\u0131rlamaktan mutluluk duyacaklar\u0131n\u0131 belirterek iki kul\u00fcp aras\u0131ndaki dostlu\u011fun alt\u0131n\u0131 \u00e7izdi.<\/p>\n\n\n\n<p>Trabzonspor Kul\u00fcb\u00fc&#8217;n\u00fcn resmi internet sitesinden &#8220;\u00c7aykur Rizespor Kul\u00fcb\u00fc\u2019ne Misafirperverliklerinden Dolay\u0131 Te\u015fekk\u00fcr Ederiz&#8221; ba\u015fl\u0131kl\u0131 a\u00e7\u0131klama \u015fu \u015fekilde: &#8220;Trendyol S\u00fcper Lig Mehmet Ali Y\u0131lmaz Sezonu\u2019nun 9. haftas\u0131nda deplasmanda \u00c7aykur Rizespor ile oynad\u0131\u011f\u0131m\u0131z kar\u015f\u0131la\u015fmada, Tak\u0131m\u0131m\u0131z ve Y\u00f6netim Kurulumuz \u00c7aykur Rizespor Kul\u00fcb\u00fc taraf\u0131ndan son derece samimi ve misafirperver bir \u015fekilde kar\u015f\u0131lanm\u0131\u015ft\u0131r.<\/p>\n\n\n\n<p>\u00c7aykur Rizespor Kul\u00fcb\u00fc Ba\u015fkan\u0131 \u0130brahim Turgut ba\u015fta olmak \u00fczere \u00c7aykur Rizespor Y\u00f6netim Kurulu \u00fcyelerine g\u00f6stermi\u015f olduklar\u0131 dostane yakla\u015f\u0131mlar ve misafirperverlikleri i\u00e7in te\u015fekk\u00fcrlerimizi sunar\u0131z.<\/p>\n\n\n\n<p>Trabzonspor Kul\u00fcb\u00fc olarak, ligin ikinci yar\u0131s\u0131nda Papara Park\u2019ta oynanacak kar\u015f\u0131la\u015fmada \u00c7aykur Rizespor Y\u00f6netim Kurulu\u2019nu ayn\u0131 misafirperverlikle a\u011f\u0131rlamaktan memnuniyet duyaca\u011f\u0131m\u0131z\u0131 belirtiriz.&#8221;<\/p>\n\n\n\n<p><\/p>\n","protected":false},"excerpt":{"rendered":"<p>Trabzonspor Kul\u00fcb\u00fc, Trendyol S\u00fcper Lig Mehmet Ali Y\u0131lmaz Sezonu\u2019nun 9. haftas\u0131nda deplasmanda kar\u015f\u0131la\u015ft\u0131\u011f\u0131 \u00c7aykur Rizespor ma\u00e7\u0131 sonras\u0131 ev sahibi kul\u00fcbe bir te\u015fekk\u00fcr mesaj\u0131 yay\u0131mlad\u0131. A\u00e7\u0131klamada, bordo-mavili tak\u0131m\u0131n ve Y\u00f6netim Kurulu&#8217;nun Rize&#8217;de son derece samimi ve misafirperver bir \u015fekilde kar\u015f\u0131land\u0131\u011f\u0131 vurguland\u0131. Kul\u00fcp, ba\u015fta \u00c7aykur Rizespor Kul\u00fcb\u00fc Ba\u015fkan\u0131 \u0130brahim Turgut olmak \u00fczere t\u00fcm y\u00f6netim kurulu \u00fcyelerine g\u00f6sterdikleri [&hellip;]<\/p>\n","protected":false},"author":1,"featured_media":5691,"comment_status":"open","ping_status":"open","sticky":false,"template":"","format":"standard","meta":{"footnotes":""},"categories":[14],"tags":[1280,1817,448,746],"class_list":["post-5690","post","type-post","status-publish","format-standard","has-post-thumbnail","hentry","category-spor","tag-caykur-rizespor","tag-ibrahim-turgut","tag-trabzonspor","tag-trendyol-super-lig"],"_links":{"self":[{"href":"https:\/\/www.trabzonmanset.com\/index.php\/wp-json\/wp\/v2\/posts\/5690","targetHints":{"allow":["GET"]}}],"collection":[{"href":"https:\/\/www.trabzonmanset.com\/index.php\/wp-json\/wp\/v2\/posts"}],"about":[{"href":"https:\/\/www.trabzonmanset.com\/index.php\/wp-json\/wp\/v2\/types\/post"}],"author":[{"embeddable":true,"href":"https:\/\/www.trabzonmanset.com\/index.php\/wp-json\/wp\/v2\/users\/1"}],"replies":[{"embeddable":true,"href":"https:\/\/www.trabzonmanset.com\/index.php\/wp-json\/wp\/v2\/comments?post=5690"}],"version-history":[{"count":1,"href":"https:\/\/www.trabzonmanset.com\/index.php\/wp-json\/wp\/v2\/posts\/5690\/revisions"}],"predecessor-version":[{"id":5692,"href":"https:\/\/www.trabzonmanset.com\/index.php\/wp-json\/wp\/v2\/posts\/5690\/revisions\/5692"}],"wp:featuredmedia":[{"embeddable":true,"href":"https:\/\/www.trabzonmanset.com\/index.php\/wp-json\/wp\/v2\/media\/5691"}],"wp:attachment":[{"href":"https:\/\/www.trabzonmanset.com\/index.php\/wp-json\/wp\/v2\/media?parent=5690"}],"wp:term":[{"taxonomy":"category","embeddable":true,"href":"https:\/\/www.trabzonmanset.com\/index.php\/wp-json\/wp\/v2\/categories?post=5690"},{"taxonomy":"post_tag","embeddable":true,"href":"https:\/\/www.trabzonmanset.com\/index.php\/wp-json\/wp\/v2\/tags?post=5690"}],"curies":[{"name":"wp","href":"https:\/\/api.w.org\/{rel}","templated":true}]}}