{"id":5677,"date":"2025-10-19T16:20:00","date_gmt":"2025-10-19T13:20:00","guid":{"rendered":"https:\/\/www.trabzonmanset.com\/?p=5677"},"modified":"2025-10-19T17:00:30","modified_gmt":"2025-10-19T14:00:30","slug":"cumhurbaskani-erdogandan-19-ekim-muhtarlar-gunu-paylasimi","status":"publish","type":"post","link":"https:\/\/www.trabzonmanset.com\/index.php\/2025\/10\/19\/cumhurbaskani-erdogandan-19-ekim-muhtarlar-gunu-paylasimi\/","title":{"rendered":"Cumhurba\u015fkan\u0131 Erdo\u011fan\u2019dan 19 Ekim Muhtarlar G\u00fcn\u00fc payla\u015f\u0131m\u0131"},"content":{"rendered":"\n<p>Cumhurba\u015fkan\u0131 Recep Tayyip Erdo\u011fan 19 Ekim Muhtarlar G\u00fcn\u00fc dolay\u0131s\u0131yla sosyal medya hesab\u0131ndan payla\u015f\u0131mda bulundu. Cumhurba\u015fkan\u0131 Erdo\u011fan, \u201c\u00dclkemizin en k\u00f6kl\u00fc kurumlar\u0131ndan olan muhtarl\u0131k g\u00f6revini lay\u0131\u011f\u0131yla icra eden t\u00fcm muhtar karde\u015flerimin 19 Ekim Muhtarlar G\u00fcn\u00fc\u2019n\u00fc en kalbi duygular\u0131mla tebrik ediyorum\u201d dedi.<\/p>\n\n\n\n<p>Cumhurba\u015fkan\u0131 Erdo\u011fan, sosyal medya \u00fczerinden yapt\u0131\u011f\u0131 a\u00e7\u0131klamada, \u201c\u00dclkemizin en k\u00f6kl\u00fc kurumlar\u0131ndan olan muhtarl\u0131k g\u00f6revini lay\u0131\u011f\u0131yla icra eden t\u00fcm muhtar karde\u015flerimin 19 Ekim Muhtarlar G\u00fcn\u00fc\u2019n\u00fc en kalbi duygular\u0131mla tebrik ediyorum. 81 vilayetimizdeki t\u00fcm muhtarlar\u0131m\u0131za Allah\u2019tan muvaffakiyetler diliyor, selam ve muhabbetlerimi iletiyorum\u201d ifadelerine yer verdi.<\/p>\n\n\n\n<p>Kaynak: DHA<\/p>\n","protected":false},"excerpt":{"rendered":"<p>Cumhurba\u015fkan\u0131 Recep Tayyip Erdo\u011fan 19 Ekim Muhtarlar G\u00fcn\u00fc dolay\u0131s\u0131yla sosyal medya hesab\u0131ndan payla\u015f\u0131mda bulundu. Cumhurba\u015fkan\u0131 Erdo\u011fan, \u201c\u00dclkemizin en k\u00f6kl\u00fc kurumlar\u0131ndan olan muhtarl\u0131k g\u00f6revini lay\u0131\u011f\u0131yla icra eden t\u00fcm muhtar karde\u015flerimin 19 Ekim Muhtarlar G\u00fcn\u00fc\u2019n\u00fc en kalbi duygular\u0131mla tebrik ediyorum\u201d dedi. Cumhurba\u015fkan\u0131 Erdo\u011fan, sosyal medya \u00fczerinden yapt\u0131\u011f\u0131 a\u00e7\u0131klamada, \u201c\u00dclkemizin en k\u00f6kl\u00fc kurumlar\u0131ndan olan muhtarl\u0131k g\u00f6revini lay\u0131\u011f\u0131yla icra [&hellip;]<\/p>\n","protected":false},"author":1,"featured_media":5678,"comment_status":"open","ping_status":"open","sticky":false,"template":"","format":"standard","meta":{"footnotes":""},"categories":[11],"tags":[1808,1295,1809,1200],"class_list":["post-5677","post","type-post","status-publish","format-standard","has-post-thumbnail","hentry","category-manset","tag-19-ekim-muhtarlar-gunu","tag-cumhurbaskani-recep-tayyip-erdogan","tag-muhtarlar-gunu","tag-trabzon-manset-2"],"_links":{"self":[{"href":"https:\/\/www.trabzonmanset.com\/index.php\/wp-json\/wp\/v2\/posts\/5677","targetHints":{"allow":["GET"]}}],"collection":[{"href":"https:\/\/www.trabzonmanset.com\/index.php\/wp-json\/wp\/v2\/posts"}],"about":[{"href":"https:\/\/www.trabzonmanset.com\/index.php\/wp-json\/wp\/v2\/types\/post"}],"author":[{"embeddable":true,"href":"https:\/\/www.trabzonmanset.com\/index.php\/wp-json\/wp\/v2\/users\/1"}],"replies":[{"embeddable":true,"href":"https:\/\/www.trabzonmanset.com\/index.php\/wp-json\/wp\/v2\/comments?post=5677"}],"version-history":[{"count":1,"href":"https:\/\/www.trabzonmanset.com\/index.php\/wp-json\/wp\/v2\/posts\/5677\/revisions"}],"predecessor-version":[{"id":5679,"href":"https:\/\/www.trabzonmanset.com\/index.php\/wp-json\/wp\/v2\/posts\/5677\/revisions\/5679"}],"wp:featuredmedia":[{"embeddable":true,"href":"https:\/\/www.trabzonmanset.com\/index.php\/wp-json\/wp\/v2\/media\/5678"}],"wp:attachment":[{"href":"https:\/\/www.trabzonmanset.com\/index.php\/wp-json\/wp\/v2\/media?parent=5677"}],"wp:term":[{"taxonomy":"category","embeddable":true,"href":"https:\/\/www.trabzonmanset.com\/index.php\/wp-json\/wp\/v2\/categories?post=5677"},{"taxonomy":"post_tag","embeddable":true,"href":"https:\/\/www.trabzonmanset.com\/index.php\/wp-json\/wp\/v2\/tags?post=5677"}],"curies":[{"name":"wp","href":"https:\/\/api.w.org\/{rel}","templated":true}]}}