{"id":5671,"date":"2025-10-19T14:49:00","date_gmt":"2025-10-19T11:49:00","guid":{"rendered":"https:\/\/www.trabzonmanset.com\/?p=5671"},"modified":"2025-10-19T16:52:48","modified_gmt":"2025-10-19T13:52:48","slug":"dunyanin-en-pahali-baharati-safranin-hasadi-basladi","status":"publish","type":"post","link":"https:\/\/www.trabzonmanset.com\/index.php\/2025\/10\/19\/dunyanin-en-pahali-baharati-safranin-hasadi-basladi\/","title":{"rendered":"D\u00fcnyan\u0131n en pahal\u0131 baharat\u0131 safran\u0131n hasad\u0131 ba\u015flad\u0131"},"content":{"rendered":"\n<p>Karab\u00fck\u2019\u00fcn Safranbolu il\u00e7esine ismini veren ve d\u00fcnyan\u0131n en pahal\u0131 baharat\u0131 olarak bilinen, bu y\u0131l kilosu 600 bin TL\u2019ye sat\u0131lmas\u0131 planlanan safran\u0131n hasad\u0131 ba\u015flad\u0131.<\/p>\n\n\n\n<figure class=\"wp-block-image size-full\"><img loading=\"lazy\" decoding=\"async\" width=\"750\" height=\"421\" src=\"https:\/\/www.trabzonmanset.com\/wp-content\/uploads\/2025\/10\/68f4d74da054e9e8b20418a5.webp?wsr\" alt=\"\" class=\"wp-image-5672\" srcset=\"https:\/\/www.trabzonmanset.com\/wp-content\/uploads\/2025\/10\/68f4d74da054e9e8b20418a5.webp 750w, https:\/\/www.trabzonmanset.com\/wp-content\/uploads\/2025\/10\/68f4d74da054e9e8b20418a5-300x168.webp 300w\" sizes=\"auto, (max-width: 750px) 100vw, 750px\" \/><\/figure>\n\n\n\n<p>UNESCO D\u00fcnya Miras Listesi&#8217;nde bulunan ve &#8216;sakin \u015fehir&#8217; \u00fcnvan\u0131 alan Safranbolu&#8217;ya ismini veren safran bitkisinin hasad\u0131 ba\u015flad\u0131. D\u00fcnyan\u0131n en pahal\u0131 baharat\u0131 olarak bilinen, antioksidan \u00f6zellikleri ile sa\u011fl\u0131k dostu olarak tabir edilen ayr\u0131ca kozmetik, boya ve ila\u00e7 sanayisinde de kullan\u0131lan safran bitkisinin ilk hasad\u0131na Yukar\u0131 \u00c7iftlik k\u00f6y\u00fc Keten Mahallesi&#8217;nde \u0130smail Y\u0131lmaz&#8217;a ait tarlada ba\u015fland\u0131. Safran\u0131n bu y\u0131l kilosunun 600 bin TL\u2019ye sat\u0131lmas\u0131 planlan\u0131yor.<\/p>\n\n\n\n<figure class=\"wp-block-image size-full\"><img loading=\"lazy\" decoding=\"async\" width=\"750\" height=\"421\" src=\"https:\/\/www.trabzonmanset.com\/wp-content\/uploads\/2025\/10\/68f4d761a054e9e8b20418a9.webp?wsr\" alt=\"\" class=\"wp-image-5673\" srcset=\"https:\/\/www.trabzonmanset.com\/wp-content\/uploads\/2025\/10\/68f4d761a054e9e8b20418a9.webp 750w, https:\/\/www.trabzonmanset.com\/wp-content\/uploads\/2025\/10\/68f4d761a054e9e8b20418a9-300x168.webp 300w\" sizes=\"auto, (max-width: 750px) 100vw, 750px\" \/><\/figure>\n\n\n\n<p>Safran bitkisinin a\u011fustos ay\u0131n\u0131n sonlar\u0131na do\u011fru ekiminin yap\u0131ld\u0131\u011f\u0131n\u0131 belirten Y\u0131lmaz, \u201cHavalar so\u011fudu ya\u011fmuru da almaya ba\u015flad\u0131k. Kas\u0131m ay\u0131n\u0131n 15\u2019ine kadar safran \u00e7i\u00e7e\u011fi toplar\u0131z. Dikimden 45-50 g\u00fcn sonra \u00e7i\u00e7eklenmeye ba\u015fl\u0131yor. Bu tamamen havan\u0131n ya\u011fmur almas\u0131 ve so\u011fukla\u015fmas\u0131 ile alakal\u0131 bir durum. Hava s\u0131cakl\u0131\u011f\u0131 13-15 dereceye kadar d\u00fc\u015ft\u00fc\u011f\u00fcnde safran \u00e7i\u00e7eklenmeye ba\u015fl\u0131yor. Biz de bu hava s\u0131cakl\u0131\u011f\u0131n\u0131 bir haftad\u0131r yakalad\u0131k. Bundan sonra bir ay gibi \u00e7i\u00e7eklenme devam eder. Safran\u0131n en b\u00fcy\u00fck \u00f6zelli\u011finin h\u00fccre yenileyici olmas\u0131d\u0131r. Depresif rahats\u0131zl\u0131klarda \u00e7ok kullan\u0131l\u0131yor. <\/p>\n\n\n\n<p>Alzheimer hastal\u0131\u011f\u0131n\u0131n ba\u015flamas\u0131ndan \u00f6nce korumak i\u00e7in kullan\u0131lmas\u0131 \u00e7ok \u00f6nemli. G\u00f6zdeki sar\u0131 noktada, kanserde bu tip rahats\u0131zl\u0131klarda \u00e7ok kullan\u0131l\u0131yor. Safran\u0131n kullan\u0131m\u0131 \u00e7ok basit. \u00c7ay olarak i\u00e7eceksiniz ya da yemeklerde kullanacaks\u0131n\u0131z. Suda \u0131slay\u0131p i\u00e7ilebilir. Bir gram safrandan 100-120 bardak safran \u00e7ay\u0131 yap\u0131l\u0131r. Bir aileye bir gram safran bir ay gibi yetebilir. Safranbolu\u2019da 100 d\u00f6n\u00fcm\u00fcn \u00fczerinde safran ekimi var ve 50-55 kilogram \u00fcr\u00fcn hasat edilebilecek\u201d dedi.<\/p>\n\n\n\n<figure class=\"wp-block-image size-full\"><img loading=\"lazy\" decoding=\"async\" width=\"750\" height=\"421\" src=\"https:\/\/www.trabzonmanset.com\/wp-content\/uploads\/2025\/10\/68f4d761a054e9e8b20418ab.webp?wsr\" alt=\"\" class=\"wp-image-5674\" srcset=\"https:\/\/www.trabzonmanset.com\/wp-content\/uploads\/2025\/10\/68f4d761a054e9e8b20418ab.webp 750w, https:\/\/www.trabzonmanset.com\/wp-content\/uploads\/2025\/10\/68f4d761a054e9e8b20418ab-300x168.webp 300w\" sizes=\"auto, (max-width: 750px) 100vw, 750px\" \/><\/figure>\n\n\n\n<figure class=\"wp-block-image size-full\"><img loading=\"lazy\" decoding=\"async\" width=\"750\" height=\"421\" src=\"https:\/\/www.trabzonmanset.com\/wp-content\/uploads\/2025\/10\/68f4d761a054e9e8b20418ac.webp?wsr\" alt=\"\" class=\"wp-image-5675\" srcset=\"https:\/\/www.trabzonmanset.com\/wp-content\/uploads\/2025\/10\/68f4d761a054e9e8b20418ac.webp 750w, https:\/\/www.trabzonmanset.com\/wp-content\/uploads\/2025\/10\/68f4d761a054e9e8b20418ac-300x168.webp 300w\" sizes=\"auto, (max-width: 750px) 100vw, 750px\" \/><\/figure>\n\n\n\n<p><\/p>\n","protected":false},"excerpt":{"rendered":"<p>Karab\u00fck\u2019\u00fcn Safranbolu il\u00e7esine ismini veren ve d\u00fcnyan\u0131n en pahal\u0131 baharat\u0131 olarak bilinen, bu y\u0131l kilosu 600 bin TL\u2019ye sat\u0131lmas\u0131 planlanan safran\u0131n hasad\u0131 ba\u015flad\u0131. UNESCO D\u00fcnya Miras Listesi&#8217;nde bulunan ve &#8216;sakin \u015fehir&#8217; \u00fcnvan\u0131 alan Safranbolu&#8217;ya ismini veren safran bitkisinin hasad\u0131 ba\u015flad\u0131. D\u00fcnyan\u0131n en pahal\u0131 baharat\u0131 olarak bilinen, antioksidan \u00f6zellikleri ile sa\u011fl\u0131k dostu olarak tabir edilen ayr\u0131ca [&hellip;]<\/p>\n","protected":false},"author":1,"featured_media":5672,"comment_status":"open","ping_status":"open","sticky":false,"template":"","format":"standard","meta":{"footnotes":""},"categories":[530,8],"tags":[1803,1807,1804,1806,1805],"class_list":["post-5671","post","type-post","status-publish","format-standard","has-post-thumbnail","hentry","category-cevre","category-foto-galeri","tag-karabuk","tag-safran","tag-safranbolu","tag-sakin-sehir","tag-unesco"],"_links":{"self":[{"href":"https:\/\/www.trabzonmanset.com\/index.php\/wp-json\/wp\/v2\/posts\/5671","targetHints":{"allow":["GET"]}}],"collection":[{"href":"https:\/\/www.trabzonmanset.com\/index.php\/wp-json\/wp\/v2\/posts"}],"about":[{"href":"https:\/\/www.trabzonmanset.com\/index.php\/wp-json\/wp\/v2\/types\/post"}],"author":[{"embeddable":true,"href":"https:\/\/www.trabzonmanset.com\/index.php\/wp-json\/wp\/v2\/users\/1"}],"replies":[{"embeddable":true,"href":"https:\/\/www.trabzonmanset.com\/index.php\/wp-json\/wp\/v2\/comments?post=5671"}],"version-history":[{"count":1,"href":"https:\/\/www.trabzonmanset.com\/index.php\/wp-json\/wp\/v2\/posts\/5671\/revisions"}],"predecessor-version":[{"id":5676,"href":"https:\/\/www.trabzonmanset.com\/index.php\/wp-json\/wp\/v2\/posts\/5671\/revisions\/5676"}],"wp:featuredmedia":[{"embeddable":true,"href":"https:\/\/www.trabzonmanset.com\/index.php\/wp-json\/wp\/v2\/media\/5672"}],"wp:attachment":[{"href":"https:\/\/www.trabzonmanset.com\/index.php\/wp-json\/wp\/v2\/media?parent=5671"}],"wp:term":[{"taxonomy":"category","embeddable":true,"href":"https:\/\/www.trabzonmanset.com\/index.php\/wp-json\/wp\/v2\/categories?post=5671"},{"taxonomy":"post_tag","embeddable":true,"href":"https:\/\/www.trabzonmanset.com\/index.php\/wp-json\/wp\/v2\/tags?post=5671"}],"curies":[{"name":"wp","href":"https:\/\/api.w.org\/{rel}","templated":true}]}}