{"id":5666,"date":"2025-10-19T16:28:33","date_gmt":"2025-10-19T13:28:33","guid":{"rendered":"https:\/\/www.trabzonmanset.com\/?p=5666"},"modified":"2025-10-19T16:28:34","modified_gmt":"2025-10-19T13:28:34","slug":"bir-devrin-sonu-67-yillik-vergi-rekortmeni-sirket-resmen-iflas-etti","status":"publish","type":"post","link":"https:\/\/www.trabzonmanset.com\/index.php\/2025\/10\/19\/bir-devrin-sonu-67-yillik-vergi-rekortmeni-sirket-resmen-iflas-etti\/","title":{"rendered":"Bir devrin sonu! 67 y\u0131ll\u0131k vergi rekortmeni \u015firket resmen iflas etti"},"content":{"rendered":"\n<p>Uzun s\u00fcre Gemlik&#8217;in vergi rekortmenleri aras\u0131nda yer alan Karata\u015f Grup&#8217;un b\u00fcnyesindeki baz\u0131 \u015firketler, mahkeme karar\u0131yla iflas etti. 67 senelik \u015firket ya\u015fad\u0131\u011f\u0131 finansal sorunlar\u0131n \u00fcstesinden gelmeyi ba\u015faramazken konkordato s\u00fcrecinden olumlu sonu\u00e7 alamayan \u015firketler i\u00e7in iflas karar\u0131 kesinle\u015fti.<\/p>\n\n\n\n<p>Bursa 1. Asliye Ticaret Mahkemesi, Karata\u015f Grup&#8217;a ba\u011fl\u0131 6 \u015firketin konkordato taleplerini de\u011ferlendirdi\u011fi davada kritik bir karara imza att\u0131. Mahkeme, Karata\u015f \u00c7elik Servis Merkezi Sanayi ve Ticaret A.\u015e., Karata\u015f Demir \u00c7elik Sanayi ve Ticaret A.\u015e., Karata\u015f Depolama ve Lojistik A.\u015e., Karata\u015f Makine \u0130malat Sanayi ve Ticaret A.\u015e., Karata\u015f Panel Sa\u00e7 Sanayi ve Ticaret Ltd. \u015eti. ile Karata\u015f Sac ve Boru Turizm Sanayi D\u0131\u015f Ticaret A.\u015e.&#8217;nin konkordato taleplerini reddetti.<\/p>\n\n\n\n<p>\u00d6te yandan Karata\u015f \u00c7elik Servis Merkezi Sanayi ve Ticaret A.\u015e. ile Karata\u015f Sac ve Boru Turizm Sanayi D\u0131\u015f Ticaret A.\u015e.&#8217;nin mali durumlar\u0131n\u0131n &#8220;borca bat\u0131k&#8221; seviyede oldu\u011funa h\u00fckmederek, 15 Ekim 2025 tarihi itibar\u0131yla bu iki \u015firketin iflas\u0131n\u0131 ilan etti.<\/p>\n\n\n\n<figure class=\"wp-block-image size-full\"><img loading=\"lazy\" decoding=\"async\" width=\"609\" height=\"350\" src=\"https:\/\/www.trabzonmanset.com\/wp-content\/uploads\/2025\/10\/bir-devrin-sonu-67-yillik-vergi-rekortmeni-19164171_1695_m.png?wsr\" alt=\"\" class=\"wp-image-5667\" srcset=\"https:\/\/www.trabzonmanset.com\/wp-content\/uploads\/2025\/10\/bir-devrin-sonu-67-yillik-vergi-rekortmeni-19164171_1695_m.png 609w, https:\/\/www.trabzonmanset.com\/wp-content\/uploads\/2025\/10\/bir-devrin-sonu-67-yillik-vergi-rekortmeni-19164171_1695_m-300x172.png 300w\" sizes=\"auto, (max-width: 609px) 100vw, 609px\" \/><\/figure>\n\n\n\n<h3 class=\"wp-block-heading\">\u0130\u015eLEMLER\u0130 GEML\u0130K \u0130FLAS M\u00dcD\u00dcRL\u00dc\u011e\u00dc Y\u00dcR\u00dcT\u00dcCEK<\/h3>\n\n\n\n<p>\u0130flas s\u00fcrecinin, basit tasfiye y\u00f6ntemiyle y\u00fcr\u00fct\u00fclmesine karar verilirken, i\u015flemlerin Gemlik \u0130flas M\u00fcd\u00fcrl\u00fc\u011f\u00fc taraf\u0131ndan y\u00fcr\u00fct\u00fclece\u011fi belirtildi. Di\u011fer grup \u015firketleri i\u00e7in ise iflas \u015fartlar\u0131n\u0131n olu\u015fmad\u0131\u011f\u0131 kanaatine var\u0131ld\u0131.<\/p>\n\n\n\n<p>Demir-\u00e7elik, lojistik ve imalat alanlar\u0131nda faaliyet g\u00f6steren ve uzun y\u0131llar sekt\u00f6r\u00fcn \u00f6nc\u00fc firmalar\u0131 aras\u0131nda yer alan Karata\u015f Grup, 2024 y\u0131l\u0131nda ya\u015fad\u0131\u011f\u0131 mali darbo\u011faz nedeniyle konkordato ba\u015fvurusunda bulunmu\u015ftu. Ancak konkordato s\u00fcreci \u015firketi kurtarmaya yetmedi. Grup \u015firketleri, Gemlik&#8217;teki 31 bin metrekare kapal\u0131 alanl\u0131 \u00fcretim tesislerinde faaliyet g\u00f6steriyordu.<\/p>\n\n\n\n<figure class=\"wp-block-image size-full\"><img loading=\"lazy\" decoding=\"async\" width=\"640\" height=\"360\" src=\"https:\/\/www.trabzonmanset.com\/wp-content\/uploads\/2025\/10\/bir-devrin-sonu-67-yillik-vergi-rekortmeni-19164171_3171_m.png?wsr\" alt=\"\" class=\"wp-image-5668\" srcset=\"https:\/\/www.trabzonmanset.com\/wp-content\/uploads\/2025\/10\/bir-devrin-sonu-67-yillik-vergi-rekortmeni-19164171_3171_m.png 640w, https:\/\/www.trabzonmanset.com\/wp-content\/uploads\/2025\/10\/bir-devrin-sonu-67-yillik-vergi-rekortmeni-19164171_3171_m-300x169.png 300w\" sizes=\"auto, (max-width: 640px) 100vw, 640px\" \/><\/figure>\n\n\n\n<h3 class=\"wp-block-heading\">VERG\u0130 REKORTMENLER\u0130 ARASINDA YER ALIYORDU<\/h3>\n\n\n\n<p>Uzun s\u00fcre Gemlik&#8217;in vergi rekortmenleri aras\u0131nda yer alan Karata\u015f Grup, Bursa Ticaret ve Sanayi Odas\u0131 taraf\u0131ndan d\u00fczenlenen &#8220;Ekonomiye De\u011fer Katanlar&#8221; program\u0131nda da ad\u0131ndan s\u00f6z ettirmi\u015fti. 2018\u20132022 y\u0131llar\u0131 aras\u0131nda be\u015f y\u0131l \u00fcst \u00fcste &#8220;\u00c7evre Sekt\u00f6r Lideri&#8221; \u00f6d\u00fcl\u00fcne lay\u0131k g\u00f6r\u00fclm\u00fc\u015ft\u00fc.<\/p>\n\n\n\n<p><\/p>\n","protected":false},"excerpt":{"rendered":"<p>Uzun s\u00fcre Gemlik&#8217;in vergi rekortmenleri aras\u0131nda yer alan Karata\u015f Grup&#8217;un b\u00fcnyesindeki baz\u0131 \u015firketler, mahkeme karar\u0131yla iflas etti. 67 senelik \u015firket ya\u015fad\u0131\u011f\u0131 finansal sorunlar\u0131n \u00fcstesinden gelmeyi ba\u015faramazken konkordato s\u00fcrecinden olumlu sonu\u00e7 alamayan \u015firketler i\u00e7in iflas karar\u0131 kesinle\u015fti. Bursa 1. Asliye Ticaret Mahkemesi, Karata\u015f Grup&#8217;a ba\u011fl\u0131 6 \u015firketin konkordato taleplerini de\u011ferlendirdi\u011fi davada kritik bir karara imza att\u0131. [&hellip;]<\/p>\n","protected":false},"author":1,"featured_media":5669,"comment_status":"open","ping_status":"open","sticky":false,"template":"","format":"standard","meta":{"footnotes":""},"categories":[7],"tags":[566,576,1317,1802,307],"class_list":["post-5666","post","type-post","status-publish","format-standard","has-post-thumbnail","hentry","category-ekonomi","tag-ekonomi","tag-finans","tag-is-dunyasi","tag-karatas","tag-mahkeme"],"_links":{"self":[{"href":"https:\/\/www.trabzonmanset.com\/index.php\/wp-json\/wp\/v2\/posts\/5666","targetHints":{"allow":["GET"]}}],"collection":[{"href":"https:\/\/www.trabzonmanset.com\/index.php\/wp-json\/wp\/v2\/posts"}],"about":[{"href":"https:\/\/www.trabzonmanset.com\/index.php\/wp-json\/wp\/v2\/types\/post"}],"author":[{"embeddable":true,"href":"https:\/\/www.trabzonmanset.com\/index.php\/wp-json\/wp\/v2\/users\/1"}],"replies":[{"embeddable":true,"href":"https:\/\/www.trabzonmanset.com\/index.php\/wp-json\/wp\/v2\/comments?post=5666"}],"version-history":[{"count":1,"href":"https:\/\/www.trabzonmanset.com\/index.php\/wp-json\/wp\/v2\/posts\/5666\/revisions"}],"predecessor-version":[{"id":5670,"href":"https:\/\/www.trabzonmanset.com\/index.php\/wp-json\/wp\/v2\/posts\/5666\/revisions\/5670"}],"wp:featuredmedia":[{"embeddable":true,"href":"https:\/\/www.trabzonmanset.com\/index.php\/wp-json\/wp\/v2\/media\/5669"}],"wp:attachment":[{"href":"https:\/\/www.trabzonmanset.com\/index.php\/wp-json\/wp\/v2\/media?parent=5666"}],"wp:term":[{"taxonomy":"category","embeddable":true,"href":"https:\/\/www.trabzonmanset.com\/index.php\/wp-json\/wp\/v2\/categories?post=5666"},{"taxonomy":"post_tag","embeddable":true,"href":"https:\/\/www.trabzonmanset.com\/index.php\/wp-json\/wp\/v2\/tags?post=5666"}],"curies":[{"name":"wp","href":"https:\/\/api.w.org\/{rel}","templated":true}]}}